{"id":7749,"date":"2022-12-15T20:49:41","date_gmt":"2022-12-15T23:49:41","guid":{"rendered":"https:\/\/vimagazine.com.br\/?p=7749"},"modified":"2022-12-15T20:49:47","modified_gmt":"2022-12-15T23:49:47","slug":"mariana-di-giacomo-integra-elenco-de-escolinhazinha-do-professor-raimundo-dirigido-por-cininha-de-paula","status":"publish","type":"post","link":"https:\/\/vimagazine.com.br\/?p=7749","title":{"rendered":"Mariana Di Giacomo integra elenco de \u201cEscolinhaZinha do Professor Raimundo\u201d dirigido por Cininha de Paula"},"content":{"rendered":"\n<p><em>A com\u00e9dia musical \u201cEscolinhaZinha do Professor Raimundo\u201d \u00e9 uma homenagem aos 10 anos de falecimento do mestre do humor Chico Anysio e chega aos palcos do Teatro Nair Bello, em S\u00e3o Paulo, para \u00fanicas apresenta\u00e7\u00f5es nos dias 10 e 11 de dezembro.<\/em><\/p>\n\n\n\n<p>No musical Mariana dar\u00e1 vida a Marina da Gl\u00f3ria, conhecida pelo bord\u00e3o \u201cChamou, chamou\u201d, interpretada na TV pelas atrizes T\u00e1ssia Camargo e recentemente por Fernanda de Freitas.<\/p>\n\n\n\n<p>\u201cEscolinhaZinha\u201d \u00e9 um projeto desenvolvido em parceria Allegresse Produ\u00e7\u00f5es Brazil e CN Artes, e conta com a dire\u00e7\u00e3o de Cininha de Paula, sobrinha de Chico Anysio e diretora do programa Escolinha do Professor Raimundo, da TV Globo, e Charles Daves tamb\u00e9m ator e diretor, al\u00e9m da participa\u00e7\u00e3o especial do ator, comediante e dublador Nizo Neto, filho de Chico Anysio, que interpretar\u00e1 o Professor Raimundo.<\/p>\n\n\n\n<p>Mariana Di Giacomo \u00e9 atriz, cantora e dubladora. Estuda piano, canto, jazz, ballet, sapateado e teatro. Atuou em pe\u00e7as das escolas Macuna\u00edma, CN Artes e Paula Castro como Mary Poppins, Matilda, Lisbela e o Prisioneiro, A Bruxinha que era Boa, A Revolta dos Brinquedos, Broadway em Revista Quarentenados. Fez as webs\u00e9ries Ponto Fraco e Livro da Vida e os musicais A Megera Domada, Marias do Brasil e Achados e Perdidos. Em 2020 entrou para o projeto Musicanto Kids e faz parte do projeto Artistinhas Solid\u00e1rios. Integra&nbsp;o grupo musical \u201cColors Teens\u201d e participou como a Rep\u00f3rter Louca no especial \u201cA Pracinha\u201d do SBT.<\/p>\n\n\n\n<p><strong>Ficha T\u00e9cnica:<\/strong><\/p>\n\n\n\n<p>Produ\u00e7\u00e3o: CN Artes e Allegresse Produ\u00e7\u00f5es Brazil<\/p>\n\n\n\n<p>Dire\u00e7\u00e3o: Cininha de Paula e Charles Davis<\/p>\n\n\n\n<p>Dire\u00e7\u00e3o Musical: Paulo Nogueira<\/p>\n\n\n\n<p>Coreografia: Cinzia Alvarez<\/p>\n\n\n\n<p>Figurinos: Jana Melazo<\/p>\n\n\n\n<p>Elenco:<\/p>\n\n\n\n<p>Professor Raimundo: Nizo Neto<\/p>\n\n\n\n<p>Cacilda: Clarah Passos e Estelinha Erlichman<\/p>\n\n\n\n<p>Dona Bela: Paola Rabetti e Sophia Marie<\/p>\n\n\n\n<p>Marina Da Gloria: Mariana Di Giacomo e Sophie Ten\u00f3rio<\/p>\n\n\n\n<p>Capitu: Mirella Rocha e Fernanda Matias<\/p>\n\n\n\n<p>Catifunda: Flora Bongianni e Yasmin Soares<\/p>\n\n\n\n<p>Flora Propolis: Victoria Wowk e Bia Brumatti<\/p>\n\n\n\n<p>Tati: Sofia Budke e Isa Ricci<\/p>\n\n\n\n<p>Dona Escol\u00e1stica: Ana Sophia Sato e Maf\u00ea Diniz<\/p>\n\n\n\n<p>Dona Mandala: Maria Rosa Amaral e Giovana Maciel<\/p>\n\n\n\n<p>Candida: Natalia Calanca e Victoria Feldman<\/p>\n\n\n\n<p>Manuela Dalem Mar: Manuela Richter e Antonia Assad<\/p>\n\n\n\n<p>Dona Dalagos Alves: Aurora Jockman e Lorena Nieto<\/p>\n\n\n\n<p>Leandra Borges: Victoria Fraiha&nbsp; e Beatrice Rocha<\/p>\n\n\n\n<p>Pitolomeu: Theo Arantes e Vittorio Taguti<\/p>\n\n\n\n<p>Jocelino Barbacena: Pietra Piffer<\/p>\n\n\n\n<p>Seu Boneco: Miguel Lallo e Kaua Soares<\/p>\n\n\n\n<p>Rolando Lero: Sam Sabb\u00e1 e Th\u00e9o Barreto<\/p>\n\n\n\n<p>Seu Peru: Anthony Caio e Fabrizio Miranda<\/p>\n\n\n\n<p>Batista: Lorenzo Tarantelli e Alice Di Giulio<\/p>\n\n\n\n<p>Eustaquio: Lucas Oliveira Carvalho e JP Amaral<\/p>\n\n\n\n<p>Joana Canabrava: Maf\u00ea Mossini e Rafa Calazans<\/p>\n\n\n\n<p>Galeao Cumbica: Ana Beatriz Teixeira e Mari Rezende<\/p>\n\n\n\n<p>Atanagilda: Valentina Monteiro Alves e Leticia Aiub<\/p>\n\n\n\n<p>Aldemar Vigario: Marcus Vinicius de Carvalho e Sam Sabb\u00e1<\/p>\n\n\n\n<p>Suppapou Uaci: Ana Luiza Rosa e Malu Monteiro<\/p>\n\n\n\n<p>Armando Volta: Ernesto Profase e Lucca Fraga Petreca<\/p>\n\n\n\n<p>Balthazar da Rocha: Pedro Paniquar e Pedro Paniquar<\/p>\n\n\n\n<p>Sarah: Clara Callado<\/p>\n\n\n\n<p>Talia: Sofia Presser e Thaviny Nicolini<\/p>\n\n\n\n<p><strong>Servi\u00e7o:<\/strong><\/p>\n\n\n\n<p><em>\u201cEscolinhaZinha do Professor Raimundo\u201d<\/em><\/p>\n\n\n\n<p>Apresenta\u00e7\u00f5es nos dias 10 e 11 de dezembro, \u00e0s&nbsp;11h e 15h<\/p>\n\n\n\n<p>Teatro Nair Bello &#8211; Rua Frei Caneca, 569 &#8211; 3\u00ba Piso, Shopping Frei Caneca, S\u00e3o Paulo &#8211; S\u00e3o Paulo<\/p>\n\n\n\n<p>Ingressos entre R$ 60,00 e R$ 130,00<\/p>\n\n\n\n<p>Vendas:&nbsp;<a href=\"https:\/\/bileto.sympla.com.br\/event\/77978\" target=\"_blank\" rel=\"noreferrer noopener\">https:\/\/bileto.sympla.com.br\/event\/77978<\/a><\/p>\n\n\n\n<p>Classifica\u00e7\u00e3o et\u00e1ria: Livre<\/p>\n\n\n\n<p>Dura\u00e7\u00e3o: 60 minutos<\/p>\n\n\n\n<p>May Calixto | Unic\u00f3rnio Assessoria e M\u00eddia<\/p>\n\n\n\n<p>Contato:&nbsp;<a href=\"mailto:unicornioassessoria@gmail.com\" target=\"_blank\" rel=\"noreferrer noopener\">unicornioassessoria@gmail.com<\/a><\/p>\n","protected":false},"excerpt":{"rendered":"<p>A com\u00e9dia musical \u201cEscolinhaZinha do Professor Raimundo\u201d \u00e9 uma homenagem aos 10 anos de falecimento&#8230;<\/p>\n","protected":false},"author":3,"featured_media":7750,"comment_status":"closed","ping_status":"open","sticky":false,"template":"","format":"standard","meta":{"om_disable_all_campaigns":false,"_monsterinsights_skip_tracking":false,"_monsterinsights_sitenote_active":false,"_monsterinsights_sitenote_note":"","_monsterinsights_sitenote_category":0,"spay_email":""},"categories":[1],"tags":[],"jetpack_featured_media_url":"https:\/\/vimagazine.com.br\/wp-content\/uploads\/2022\/12\/mariana-2-e1671148097795.jpeg","_links":{"self":[{"href":"https:\/\/vimagazine.com.br\/index.php?rest_route=\/wp\/v2\/posts\/7749"}],"collection":[{"href":"https:\/\/vimagazine.com.br\/index.php?rest_route=\/wp\/v2\/posts"}],"about":[{"href":"https:\/\/vimagazine.com.br\/index.php?rest_route=\/wp\/v2\/types\/post"}],"author":[{"embeddable":true,"href":"https:\/\/vimagazine.com.br\/index.php?rest_route=\/wp\/v2\/users\/3"}],"replies":[{"embeddable":true,"href":"https:\/\/vimagazine.com.br\/index.php?rest_route=%2Fwp%2Fv2%2Fcomments&post=7749"}],"version-history":[{"count":1,"href":"https:\/\/vimagazine.com.br\/index.php?rest_route=\/wp\/v2\/posts\/7749\/revisions"}],"predecessor-version":[{"id":7751,"href":"https:\/\/vimagazine.com.br\/index.php?rest_route=\/wp\/v2\/posts\/7749\/revisions\/7751"}],"wp:featuredmedia":[{"embeddable":true,"href":"https:\/\/vimagazine.com.br\/index.php?rest_route=\/wp\/v2\/media\/7750"}],"wp:attachment":[{"href":"https:\/\/vimagazine.com.br\/index.php?rest_route=%2Fwp%2Fv2%2Fmedia&parent=7749"}],"wp:term":[{"taxonomy":"category","embeddable":true,"href":"https:\/\/vimagazine.com.br\/index.php?rest_route=%2Fwp%2Fv2%2Fcategories&post=7749"},{"taxonomy":"post_tag","embeddable":true,"href":"https:\/\/vimagazine.com.br\/index.php?rest_route=%2Fwp%2Fv2%2Ftags&post=7749"}],"curies":[{"name":"wp","href":"https:\/\/api.w.org\/{rel}","templated":true}]}}