{"id":7752,"date":"2022-12-15T21:16:34","date_gmt":"2022-12-16T00:16:34","guid":{"rendered":"https:\/\/vimagazine.com.br\/?p=7752"},"modified":"2022-12-15T21:17:19","modified_gmt":"2022-12-16T00:17:19","slug":"melinda-garcia-abre-exposicao-e-lanca-livro-homonimo-la-chair-de-lunivers-trazendo-a-diversidade-da-consciencia-atraves-da-arte-com-curadoria-da-tartaglia-arte","status":"publish","type":"post","link":"https:\/\/vimagazine.com.br\/?p=7752","title":{"rendered":"Melinda Garcia abre exposi\u00e7\u00e3o e lan\u00e7a livro hom\u00f4nimo, &#8220;La Chair de l&#8217;Univers&#8221;, trazendo a diversidade da consci\u00eancia atrav\u00e9s da arte,\u00a0 com curadoria da Tartaglia Arte"},"content":{"rendered":"\n<p>A mostra exp\u00f5e a inquieta\u00e7\u00e3o criativa da artista, onde a arte \u00e9 viva e est\u00e1 sempre em movimento, no Espa\u00e7o Cultural Correios Niter\u00f3i, RJ.<\/p>\n\n\n\n<p>Melinda Garcia apresenta a exposi\u00e7\u00e3o &#8220;La Chair de L&#8217;Univers&#8221;, com curadoria da Tartaglia Arte, dando continuidade \u00e0 mensagem impressa em sua \u00faltima mostra, &#8216;Imortal: Arte, Alma e Futuro&#8217;, trazendo obras que transmitem sua inquieta\u00e7\u00e3o criativa, onde a arte \u00e9 viva, se movimenta e est\u00e1 sempre se recriando, se comunicando com o artista e os observadores. &#8220;La Chair de l&#8217;Univers&#8221;&nbsp; \u00e9 a rede que une as for\u00e7as fundamentais do Universo e, finalmente, reconcilia a Ci\u00eancia com a Religi\u00e3o.<\/p>\n\n\n\n<p>A mostra tem t\u00edtulo hom\u00f4nimo \u00e0 vers\u00e3o em franc\u00eas de &#8216;La Chair de l&#8217;Univers&#8217;, a ser lan\u00e7ada esse m\u00eas, em vers\u00e3o digital, de seu livro &#8216;Holomovimento: Espelho D&#8217;Alma&#8217;, onde a import\u00e2ncia da din\u00e2mica org\u00e2nica do Holomovimento (conceito do f\u00edsico David Bohm) recai sobre as teorias similares de T. de Chardin &#8211; &#8220;a vida n\u00e3o trabalha seguindo um fio isolado, ela empurra para diante toda sua trama ao mesmo tempo\u201d.<\/p>\n\n\n\n<p>&#8220;Com Melinda uma nova gera\u00e7\u00e3o do criador aparece: aquele que abre a vis\u00e3o do real, que conjuga o olhar e o esp\u00edrito, a beleza e a for\u00e7a, a harmonia e a consci\u00eancia. \u00c9 uma arte que integra e une. Nela reside uma linguagem nova e fascinante que leva a ver o universo e a si mesmo com novos olhos&#8221;. (Random, Fran\u00e7a)<\/p>\n\n\n\n<p>A mostra pode ser viistada&nbsp; no Espa\u00e7o Cultural Correios Niter\u00f3i, RJ, at\u00e9 o dia 14 de janeiro de 2023.<\/p>\n\n\n\n<p><strong>La Chair de L\u2019Univers por Melinda Garcia<\/strong><br>Estamos admirados com a grande diversidade na qual a consci\u00eancia pode ser hoje examinada, objeto desta exposi\u00e7\u00e3o La Chair de L\u2019Univers, cujo cunho \u00e9 cient\u00edfico.<\/p>\n\n\n\n<p>Eu volto ao ano de 2001 quando publiquei o meu primeiro livro Espelho d\u2019Alma, trazendo os conceitos da f\u00edsica moderna para os elementos subjetivos da intelig\u00eancia. Nele analiso diferentes estados do ser e da consci\u00eancia indo ao n\u00edvel da ilumina\u00e7\u00e3o atrav\u00e9s da observa\u00e7\u00e3o de obras ilustres de g\u00eanios da pintura contempor\u00e2nea, com coment\u00e1rios multidisciplinares de teorias de cientistas e intelectuais da cultura moderna. O livro na vers\u00e3o francesa leva o t\u00edtulo desta exposi\u00e7\u00e3o La Chair de L\u2019Univers.<\/p>\n\n\n\n<p>Sim, atrav\u00e9s da arte eu constru\u00ed o que at\u00e9 hoje os f\u00edsicos n\u00e3o acertaram, uma teoria qu\u00e2ntica gravitacional da psique: a que a mente opera; sim, \u00e9 preciso que haja uma intelig\u00eancia, um corpo; isto \u00e9, uma esfera em que reproduzimos os mesmo processos do Universo.<\/p>\n\n\n\n<p>Como o subconsciente nos afeta a ir at\u00e9 ao estado de ilumina\u00e7\u00e3o transcendente! No senso interior de autoconsci\u00eancia e auto consist\u00eancia est\u00e1 a filosofia do c\u00e9rebro. Temos uma nova teoria do sono e do sonho, onde a psique ou alma, pela n\u00e3o dualidade, tece a pr\u00f3pria ilumina\u00e7\u00e3o. &nbsp;<\/p>\n\n\n\n<p>Dentre v\u00e1rios outros exemplos de entrela\u00e7amento qu\u00e2ntico comprovados no livro em quest\u00e3o, o mais famoso modelo de spooky action \u00e0 dist\u00e2ncia \u00e9 o da Transfigura\u00e7\u00e3o. Sim, neste evento Jesus, ap\u00f3s se transfigurar em luz, colapsar em f\u00f3tons, aparece visto simultaneamente no presente, em tempo real e dialogando com os antepassados, quebrando assim as barreiras do tempo! Devemos antes lembrar que ele andou sobre o mar, gravitar faz parte desta teoria. Foi ele o \u00fanico que deu prova da sua Luz, pois os outros exemplos s\u00e3o apenas singularidades nuas.<\/p>\n\n\n\n<figure class=\"wp-block-image size-large\"><img width=\"518\" height=\"1024\" src=\"https:\/\/vimagazine.com.br\/wp-content\/uploads\/2022\/12\/WhatsApp-Image-2022-11-03-at-17.00.56-518x1024.jpeg\" alt=\"\" class=\"wp-image-7754\" srcset=\"https:\/\/vimagazine.com.br\/wp-content\/uploads\/2022\/12\/WhatsApp-Image-2022-11-03-at-17.00.56-518x1024.jpeg 518w, https:\/\/vimagazine.com.br\/wp-content\/uploads\/2022\/12\/WhatsApp-Image-2022-11-03-at-17.00.56-152x300.jpeg 152w, https:\/\/vimagazine.com.br\/wp-content\/uploads\/2022\/12\/WhatsApp-Image-2022-11-03-at-17.00.56-768x1519.jpeg 768w, https:\/\/vimagazine.com.br\/wp-content\/uploads\/2022\/12\/WhatsApp-Image-2022-11-03-at-17.00.56-777x1536.jpeg 777w, https:\/\/vimagazine.com.br\/wp-content\/uploads\/2022\/12\/WhatsApp-Image-2022-11-03-at-17.00.56.jpeg 809w\" sizes=\"(max-width: 518px) 100vw, 518px\" \/><\/figure>\n\n\n\n<p>A metaf\u00edsica avan\u00e7a pela experi\u00eancia de viver e ser a gravita\u00e7\u00e3o qu\u00e2ntica, ter a vis\u00e3o do real para o qual \u00e9 preciso elevar o n\u00edvel da consci\u00eancia, o que nos aproxima de Deus quem criou este aparato mental perfeito que nos torna mat\u00e9ria e carne infinita do Universo Infinito. &nbsp;<\/p>\n\n\n\n<p>7\/11\/2022<\/p>\n\n\n\n<p>Melinda Garcia<\/p>\n\n\n\n<p><strong>Sobre a artista<\/strong>Escultora, pintora e escritora, ingressou no universo da arte aos 7 anos, com aulas na Escolinha de Arte da UFRJ. Aos 16 anos, frequentou aulas de desenho &nbsp;no Parque Lage e, em seguida, passou a dedicar-se \u00e0s &nbsp;esculturas &nbsp;com afinco . Convidada a levar suas esculturas \u00e0 Construtora Gomes de Almeida Fernandes, foi quando come\u00e7ou &nbsp;sua carreira profissional, produzindo mais de 50 obras de grande porte para jardins, halls e espa\u00e7os p\u00fablicos no Rio de Janeiro, S\u00e3o Paulo e Minas Gerais, &nbsp;como &nbsp;a obra &#8220;Velocidade , Alma e Emo\u00e7\u00e3o&#8221;, com 5 metros, em bronze, instalada no Parque Ibirapuera.&nbsp; Al\u00e9m de produzir para cole\u00e7\u00f5es particulares, &nbsp;como &#8220;Flamingos&#8221; , em &nbsp;bronze, com &nbsp;3 metros, na Casa Roberto Marinho.Na busca de identidade pr\u00f3pria, trafegou por quatro diferentes fases, sendo a \u00faltima a org\u00e2nica , visceral; movimento que fundou e lan\u00e7ou no I Congresso Hol\u00edstico Internacional, &nbsp;em Bras\u00edlia, 1987, &nbsp;e em exposi\u00e7\u00e3o, em 1988, na Galeria&nbsp;<\/p>\n\n\n\n<p>Aktuel,\u00a0RJ. Em 2017, foi \u00a0premiada na Bienal &#8211; ARTE FLORENCE BIENNALE. \u00c9 palestrante e autora do livro &#8220;Holomovimento: Espelho d\u2019Alma&#8221; \u00a0e \u00a0&#8220;The Unified Theory&#8221;, \u00a0uma abordagem multi e transdisciplinar . Recentemente, exp\u00f4s no Centro Cultural Correios RJ, com \u00a0uma individual do tema \u00a0&#8220;Imortal: Arte , Alma e Futuro&#8221;.Instagram:\u00a0@melinda_garcia_escultora<\/p>\n\n\n\n<figure class=\"wp-block-image size-large\"><img width=\"684\" height=\"1024\" src=\"https:\/\/vimagazine.com.br\/wp-content\/uploads\/2022\/12\/MWS_9085-684x1024.jpg\" alt=\"\" class=\"wp-image-7755\" srcset=\"https:\/\/vimagazine.com.br\/wp-content\/uploads\/2022\/12\/MWS_9085-684x1024.jpg 684w, https:\/\/vimagazine.com.br\/wp-content\/uploads\/2022\/12\/MWS_9085-200x300.jpg 200w, https:\/\/vimagazine.com.br\/wp-content\/uploads\/2022\/12\/MWS_9085-768x1150.jpg 768w, https:\/\/vimagazine.com.br\/wp-content\/uploads\/2022\/12\/MWS_9085-1026x1536.jpg 1026w, https:\/\/vimagazine.com.br\/wp-content\/uploads\/2022\/12\/MWS_9085-1024x1534.jpg 1024w, https:\/\/vimagazine.com.br\/wp-content\/uploads\/2022\/12\/MWS_9085.jpg 1282w\" sizes=\"(max-width: 684px) 100vw, 684px\" \/><\/figure>\n\n\n\n<p><strong>Sobre a Tartaglia Arte<\/strong><\/p>\n\n\n\n<p>A Tartaglia Arte foi fundada em 1950 como um est\u00fadio de pintura pelo artista Piero Tartaglia, ent\u00e3o conhecido como Piery. Ap\u00f3s alguns anos, criou um ponto de refer\u00eancia e encontro cultural com outros artistas e jovens talentos onde, sob a orienta\u00e7\u00e3o do Mestre, desenvolveram seu estilo pessoal. A paix\u00e3o avassaladora de Tartaglia &nbsp;pela express\u00e3o pict\u00f3rica com explos\u00f5es de cor pura e contrastes violentos que tornam a tela viva, deu vida \u00e0 Escola do Disgregacionismo.&nbsp; Posteriormente fundou as Galerias, para exposi\u00e7\u00e3o permanente de seus trabalhos e os de seus alunos, e que hoje s\u00e3o dirigidas pelo filho Riccardo.<\/p>\n\n\n\n<p>O amor pela arte e uma vis\u00e3o cultural ampla s\u00e3o as peculiaridades deste grande artista, e representam sua heran\u00e7a moral e espiritual. Heran\u00e7a que continua sendo representada por Riccardo Tartaglia, que trabalha com a mesma seriedade e tenacidade na propaga\u00e7\u00e3o da arte, atrav\u00e9s de exposi\u00e7\u00f5es e eventos internacionais. Mas tudo com a assinatura de Riccardo Tartaglia e Regina Nobrez (Membro da Academia de Belas Artes do Rio de Janeiro e Embaixatriz Cultural com Honoris Causa, pela Assembleia Legislativa de Santa Catarina &#8211; Honra da Arte de Florian\u00f3polis), o que confere um atestado de credibilidade e sensibilidade criativa.<br>Site:&nbsp;<a href=\"http:\/\/tartagliaarte.org\/\" target=\"_blank\" rel=\"noreferrer noopener\">tartagliaarte.org<\/a>Instagram:&nbsp;@riccardotartaglia&nbsp;@reginanobreztartaglia&nbsp;@tartagliaarte<\/p>\n\n\n\n<p><strong>SERVI\u00c7O<\/strong><\/p>\n\n\n\n<p>Exposi\u00e7\u00e3o: La Chair de l&#8217;UniversArtista: Melinda&nbsp;Garcia<\/p>\n\n\n\n<p>Curadoria: Riccardo&nbsp;Tartaglia e Regina NobrezInstagram:&nbsp;@riccardotartaglia&nbsp;@reginanobreztartaglia&nbsp;@tartagliaarte<\/p>\n\n\n\n<p>Abertura: 26 de novembro de 2022&nbsp;das 13h \u00e0s 18h<\/p>\n\n\n\n<p>Visita\u00e7\u00e3o: 28 de novembro de 2022 a 14 de janeiro de 2023&nbsp;&nbsp;<\/p>\n\n\n\n<p>Local: Espa\u00e7o Cultural Correios Niter\u00f3i<\/p>\n\n\n\n<p>Av. Visconde de Rio Branco, 481 \u2013 Centro \u2013 Niter\u00f3i\/RJ&nbsp;<\/p>\n\n\n\n<p>Tel: (21) 2503-8550&nbsp;<\/p>\n\n\n\n<p>De segunda a sexta, das 11h \u00e0s 18h e s\u00e1bado,&nbsp; das 13h \u00e0s 17h&nbsp;<\/p>\n\n\n\n<p>Entrada: gratuita<\/p>\n\n\n\n<p>Classifica\u00e7\u00e3o: livre<\/p>\n\n\n\n<p>Assessoria de imprensa: Paula Ramagem&nbsp;<a><\/a>@_paula_r_soares<\/p>\n\n\n\n<p>Apoio: Consolato&nbsp;Onorario Italiano &#8211; Florian\u00f3polis\/SC &#8211; CIB\/SC &#8211; Espa\u00e7o Cultural Correios<br>Acesso: Barcas (esta\u00e7\u00e3o Ararib\u00f3ia), UBER, t\u00e1xi, \u00f4nibus. Do Rio, metr\u00f4 ou \u00f4nibus at\u00e9 a esta\u00e7\u00e3o Carioca, caminhar at\u00e9 a Esta\u00e7\u00e3o das Barcas na Pra\u00e7a XV.<\/p>\n\n\n\n<p>O local possui acessibilidade.<\/p>\n\n\n\n<p>Evento gratuito.<\/p>\n\n\n\n<p>Censura livre.<\/p>\n\n\n\n<p>Assessoria de Imprensa:<\/p>\n\n\n\n<p>Paula Ramagem<\/p>\n","protected":false},"excerpt":{"rendered":"<p>A mostra exp\u00f5e a inquieta\u00e7\u00e3o criativa da artista, onde a arte \u00e9 viva e est\u00e1&#8230;<\/p>\n","protected":false},"author":3,"featured_media":7753,"comment_status":"closed","ping_status":"open","sticky":false,"template":"","format":"standard","meta":{"om_disable_all_campaigns":false,"_monsterinsights_skip_tracking":false,"_monsterinsights_sitenote_active":false,"_monsterinsights_sitenote_note":"","_monsterinsights_sitenote_category":0,"spay_email":""},"categories":[1],"tags":[],"jetpack_featured_media_url":"https:\/\/vimagazine.com.br\/wp-content\/uploads\/2022\/12\/313979815_8220018384739429_284716061193070437_n-e1671149613516.jpg","_links":{"self":[{"href":"https:\/\/vimagazine.com.br\/index.php?rest_route=\/wp\/v2\/posts\/7752"}],"collection":[{"href":"https:\/\/vimagazine.com.br\/index.php?rest_route=\/wp\/v2\/posts"}],"about":[{"href":"https:\/\/vimagazine.com.br\/index.php?rest_route=\/wp\/v2\/types\/post"}],"author":[{"embeddable":true,"href":"https:\/\/vimagazine.com.br\/index.php?rest_route=\/wp\/v2\/users\/3"}],"replies":[{"embeddable":true,"href":"https:\/\/vimagazine.com.br\/index.php?rest_route=%2Fwp%2Fv2%2Fcomments&post=7752"}],"version-history":[{"count":1,"href":"https:\/\/vimagazine.com.br\/index.php?rest_route=\/wp\/v2\/posts\/7752\/revisions"}],"predecessor-version":[{"id":7756,"href":"https:\/\/vimagazine.com.br\/index.php?rest_route=\/wp\/v2\/posts\/7752\/revisions\/7756"}],"wp:featuredmedia":[{"embeddable":true,"href":"https:\/\/vimagazine.com.br\/index.php?rest_route=\/wp\/v2\/media\/7753"}],"wp:attachment":[{"href":"https:\/\/vimagazine.com.br\/index.php?rest_route=%2Fwp%2Fv2%2Fmedia&parent=7752"}],"wp:term":[{"taxonomy":"category","embeddable":true,"href":"https:\/\/vimagazine.com.br\/index.php?rest_route=%2Fwp%2Fv2%2Fcategories&post=7752"},{"taxonomy":"post_tag","embeddable":true,"href":"https:\/\/vimagazine.com.br\/index.php?rest_route=%2Fwp%2Fv2%2Ftags&post=7752"}],"curies":[{"name":"wp","href":"https:\/\/api.w.org\/{rel}","templated":true}]}}