{"id":7757,"date":"2022-12-15T21:24:17","date_gmt":"2022-12-16T00:24:17","guid":{"rendered":"https:\/\/vimagazine.com.br\/?p=7757"},"modified":"2022-12-15T21:24:19","modified_gmt":"2022-12-16T00:24:19","slug":"arvores-dos-sonhos-traz-solidariedade-ao-garten-shopping","status":"publish","type":"post","link":"https:\/\/vimagazine.com.br\/?p=7757","title":{"rendered":"\u00c1rvores dos Sonhos traz solidariedade ao Garten Shopping"},"content":{"rendered":"\n<p>O sucesso da campanha da \u00c1rvore dos Sonhos, do Garten Shopping, est\u00e1 de volta e ganhou mais uma vers\u00e3o. Neste ano, est\u00e3o dispon\u00edveis duas \u00e1rvores: a primeira traz aos clientes a oportunidade de fazer doa\u00e7\u00f5es de roupas e cal\u00e7ados para as pessoas atendidas pela Casa do Adalto &#8211; associa\u00e7\u00e3o de apoio a crian\u00e7as e adolescentes em tratamento de c\u00e2ncer. A \u00e1rvore est\u00e1 localizada ao lado do Concierge e ao escolher uma tag com o nome e as informa\u00e7\u00f5es da crian\u00e7a, o cliente pode deixar as doa\u00e7\u00f5es no Concierge do Shopping.&nbsp;<\/p>\n\n\n\n<p>A segunda \u00e1rvore \u00e9 uma parceria com as Livrarias Curitiba, onde os clientes poder\u00e3o doar livros para os adolescentes do Projeto Resgate. As pessoas interessadas em apoiar a causa devem escolher um cart\u00e3o da \u00e1rvore que indica o livro e o beneficiado. Com o cart\u00e3o em m\u00e3os \u00e9 poss\u00edvel comprar os exemplares com desconto de 15% nas Livrarias Curitiba, que far\u00e1 a entrega dos livros aos beneficiados.&nbsp;&nbsp;&nbsp;<\/p>\n\n\n\n<p>Segundo o gerente de marketing do Garten Shopping, Ari Vieira J\u00fanior, a campanha cria a oportunidade para o p\u00fablico exercer a solidariedade e trazer \u00e0 tona o verdadeiro significado do Natal. \u201c\u00c9 uma \u00e9poca m\u00e1gica que inspira a caridade, por isso \u00e9 t\u00e3o importante para o Garten poder promover essa campanha solid\u00e1ria e trazer alegria aos beneficiados\u201d. Ambas as \u00e1rvores seguem montadas at\u00e9 o dia 20 de dezembro.&nbsp;<\/p>\n\n\n\n<p><strong>A magia do Natal no Garten<\/strong><\/p>\n\n\n\n<p>Na programa\u00e7\u00e3o de Natal do Garten Shopping, durante o m\u00eas de dezembro, acontecem ainda as Paradas de Natal, toda quarta-feira. S\u00e3o desfiles natalinos com personagens e bandas tocando m\u00fasicas cl\u00e1ssicas dessa \u00e9poca. No dia 20 de dezembro ocorre o musical de Natal na pra\u00e7a de alimenta\u00e7\u00e3o e na sequ\u00eancia a \u00faltima Parada nos corredores do mall.&nbsp; Na pra\u00e7a de eventos, o Papai Noel est\u00e1, diariamente, aguardando as crian\u00e7as para fazerem seus pedidos e tirar fotos com o bom velhinho. E na decora\u00e7\u00e3o h\u00e1 minis carros que fazem passeios pelo jardim encantado para que os pequenos possam admirar a decora\u00e7\u00e3o natalina mais de perto.<\/p>\n\n\n\n<p><strong><em>Hor\u00e1rios Papai Noel:&nbsp;<\/em><\/strong><\/p>\n\n\n\n<p><strong>Segunda a sexta: <\/strong>15 \u00e0s 21h30 (intervalo das 18h \u00e0s 19h);&nbsp;&nbsp;<\/p>\n\n\n\n<p><strong>S\u00e1bados:<\/strong> 14 \u00e0s 22h (intervalo das 17h \u00e0s 18h);<\/p>\n\n\n\n<p><strong>Domingos<\/strong>: 14h \u00e0s 20h (intervalo das 17h \u00e0s 18h);<\/p>\n\n\n\n<p><strong>Dia&nbsp; 24\/12 (V\u00e9spera de Natal):<\/strong> 10h \u00e0s 16h (intervalo das 13h \u00e0s 13h30).<\/p>\n\n\n\n<p><strong><em>Hor\u00e1rios dos mini carros dentro da decora\u00e7\u00e3o:&nbsp;<\/em><\/strong><\/p>\n\n\n\n<p><strong>Segunda a s\u00e1bado:<\/strong> 10h \u00e0s 22h;<\/p>\n\n\n\n<p><strong>Domingos: <\/strong>&nbsp;14h \u00e0s 20h;<\/p>\n\n\n\n<p><strong>Dia 24\/12 (V\u00e9spera de Natal):<\/strong> 10h \u00e0s 16h<\/p>\n\n\n\n<p><strong>*Ingressos a cinco reais adquiridos na hora.<\/strong><\/p>\n\n\n\n<p><strong>Lilian Philippi<\/strong><\/p>\n\n\n\n<p>Analista de Comunica\u00e7\u00e3o<\/p>\n\n\n\n<p>Primeira Via Comunica\u00e7\u00e3o<\/p>\n\n\n\n<figure class=\"wp-block-image size-large\"><img width=\"576\" height=\"1024\" src=\"https:\/\/vimagazine.com.br\/wp-content\/uploads\/2022\/12\/Arvore-dos-Sonhos-Garten-576x1024.jpeg\" alt=\"\" class=\"wp-image-7759\" srcset=\"https:\/\/vimagazine.com.br\/wp-content\/uploads\/2022\/12\/Arvore-dos-Sonhos-Garten-576x1024.jpeg 576w, https:\/\/vimagazine.com.br\/wp-content\/uploads\/2022\/12\/Arvore-dos-Sonhos-Garten-169x300.jpeg 169w, https:\/\/vimagazine.com.br\/wp-content\/uploads\/2022\/12\/Arvore-dos-Sonhos-Garten-768x1365.jpeg 768w, https:\/\/vimagazine.com.br\/wp-content\/uploads\/2022\/12\/Arvore-dos-Sonhos-Garten-864x1536.jpeg 864w, https:\/\/vimagazine.com.br\/wp-content\/uploads\/2022\/12\/Arvore-dos-Sonhos-Garten.jpeg 900w\" sizes=\"(max-width: 576px) 100vw, 576px\" \/><\/figure>\n","protected":false},"excerpt":{"rendered":"<p>O sucesso da campanha da \u00c1rvore dos Sonhos, do Garten Shopping, est\u00e1 de volta e&#8230;<\/p>\n","protected":false},"author":3,"featured_media":7758,"comment_status":"closed","ping_status":"open","sticky":false,"template":"","format":"standard","meta":{"om_disable_all_campaigns":false,"_monsterinsights_skip_tracking":false,"_monsterinsights_sitenote_active":false,"_monsterinsights_sitenote_note":"","_monsterinsights_sitenote_category":0,"spay_email":""},"categories":[1],"tags":[],"jetpack_featured_media_url":"https:\/\/vimagazine.com.br\/wp-content\/uploads\/2022\/12\/GS-POST-1080X1080PX-e1671150151159.png","_links":{"self":[{"href":"https:\/\/vimagazine.com.br\/index.php?rest_route=\/wp\/v2\/posts\/7757"}],"collection":[{"href":"https:\/\/vimagazine.com.br\/index.php?rest_route=\/wp\/v2\/posts"}],"about":[{"href":"https:\/\/vimagazine.com.br\/index.php?rest_route=\/wp\/v2\/types\/post"}],"author":[{"embeddable":true,"href":"https:\/\/vimagazine.com.br\/index.php?rest_route=\/wp\/v2\/users\/3"}],"replies":[{"embeddable":true,"href":"https:\/\/vimagazine.com.br\/index.php?rest_route=%2Fwp%2Fv2%2Fcomments&post=7757"}],"version-history":[{"count":1,"href":"https:\/\/vimagazine.com.br\/index.php?rest_route=\/wp\/v2\/posts\/7757\/revisions"}],"predecessor-version":[{"id":7760,"href":"https:\/\/vimagazine.com.br\/index.php?rest_route=\/wp\/v2\/posts\/7757\/revisions\/7760"}],"wp:featuredmedia":[{"embeddable":true,"href":"https:\/\/vimagazine.com.br\/index.php?rest_route=\/wp\/v2\/media\/7758"}],"wp:attachment":[{"href":"https:\/\/vimagazine.com.br\/index.php?rest_route=%2Fwp%2Fv2%2Fmedia&parent=7757"}],"wp:term":[{"taxonomy":"category","embeddable":true,"href":"https:\/\/vimagazine.com.br\/index.php?rest_route=%2Fwp%2Fv2%2Fcategories&post=7757"},{"taxonomy":"post_tag","embeddable":true,"href":"https:\/\/vimagazine.com.br\/index.php?rest_route=%2Fwp%2Fv2%2Ftags&post=7757"}],"curies":[{"name":"wp","href":"https:\/\/api.w.org\/{rel}","templated":true}]}}