{"id":7769,"date":"2022-12-16T12:50:18","date_gmt":"2022-12-16T15:50:18","guid":{"rendered":"https:\/\/vimagazine.com.br\/?p=7769"},"modified":"2022-12-16T12:50:21","modified_gmt":"2022-12-16T15:50:21","slug":"linha-9-esmeralda-recebe-exposicao-art-pet-voltada-a-causa-animal","status":"publish","type":"post","link":"https:\/\/vimagazine.com.br\/?p=7769","title":{"rendered":"Linha 9-Esmeralda recebe exposi\u00e7\u00e3o Art Pet, voltada \u00e0 causa animal"},"content":{"rendered":"\n<p><\/p>\n\n\n\n<p><\/p>\n\n\n\n<p style=\"font-size:25px\"><strong>Exposi\u00e7\u00e3o re\u00fane telas da artista pl\u00e1stica Ana Bittar, que utiliza fortes tra\u00e7os realistas em obras contempor\u00e2neas<\/strong><\/p>\n\n\n\n<p><\/p>\n\n\n\n<p>Exposi\u00e7\u00e3o re\u00fane telas da artista pl\u00e1stica Ana Bittar, que utiliza fortes tra\u00e7os realistas em obras contempor\u00e2neas<\/p>\n\n\n\n<p>Neste m\u00eas de dezembro, a Linha 9-Esmeralda recebe a exposi\u00e7\u00e3o &#8220;Art Pet&#8221;, voltada para a causa animal. A exposi\u00e7\u00e3o fica dispon\u00edvel aos passageiros at\u00e9 janeiro de 2023, na Esta\u00e7\u00e3o Bruno Covas\/Mendes\u2013Vila Natal.<\/p>\n\n\n\n<p>Dentre as muitas qualidades dos cachorros est\u00e3o a lealdade, o carinho e a total sociabilidade junto a fam\u00edlia, presentes em milhares de casas pelo mundo afora. Baseando-se nesses dados, a exposi\u00e7\u00e3o &#8220;Art Pet&#8221;, sob a curadoria do jornalista Maur\u00edcio Coutinho, procura colocar em vinte pain\u00e9is, uma lupa de aumento sobre a causa animal, que \u00e9 um conjunto de a\u00e7\u00f5es voltada para o bem-estar, cuidado, abrigo, castra\u00e7\u00e3o e alimenta\u00e7\u00e3o.<\/p>\n\n\n\n<p>A exposi\u00e7\u00e3o re\u00fane telas da artista pl\u00e1stica Ana Bittar, que utiliza fortes tra\u00e7os realistas em obras contempor\u00e2neas, em parceria com o protetor Alessandro Desco, da ONG Pits Ales.<\/p>\n\n\n\n<p>A mostra tem a produ\u00e7\u00e3o de Mara Porto, revis\u00e3o de J. Ivo Brasil, an\u00e1lise de Eli Hayasaka, assessoria de Cec\u00edlia Coutinho e consultoria da veterin\u00e1ria, cl\u00ednica e cirurgi\u00e3 de pequenos animais, Dra. Luciane da Cunha Rosa.<\/p>\n\n\n\n<p>Utilizando softwares de \u00faltima gera\u00e7\u00e3o, Ana Bittar colocou a sua criatividade na elabora\u00e7\u00e3o de aquarela digital, gerando obras de rara beleza e est\u00e9tica, tendo como refer\u00eancia as fotos de animais do Pits Ales, cedidas pelo fot\u00f3grafo Philippe Loyola.<\/p>\n\n\n\n<p>A mostra \u00e9 fruto de uma parceria com a ViaMobilidade, concession\u00e1ria respons\u00e1vel pela opera\u00e7\u00e3o e manuten\u00e7\u00e3o das linhas 8-Diamante e 9-Esmeralda de trens metropolitanos de S\u00e3o Paulo.<\/p>\n\n\n\n<figure class=\"wp-block-image size-medium is-resized\"><img src=\"https:\/\/vimagazine.com.br\/wp-content\/uploads\/2022\/12\/WhatsApp-Image-2022-12-12-at-14.28.00-300x300.jpeg\" alt=\"\" class=\"wp-image-7770\" width=\"627\" height=\"627\" srcset=\"https:\/\/vimagazine.com.br\/wp-content\/uploads\/2022\/12\/WhatsApp-Image-2022-12-12-at-14.28.00-300x300.jpeg 300w, https:\/\/vimagazine.com.br\/wp-content\/uploads\/2022\/12\/WhatsApp-Image-2022-12-12-at-14.28.00-1024x1024.jpeg 1024w, https:\/\/vimagazine.com.br\/wp-content\/uploads\/2022\/12\/WhatsApp-Image-2022-12-12-at-14.28.00-150x150.jpeg 150w, https:\/\/vimagazine.com.br\/wp-content\/uploads\/2022\/12\/WhatsApp-Image-2022-12-12-at-14.28.00-768x768.jpeg 768w, https:\/\/vimagazine.com.br\/wp-content\/uploads\/2022\/12\/WhatsApp-Image-2022-12-12-at-14.28.00.jpeg 1080w\" sizes=\"(max-width: 627px) 100vw, 627px\" \/><\/figure>\n\n\n\n<p><\/p>\n\n\n\n<p><strong>Exposi\u00e7\u00e3o Art Pet<\/strong><\/p>\n\n\n\n<p>Quando: At\u00e9 janeiro de 2023<\/p>\n\n\n\n<p>Onde: Esta\u00e7\u00e3o Bruno Covas\/Mendes\u2013Vila Natal<\/p>\n\n\n\n<p>Sobre a ViaMobilidade Linhas 8 e 9A ViaMobilidade Linhas 8 e 9 \u00e9 a concession\u00e1ria respons\u00e1vel pela opera\u00e7\u00e3o e manuten\u00e7\u00e3o das linhas 8-Diamante e 9-Esmeralda de trens metropolitanos de S\u00e3o Paulo. A Linha 8-Diamante \u00e9 composta por 22 esta\u00e7\u00f5es, ligando J\u00falio Prestes a Amador Bueno, com integra\u00e7\u00e3o nas linhas 3-Vermelha e 7-Rubi. J\u00e1 a Linha 9-Esmeralda, que conecta Mendes-Vila Natal a Osasco, possui 20 esta\u00e7\u00f5es e faz integra\u00e7\u00e3o com as linhas 4-Amarela, 5-Lil\u00e1s e 8-Diamante. E, futuramente, com a Linha 17-Ouro de monotrilho.<\/p>\n","protected":false},"excerpt":{"rendered":"<p>Exposi\u00e7\u00e3o re\u00fane telas da artista pl\u00e1stica Ana Bittar, que utiliza fortes tra\u00e7os realistas em obras&#8230;<\/p>\n","protected":false},"author":1,"featured_media":7771,"comment_status":"closed","ping_status":"open","sticky":false,"template":"","format":"standard","meta":{"om_disable_all_campaigns":false,"_monsterinsights_skip_tracking":false,"_monsterinsights_sitenote_active":false,"_monsterinsights_sitenote_note":"","_monsterinsights_sitenote_category":0,"spay_email":""},"categories":[1],"tags":[],"jetpack_featured_media_url":"https:\/\/vimagazine.com.br\/wp-content\/uploads\/2022\/12\/WhatsApp-Image-2022-12-12-at-14.30.40.jpeg","_links":{"self":[{"href":"https:\/\/vimagazine.com.br\/index.php?rest_route=\/wp\/v2\/posts\/7769"}],"collection":[{"href":"https:\/\/vimagazine.com.br\/index.php?rest_route=\/wp\/v2\/posts"}],"about":[{"href":"https:\/\/vimagazine.com.br\/index.php?rest_route=\/wp\/v2\/types\/post"}],"author":[{"embeddable":true,"href":"https:\/\/vimagazine.com.br\/index.php?rest_route=\/wp\/v2\/users\/1"}],"replies":[{"embeddable":true,"href":"https:\/\/vimagazine.com.br\/index.php?rest_route=%2Fwp%2Fv2%2Fcomments&post=7769"}],"version-history":[{"count":1,"href":"https:\/\/vimagazine.com.br\/index.php?rest_route=\/wp\/v2\/posts\/7769\/revisions"}],"predecessor-version":[{"id":7772,"href":"https:\/\/vimagazine.com.br\/index.php?rest_route=\/wp\/v2\/posts\/7769\/revisions\/7772"}],"wp:featuredmedia":[{"embeddable":true,"href":"https:\/\/vimagazine.com.br\/index.php?rest_route=\/wp\/v2\/media\/7771"}],"wp:attachment":[{"href":"https:\/\/vimagazine.com.br\/index.php?rest_route=%2Fwp%2Fv2%2Fmedia&parent=7769"}],"wp:term":[{"taxonomy":"category","embeddable":true,"href":"https:\/\/vimagazine.com.br\/index.php?rest_route=%2Fwp%2Fv2%2Fcategories&post=7769"},{"taxonomy":"post_tag","embeddable":true,"href":"https:\/\/vimagazine.com.br\/index.php?rest_route=%2Fwp%2Fv2%2Ftags&post=7769"}],"curies":[{"name":"wp","href":"https:\/\/api.w.org\/{rel}","templated":true}]}}