{"id":7784,"date":"2022-12-17T12:35:58","date_gmt":"2022-12-17T15:35:58","guid":{"rendered":"https:\/\/vimagazine.com.br\/?p=7784"},"modified":"2022-12-17T12:36:01","modified_gmt":"2022-12-17T15:36:01","slug":"mar-da-consciencia-traz-palestras-de-desenvolvimento-da-consciencia-quantica","status":"publish","type":"post","link":"https:\/\/vimagazine.com.br\/?p=7784","title":{"rendered":"*&#8217;Mar da Consci\u00eancia&#8217; traz palestras de desenvolvimento da consci\u00eancia qu\u00e2ntica*"},"content":{"rendered":"\n<p><\/p>\n\n\n\n<p>Mar Da Consci\u00eancia \u00e9 um grande evento voltado para a constru\u00e7\u00e3o de novos pensamentos e eleva\u00e7\u00e3o de consci\u00eancias mais pr\u00f3speras e libert\u00e1rias.<br>Annah Paula Freitas (Mentora e Arquiteta), idealizadora e CEO do Mar Da Consci\u00eancia, buscou profissionais de renomes no ramo do autoconhecimento para enriquecer as palestras que ir\u00e3o acontecer nos dias 22 &amp; 23 de Abrill de 2023.<br>O evento acontece de forma h\u00edbrida e de forma presencial no Hotel &#8211; Recife\/PE.<br>O evento tem como base de expans\u00e3o acontecer de forma presencial em v\u00e1rios Estados brasileiros.<br>As palestras de Conex\u00f5es est\u00e3o divididas em dois grandes momentos:<br>dia 22\/04\/2023, conta com a participa\u00e7\u00e3o dos Mentores: Jorge, Suellen Dantas, Paj\u00e9 Sanderline, Teuman Fonseca Maia, Ana da Fonte e Mani Alvarez .<br>Continua\u00e7\u00e3o do evento em 23\/04\/2023 com os Mentores palestrantes: Hor\u00e1cio Fraz\u00e3o, Diego Ara\u00fajo, Casal Qu\u00e2ntico, H\u00e1vini S\u00e1, Ivan.<br>Ser\u00e1 um evento de grande oportunidade para equilibrar o emocional, espiritual &amp; mental de todos n\u00f3s.<br>Importante adquirir seu espa\u00e7o no link da inscri\u00e7\u00e3o:<\/p>\n\n\n\n<p><a href=\"https:\/\/mardaconsciencia.com\/construindo\">https:\/\/mardaconsciencia.com\/construindo<\/a><\/p>\n","protected":false},"excerpt":{"rendered":"<p>Mar Da Consci\u00eancia \u00e9 um grande evento voltado para a constru\u00e7\u00e3o de novos pensamentos e&#8230;<\/p>\n","protected":false},"author":2,"featured_media":7785,"comment_status":"closed","ping_status":"open","sticky":false,"template":"","format":"standard","meta":{"om_disable_all_campaigns":false,"_monsterinsights_skip_tracking":false,"_monsterinsights_sitenote_active":false,"_monsterinsights_sitenote_note":"","_monsterinsights_sitenote_category":0,"spay_email":""},"categories":[27],"tags":[528,529],"jetpack_featured_media_url":"https:\/\/vimagazine.com.br\/wp-content\/uploads\/2022\/12\/IMG-20221216-WA0257.jpg","_links":{"self":[{"href":"https:\/\/vimagazine.com.br\/index.php?rest_route=\/wp\/v2\/posts\/7784"}],"collection":[{"href":"https:\/\/vimagazine.com.br\/index.php?rest_route=\/wp\/v2\/posts"}],"about":[{"href":"https:\/\/vimagazine.com.br\/index.php?rest_route=\/wp\/v2\/types\/post"}],"author":[{"embeddable":true,"href":"https:\/\/vimagazine.com.br\/index.php?rest_route=\/wp\/v2\/users\/2"}],"replies":[{"embeddable":true,"href":"https:\/\/vimagazine.com.br\/index.php?rest_route=%2Fwp%2Fv2%2Fcomments&post=7784"}],"version-history":[{"count":1,"href":"https:\/\/vimagazine.com.br\/index.php?rest_route=\/wp\/v2\/posts\/7784\/revisions"}],"predecessor-version":[{"id":7786,"href":"https:\/\/vimagazine.com.br\/index.php?rest_route=\/wp\/v2\/posts\/7784\/revisions\/7786"}],"wp:featuredmedia":[{"embeddable":true,"href":"https:\/\/vimagazine.com.br\/index.php?rest_route=\/wp\/v2\/media\/7785"}],"wp:attachment":[{"href":"https:\/\/vimagazine.com.br\/index.php?rest_route=%2Fwp%2Fv2%2Fmedia&parent=7784"}],"wp:term":[{"taxonomy":"category","embeddable":true,"href":"https:\/\/vimagazine.com.br\/index.php?rest_route=%2Fwp%2Fv2%2Fcategories&post=7784"},{"taxonomy":"post_tag","embeddable":true,"href":"https:\/\/vimagazine.com.br\/index.php?rest_route=%2Fwp%2Fv2%2Ftags&post=7784"}],"curies":[{"name":"wp","href":"https:\/\/api.w.org\/{rel}","templated":true}]}}