{"id":7801,"date":"2022-12-18T10:27:20","date_gmt":"2022-12-18T13:27:20","guid":{"rendered":"https:\/\/vimagazine.com.br\/?p=7801"},"modified":"2022-12-20T08:38:40","modified_gmt":"2022-12-20T11:38:40","slug":"influenciador-theo-comemora-2-milhoes-de-seguidores-no-instagram","status":"publish","type":"post","link":"https:\/\/vimagazine.com.br\/?p=7801","title":{"rendered":"<strong>Influenciador Th\u00e9o comemora 2 milh\u00f5es de seguidores no Instagram&nbsp;<\/strong>"},"content":{"rendered":"\n<p>Em comemora\u00e7\u00e3o \u00e0 marca de dois milh\u00f5es de seguidores no instagram, o alegre e impactante influenciador digital, que conquistou o varejo, Theodoro, ir\u00e1 realizar uma festa \u00e9pica, \u201cXIIIUUU CALADINHA\u201d, no pr\u00f3ximo dia 21 de dezembro, quarta-feira, a partir das 21h, no Qualistage, na Barra da Tijuca, no Rio de Janeiro.&nbsp;&nbsp;<\/p>\n\n\n\n<p>O evento, contar\u00e1 com a presen\u00e7a de diversos f\u00e3s, amigos e influenciadores, al\u00e9m de atra\u00e7\u00f5es musicais especiais,&nbsp;Thiago Martins, com participa\u00e7\u00e3o de Mumuzinho, Balacobaco, Clareou, Gabi Lima, FP do Trem Bala e DJ Felipe Rocha.&nbsp;<\/p>\n\n\n\n<p>&nbsp;\u201cA festa ser\u00e1 um arraso! Eu fico feliz em poder comemorar essa marca de dois milh\u00f5es com pessoas que me acompanham e fazem parte da minha hist\u00f3ria\u201d, comenta Th\u00e9o,&nbsp;que espera receber de tr\u00eas a cinco mil pessoas.&nbsp;<\/p>\n\n\n\n<p>Acompanhe o instagram do influencer, que vem dividindo detalhes sobre o evento: @theodoro&nbsp;<\/p>\n\n\n\n<p>Theodoro &#8211; De gerente de loja a um fen\u00f4meno nas redes sociais, o influenciador digital, Th\u00e9o, tem conquistado as marcas no segmento do varejo, com seu jeito impactante, bem-humorado e, principalmente, a linguagem de vendas.&nbsp;<\/p>\n\n\n\n<p>Carioca de Campo Grande, formado em publicidade e propaganda, \u00e9 um sucesso com seu workshop &#8220;Bora Bater a Meta?&#8221;. Com mais de tr\u00eas milh\u00f5es de seguidores em suas redes e toda sua experi\u00eancia, o influencer ensina o que um bom vendedor precisa para se destacar e transformar suas vendas em um verdadeiro sucesso.&nbsp;<\/p>\n\n\n\n<p>Th\u00e9o j\u00e1 conquistou marcas como Melissa, Arezzo &amp; Co, Constance, Zinzane, King Ouro, Sonho dos P\u00e9s, Sapatella, Lizie, Santa Lolla, Lux Alta Perfumaria, Carmen Steffans, Afghan, Pinheiro Tintas, DM Card, Garage, Farm, Pocket, Multimarcas, dentre outras.&nbsp;Atualmente, Theodoro faz parte do casting da Non Stop Produ\u00e7\u00f5es, maior ag\u00eancia de influenciadores da Am\u00e9rica Latina.&nbsp;<\/p>\n\n\n\n<p>Th\u00e9o \u00e9 um fen\u00f4meno, os n\u00fameros nas redes sociais impressionam:&nbsp;&nbsp;<\/p>\n\n\n\n<p>Instagran &#8211; 2.1 M seguidores | 1 M m\u00e9dia de visualiza\u00e7\u00f5es reels e 200K de stories&nbsp;<\/p>\n\n\n\n<p>Tik Tok &#8211; 1.2 M seguidores | 350 K m\u00e9dia de visualiza\u00e7\u00f5es em v\u00eddeo&nbsp;<\/p>\n\n\n\n<p>Sobre a Non Stop &#8211; Fundada em 2015, a Non Stop Produ\u00e7\u00f5es \u00e9 refer\u00eancia na Am\u00e9rica Latina em marketing de influ\u00eancia. A empresa \u2014 que nasceu para conectar marcas \u00e0 audi\u00eancia, gerando engajamento e conversas genu\u00ednas \u2014 \u00e9 especializada na produ\u00e7\u00e3o de conte\u00fado on demand, publicidade, turn\u00eas nacionais, internacionais e gerenciamento de carreira. Com escrit\u00f3rios em Minas Gerais, S\u00e3o Paulo e Rio de Janeiro, a ag\u00eancia possui um casting diverso e exclusivo, contabilizando milh\u00f5es de seguidores.&nbsp;<\/p>\n\n\n\n<figure class=\"wp-block-image\"><img alt=\"\" \/><\/figure>\n\n\n\n<p>Servi\u00e7o&nbsp;<\/p>\n\n\n\n<p>FESTA \u201cXIUUU CALADINHA\u201d \u2013 Comemora\u00e7\u00e3o do influenciador Theodoro por 2 milh\u00f5es de seguidores no Instagram&nbsp;<\/p>\n\n\n\n<p>Data: 21 de dezembro \/ quarta-feira&nbsp;<\/p>\n\n\n\n<p>Hor\u00e1rio: 21h&nbsp;<\/p>\n\n\n\n<p>Local: Qualistage&nbsp;&nbsp;<\/p>\n\n\n\n<p>Av. Ayrton Senna, 3000 &#8211; Barra da Tijuca &#8211; RJ&nbsp;&nbsp;<\/p>\n\n\n\n<p>Venda ingresso:&nbsp;<a href=\"https:\/\/www.eventim.com.br\/event\/xiiiu-caladinha-qualistage-16237970\/\" target=\"_blank\" rel=\"noreferrer noopener\">https:\/\/www.eventim.com.br\/event\/xiiiu-caladinha-qualistage-16237970\/<\/a>&nbsp;<\/p>\n\n\n\n<figure class=\"wp-block-table\"><table><tbody><tr><td>Pre\u00e7os: Pista: a partir de R$ 120,00 \/ Meia solid\u00e1ria: R$ 60,00<br>Venda ingresso:&nbsp;<a href=\"https:\/\/www.eventim.com.br\/event\/xiiiu-caladinha-qualistage-16237970\/\" target=\"_blank\" rel=\"noreferrer noopener\">https:\/\/www.eventim.com.br\/event\/xiiiu-caladinha-qualistage-16237970\/<\/a><br>Classifica\u00e7\u00e3o et\u00e1ria: 18 anos &#8211; Menores somente acompanhados dos pais ou respons\u00e1veis legais<br>Capacidade: 9 mil pessoas em p\u00e9 ou 3.500 sentadas<br>Informa\u00e7\u00f5es:&nbsp;<a href=\"https:\/\/qualistage.com.br\/\" target=\"_blank\" rel=\"noreferrer noopener\">https:\/\/qualistage.com.br\/<\/a><br>O espa\u00e7o possui acessibilidade<br>A casa segue os protocolos de seguran\u00e7a, como disponibilizar \u00e1lcool em gel. O local \u00e9\u200b periodicamente higienizado. Tudo para garantir a divers\u00e3o com seguran\u00e7a&nbsp;<\/td><\/tr><\/tbody><\/table><\/figure>\n","protected":false},"excerpt":{"rendered":"<p>Em comemora\u00e7\u00e3o \u00e0 marca de dois milh\u00f5es de seguidores no instagram, o alegre e impactante&#8230;<\/p>\n","protected":false},"author":3,"featured_media":7824,"comment_status":"closed","ping_status":"open","sticky":false,"template":"","format":"standard","meta":{"om_disable_all_campaigns":false,"_monsterinsights_skip_tracking":false,"_monsterinsights_sitenote_active":false,"_monsterinsights_sitenote_note":"","_monsterinsights_sitenote_category":0,"spay_email":""},"categories":[1],"tags":[],"jetpack_featured_media_url":"https:\/\/vimagazine.com.br\/wp-content\/uploads\/2022\/12\/d4e0d438-0e74-4dfe-aa3d-2e31aabe2579-768x777-1.jpg","_links":{"self":[{"href":"https:\/\/vimagazine.com.br\/index.php?rest_route=\/wp\/v2\/posts\/7801"}],"collection":[{"href":"https:\/\/vimagazine.com.br\/index.php?rest_route=\/wp\/v2\/posts"}],"about":[{"href":"https:\/\/vimagazine.com.br\/index.php?rest_route=\/wp\/v2\/types\/post"}],"author":[{"embeddable":true,"href":"https:\/\/vimagazine.com.br\/index.php?rest_route=\/wp\/v2\/users\/3"}],"replies":[{"embeddable":true,"href":"https:\/\/vimagazine.com.br\/index.php?rest_route=%2Fwp%2Fv2%2Fcomments&post=7801"}],"version-history":[{"count":2,"href":"https:\/\/vimagazine.com.br\/index.php?rest_route=\/wp\/v2\/posts\/7801\/revisions"}],"predecessor-version":[{"id":7805,"href":"https:\/\/vimagazine.com.br\/index.php?rest_route=\/wp\/v2\/posts\/7801\/revisions\/7805"}],"wp:featuredmedia":[{"embeddable":true,"href":"https:\/\/vimagazine.com.br\/index.php?rest_route=\/wp\/v2\/media\/7824"}],"wp:attachment":[{"href":"https:\/\/vimagazine.com.br\/index.php?rest_route=%2Fwp%2Fv2%2Fmedia&parent=7801"}],"wp:term":[{"taxonomy":"category","embeddable":true,"href":"https:\/\/vimagazine.com.br\/index.php?rest_route=%2Fwp%2Fv2%2Fcategories&post=7801"},{"taxonomy":"post_tag","embeddable":true,"href":"https:\/\/vimagazine.com.br\/index.php?rest_route=%2Fwp%2Fv2%2Ftags&post=7801"}],"curies":[{"name":"wp","href":"https:\/\/api.w.org\/{rel}","templated":true}]}}