{"id":7816,"date":"2022-12-20T00:18:05","date_gmt":"2022-12-20T03:18:05","guid":{"rendered":"https:\/\/vimagazine.com.br\/?p=7816"},"modified":"2022-12-20T00:19:34","modified_gmt":"2022-12-20T03:19:34","slug":"cancer-de-pele-uma-conscientizacao-para-a-vida","status":"publish","type":"post","link":"https:\/\/vimagazine.com.br\/?p=7816","title":{"rendered":"C\u00e2ncer de pele: uma conscientiza\u00e7\u00e3o para a vida"},"content":{"rendered":"\n<p><\/p>\n\n\n\n<p><strong>\u00a0\u00a0\u00a0 Fl\u00e1via Maklouf<\/strong> \u00e9 Dermatologista Formada pela Faculdade de Medicina de Petr\u00f3polis \u2013 RJ, com especializa\u00e7\u00e3o pelo Hospital Naval Marc\u00edlio Dias, Pr\u00e1tica Ortomolecular pela <strong>FAPES<\/strong>, Homotoxicologia e Medicina pela <strong>ABHH<\/strong>. \u00a0<strong>Especialidades<\/strong>: Dermatologia Integrativa, Homotoxicologia, Ortomolecular, Medicina Qu\u00e2ntica e Florais e \u00e9 propriet\u00e1ria da Cl\u00ednica AngioSkinCare em SP.<\/p>\n\n\n\n<p>&nbsp; Tendo em vista a relev\u00e2ncia dos cuidados com a preven\u00e7\u00e3o contra o c\u00e2ncer de pele, que eu entrevistei, a M\u00e9dica Dermatologista, <strong>Fl\u00e1via Maklouf.<\/strong><\/p>\n\n\n\n<p><strong><em>Como surgiu e qual a relev\u00e2ncia da campanha Dezembro Laranja para a sa\u00fade?<br><\/em><\/strong><br><strong>&nbsp; R:<\/strong> A campanha Dezembro Laranja,&nbsp;foi criada pela Sociedade Brasileira de Dermatologia, com o objetivo de prevenir o c\u00e2ncer de pele, que \u00e9 o tumor de maior incid\u00eancia no Brasil, atrav\u00e9s da conscientiza\u00e7\u00e3o e orienta\u00e7\u00e3o da popula\u00e7\u00e3o sobre o tema.<\/p>\n\n\n\n<p><strong><em>Quais os principais casos de c\u00e2ncer de pele e como t\u00eam sido as medidas de combate?<br><\/em><\/strong><br><strong>&nbsp; R:<\/strong> Os casos de c\u00e2ncer de pele mais comuns&nbsp;s\u00e3o&nbsp;os carcinomas basocelulares e os espinocelulares, respons\u00e1veis por 177 mil novos casos da doen\u00e7a por ano \u2013 estes s\u00e3o mais superficiais, localizados e t\u00eam uma evolu\u00e7\u00e3o e progn\u00f3stico mais positivo quando tratados desde o in\u00edcio.<\/p>\n\n\n\n<p>&nbsp;&nbsp; Mais raro e letal que os carcinomas, o melanoma&nbsp;\u00e9&nbsp;o&nbsp;tipo&nbsp;mais agressivo de&nbsp;c\u00e2ncer&nbsp;da&nbsp;pele&nbsp;e registra 8,4 mil casos anualmente, portanto, requer uma aten\u00e7\u00e3o e tratamento mais especializado e constante.<\/p>\n\n\n\n<p><strong><em>Quais as medidas de preven\u00e7\u00e3o contra o c\u00e2ncer de pele?<br><\/em><\/strong><br><strong>R:<\/strong> Evitar exposi\u00e7\u00e3o prolongada ao sol entre o per\u00edodo de 10h \u00e0s 16h a fim de evitar a queimadura solar, que evoluem com dor, ardor, vermelhid\u00e3o, bolhas e descama\u00e7\u00e3o. Devido a queimaduras constantes a pele vai adquirindo as les\u00f5es e manchas que podem evoluir a longo prazo para o c\u00e2ncer de pele.<\/p>\n\n\n\n<p><br>\u00a0\u00a0\u00a0 Procurar lugares com sombra, usar prote\u00e7\u00f5es adequadas como: roupas, bon\u00e9s ou chap\u00e9us de abas largas, \u00f3culos escuros com prote\u00e7\u00e3o UV, sombrinhas e barracas \u00e9 fundamental.<\/p>\n\n\n\n<p>\u00a0\u00a0 Molhar constantemente as roupas e bon\u00e9s com prote\u00e7\u00e3o solar das crian\u00e7as e adultos, a fim de evitar tamb\u00e9m a desidrata\u00e7\u00e3o.<\/p>\n\n\n\n<p><br>Aplicar na pele, antes de se expor ao sol, filtro (protetor) solar com fator de prote\u00e7\u00e3o 30, no m\u00ednimo. Vale ressaltar que, \u00e9 necess\u00e1rio reaplicar o filtro solar a cada duas horas, durante a exposi\u00e7\u00e3o ao sol, bem como ap\u00f3s o mergulho ou grande transpira\u00e7\u00e3o. Mesmo filtros solares \u201c\u00e0 prova d\u2019\u00e1gua\u201d devem ser reaplicados.<\/p>\n\n\n\n<p><br>Usar filtro solar pr\u00f3prio para os l\u00e1bios e sempre lembrar das orelhas e couro cabeludo;<\/p>\n\n\n\n<p><br>&nbsp; Em dias nublados, tamb\u00e9m \u00e9 importante o uso de prote\u00e7\u00e3o.<\/p>\n\n\n\n<p>&nbsp;&nbsp; Cuidado com frutas e produtos que reagem \u00e0 exposi\u00e7\u00e3o solar podendo levar queimaduras nas \u00e1reas do corpo em contato com a pele. Exemplo: suco de lim\u00e3o.<\/p>\n\n\n\n<p><br>&nbsp;As tatuagens podem esconder les\u00f5es, portanto, merecem aten\u00e7\u00e3o.<\/p>\n\n\n\n<p><br>Nas atividades ocupacionais, pode ser necess\u00e1rio reformular as jornadas de trabalho ou a organiza\u00e7\u00e3o das tarefas desenvolvidas ao longo do dia pelo trabalhador exposto ao sol por longos per\u00edodos.<\/p>\n\n\n\n<p><strong><em>Qual a import\u00e2ncia da conscientiza\u00e7\u00e3o sobre o c\u00e2ncer de pele?<br><\/em><\/strong><br><strong>R:<\/strong> \u201cO alerta \u00e0 popula\u00e7\u00e3o \u00e9 fundamental. Ambos os tipos de c\u00e2ncer t\u00eam altas taxas de cura se descobertos logo no in\u00edcio, por isso a import\u00e2ncia em manter h\u00e1bitos que ajudar\u00e3o na preven\u00e7\u00e3o da doen\u00e7a.<\/p>\n\n\n\n<p><strong><em>Quais os fatores que mais acometem as pessoas com o c\u00e2ncer de pele?<br><\/em><\/strong><br><strong>R:<\/strong> Diferentes tipos de c\u00e2ncer apresentam diferentes fatores de risco.<\/p>\n\n\n\n<p>&nbsp;&nbsp;&nbsp; Levamos em considera\u00e7\u00e3o a idade, cor da pele, a cor dos olhos e cabelos, idade, hist\u00f3rico familiar, tempo de exposi\u00e7\u00e3o solar ao longo da vida; tipo de ocupa\u00e7\u00e3o profissional; alimenta\u00e7\u00e3o, dentre outros h\u00e1bitos e qualidade de vida.&nbsp; Quanto mais clara a pele maior a chance de adquirir um c\u00e2ncer de pele devido a diminui\u00e7\u00e3o da melanina que nos protege. Na maioria dos casos somente a diminui\u00e7\u00e3o da exposi\u00e7\u00e3o solar e os devidos cuidados j\u00e1 protegem e previnem ao longo da vida.<\/p>\n\n\n\n<p>Embora os fatores de risco possam influenciar no desenvolvimento do c\u00e2ncer de pele, a maioria n\u00e3o causa diretamente a doen\u00e7a. Algumas pessoas com v\u00e1rios fatores de risco podem at\u00e9 mesmo nunca desenvolver um c\u00e2ncer, enquanto outros, sem fatores de risco conhecido poder\u00e3o adquiri-lo. &nbsp;&nbsp;<\/p>\n\n\n\n<p><strong><em>Quais os resultados positivos a n\u00edvel de conscientiza\u00e7\u00e3o sobre o c\u00e2ncer de pele?<\/em><\/strong><\/p>\n\n\n\n<p>&nbsp;<strong>R:<\/strong> Os pacientes consultam mais os m\u00e9dicos e percebem a necessidade e import\u00e2ncia do cuidado com a pele em rela\u00e7\u00e3o a exposi\u00e7\u00e3o solar ao longo da vida, e, com isso os \u00edndices de novos casos v\u00eam diminuindo. Contudo, h\u00e1 mais acometimento na faixa et\u00e1ria mais idosa da popula\u00e7\u00e3o, que a rigor, n\u00e3o tinham os cuidados e h\u00e1bitos de prote\u00e7\u00e3o no passado;<\/p>\n\n\n\n<p>&nbsp;Atualmente, conseguimos diagnosticar mais precocemente, tratar de forma eficaz e prevenir as consequ\u00eancias mais graves e avan\u00e7adas da doen\u00e7a.<\/p>\n\n\n\n<p><strong><em>Qual ou quais as suas p\u00e1ginas para que as pessoas possam entrar em contato?<\/em><\/strong><br><br><strong>R:<\/strong> Instagram: <a href=\"https:\/\/www.instagram.com\/flaviamaklouf.dermato\/\">@flaviamaklouf.dermato<\/a><\/p>\n\n\n\n<p>Youtube: <a href=\"https:\/\/www.youtube.com\/@dra.flaviamakloufoficial1971\">Dra. Fl\u00e1via Maklouf<\/a><\/p>\n\n\n\n<p>Site: <a href=\"http:\/\/www.draflaviamaklouf.com.br\">www.draflaviamaklouf.com.br<\/a><\/p>\n\n\n\n<p>Facebook: <a href=\"https:\/\/www.facebook.com\/angioskincare\">Cl\u00ednica AngioskinCare<\/a><\/p>\n\n\n\n<p>E-mail:<a href=\"mailto:angioskincare@gmail.com\">angioskincare@gmail.com<\/a><br><br><\/p>\n","protected":false},"excerpt":{"rendered":"<p>\u00a0\u00a0\u00a0 Fl\u00e1via Maklouf \u00e9 Dermatologista Formada pela Faculdade de Medicina de Petr\u00f3polis \u2013 RJ, com&#8230;<\/p>\n","protected":false},"author":2,"featured_media":7817,"comment_status":"closed","ping_status":"open","sticky":false,"template":"","format":"standard","meta":{"om_disable_all_campaigns":false,"_monsterinsights_skip_tracking":false,"_monsterinsights_sitenote_active":false,"_monsterinsights_sitenote_note":"","_monsterinsights_sitenote_category":0,"spay_email":""},"categories":[31],"tags":[533,534],"jetpack_featured_media_url":"https:\/\/vimagazine.com.br\/wp-content\/uploads\/2022\/12\/8d69d823-963e-43e0-aefd-0b6c55209404.jpg","_links":{"self":[{"href":"https:\/\/vimagazine.com.br\/index.php?rest_route=\/wp\/v2\/posts\/7816"}],"collection":[{"href":"https:\/\/vimagazine.com.br\/index.php?rest_route=\/wp\/v2\/posts"}],"about":[{"href":"https:\/\/vimagazine.com.br\/index.php?rest_route=\/wp\/v2\/types\/post"}],"author":[{"embeddable":true,"href":"https:\/\/vimagazine.com.br\/index.php?rest_route=\/wp\/v2\/users\/2"}],"replies":[{"embeddable":true,"href":"https:\/\/vimagazine.com.br\/index.php?rest_route=%2Fwp%2Fv2%2Fcomments&post=7816"}],"version-history":[{"count":2,"href":"https:\/\/vimagazine.com.br\/index.php?rest_route=\/wp\/v2\/posts\/7816\/revisions"}],"predecessor-version":[{"id":7819,"href":"https:\/\/vimagazine.com.br\/index.php?rest_route=\/wp\/v2\/posts\/7816\/revisions\/7819"}],"wp:featuredmedia":[{"embeddable":true,"href":"https:\/\/vimagazine.com.br\/index.php?rest_route=\/wp\/v2\/media\/7817"}],"wp:attachment":[{"href":"https:\/\/vimagazine.com.br\/index.php?rest_route=%2Fwp%2Fv2%2Fmedia&parent=7816"}],"wp:term":[{"taxonomy":"category","embeddable":true,"href":"https:\/\/vimagazine.com.br\/index.php?rest_route=%2Fwp%2Fv2%2Fcategories&post=7816"},{"taxonomy":"post_tag","embeddable":true,"href":"https:\/\/vimagazine.com.br\/index.php?rest_route=%2Fwp%2Fv2%2Ftags&post=7816"}],"curies":[{"name":"wp","href":"https:\/\/api.w.org\/{rel}","templated":true}]}}