{"id":7838,"date":"2022-12-20T09:17:52","date_gmt":"2022-12-20T12:17:52","guid":{"rendered":"https:\/\/vimagazine.com.br\/?p=7838"},"modified":"2022-12-20T09:17:56","modified_gmt":"2022-12-20T12:17:56","slug":"bpw-curitiba-anuncia-nova-presidente-para-os-proximos-dois-anos","status":"publish","type":"post","link":"https:\/\/vimagazine.com.br\/?p=7838","title":{"rendered":"BPW Curitiba anuncia nova presidente para os pr\u00f3ximos dois anos\u00a0\u00a0"},"content":{"rendered":"\n<p><\/p>\n\n\n\n<p class=\"has-medium-font-size\">Uma cerim\u00f4nia realizada no no dia 13 de dezembro, no Hotel Bourbon, em Curitiba, tomou posse da advogada Simone Zonari Letchacoski como a nova presidente da Business Woman Professional Curitiba (BPW). Depois de quatro anos no cargo, a empres\u00e1ria Birgit Keller Marsili, passou a bandeira da institui\u00e7\u00e3o, que trabalha para empoderar o empreendedorismo feminino e fomentar o networking entre as mulheres. O evento contou com a presen\u00e7a da nova presidente da BPW Brasil, Alison Regina Mazza Lubascher que foi presidente da BPW Curitiba em 2017-2018 e nestas \u00faltimas duas gest\u00f5es foi vice-presidente da BPW Curitiba.<\/p>\n\n\n\n<p class=\"has-medium-font-size\">Foi realizada a tradicional &nbsp;Cerim\u00f4nia das Velas que foi criada pela Dra. Lena Madesin Phillips, fundadora da BPW Internacional para homenagear mulheres do mundo inteiro, simbolizando suas ambi\u00e7\u00f5es, seus esfor\u00e7os e suas conquistas. A cerim\u00f4nia \u00e9 realizada desde 1930, quando da funda\u00e7\u00e3o da BPW em Genebra, e o intuito \u00e9 relembrar os momentos hist\u00f3ricos da entidade, evocar as realiza\u00e7\u00f5es presentes e celebrar o futuro. Durante a cerim\u00f4nia as velas coloridas s\u00e3o acesas representando as mulheres dos diversos pa\u00edses que com coragem e determina\u00e7\u00e3o se organizaram atrav\u00e9s de suas BPW&#8217;s em busca de um mundo mais justo e igualit\u00e1rio. Este ritual acontece em todas as BPWs do mundo.&nbsp;<\/p>\n\n\n\n<p class=\"has-medium-font-size\">No discurso de despedida, Birgit agradeceu a todas as parceiras de diretoria e associadas e falou sobre o trabalho realizado durante a sua gest\u00e3o. &#8220;Muitos projetos lindos foram desenvolvidos, como Mar\u00e7o \u00e9 Mulher; Trabalho Igual Sal\u00e1rio Igual; Doando Vidas com campanha para doa\u00e7\u00e3o de cabelos. 9,5 kg de cabelos arrecadados, que foram direcionados para a Associa\u00e7\u00e3o Amigas da Mama. Tivemos a Rodada de Leitura com vinho; Conscientiza\u00e7\u00e3o pol\u00edtica e in\u00fameras palestras, trocas de experi\u00eancias e visitas t\u00e9cnicas.\u00a0 Tamb\u00e9m est\u00e1 em desenvolvimento um novo site para a BPW Curitiba, mais moderno, din\u00e2mico e funcional. Onde vamos ter a vitrine de todas as empresas das nossas associadas. Al\u00e9m disso est\u00e1 sendo redesenhado o projeto do selo da BPW e o projeto reescrevendo a hist\u00f3ria da BPW, tamb\u00e9m ter\u00e1 sua continuidade. At\u00e9 porque ano que vem a BPW Curitiba completa 35 anos&#8221;, disse Birgit.\u00a0\u00a0<\/p>\n\n\n\n<figure class=\"wp-container-2 wp-block-gallery-1 wp-block-gallery has-nested-images columns-default is-cropped\">\n<figure class=\"wp-block-image size-large\"><img width=\"954\" height=\"1280\" data-id=\"7840\"  src=\"https:\/\/vimagazine.com.br\/wp-content\/uploads\/2022\/12\/Birgit-Keller-Marsili-e-Alison-Lubascher-agora-eleita-presidente-BPW-Brasil..jpeg\" alt=\"\" class=\"wp-image-7840\" srcset=\"https:\/\/vimagazine.com.br\/wp-content\/uploads\/2022\/12\/Birgit-Keller-Marsili-e-Alison-Lubascher-agora-eleita-presidente-BPW-Brasil..jpeg 954w, https:\/\/vimagazine.com.br\/wp-content\/uploads\/2022\/12\/Birgit-Keller-Marsili-e-Alison-Lubascher-agora-eleita-presidente-BPW-Brasil.-224x300.jpeg 224w, https:\/\/vimagazine.com.br\/wp-content\/uploads\/2022\/12\/Birgit-Keller-Marsili-e-Alison-Lubascher-agora-eleita-presidente-BPW-Brasil.-763x1024.jpeg 763w, https:\/\/vimagazine.com.br\/wp-content\/uploads\/2022\/12\/Birgit-Keller-Marsili-e-Alison-Lubascher-agora-eleita-presidente-BPW-Brasil.-768x1030.jpeg 768w\" sizes=\"(max-width: 954px) 100vw, 954px\" \/><\/figure>\n<\/figure>\n\n\n\n<p class=\"has-medium-font-size\">Tomaram posse as seguintes associadas para o bi\u00eanio 2023-2024. Confira os nomes:&nbsp;<\/p>\n\n\n\n<p class=\"has-medium-font-size\">Presidente: Simone Zonari Letchacoski&nbsp;<\/p>\n\n\n\n<p class=\"has-medium-font-size\">Primeira vice-presidente: Mariana Cristina Tosta Sobral Gonzalez<\/p>\n\n\n\n<p class=\"has-medium-font-size\">Segunda vice-presidente: Sueli Regina Nichele Buschle<\/p>\n\n\n\n<p class=\"has-medium-font-size\">Primeira-diretora secret\u00e1ria: F\u00e1tima Toledo dos Santos<\/p>\n\n\n\n<p class=\"has-medium-font-size\">Segunda-diretora secret\u00e1ria: Juliana Pereira de Sousa<\/p>\n\n\n\n<p class=\"has-medium-font-size\">Primeira-diretora financeira: Rosicleia Aparecida Macedo Linhares<\/p>\n\n\n\n<p class=\"has-medium-font-size\">Segunda-diretora financeira: Ana Carolina Pereira Alves Faraco<\/p>\n\n\n\n<p class=\"has-medium-font-size\">Diretora jur\u00eddica: Maria Augusta Oliveira de Souza<\/p>\n\n\n\n<p class=\"has-medium-font-size\">Conselho Fiscal:&nbsp;<\/p>\n\n\n\n<p class=\"has-medium-font-size\">Ezilda Furquim Bezerra<\/p>\n\n\n\n<p class=\"has-medium-font-size\">Luciana Falavinha<\/p>\n\n\n\n<p class=\"has-medium-font-size\">Nilva Am\u00e1lia Pasetto<\/p>\n\n\n\n<p class=\"has-medium-font-size\">Conselho Diretor:&nbsp;<\/p>\n\n\n\n<p class=\"has-medium-font-size\">Alba Regina de Le\u00e3o Buchi<\/p>\n\n\n\n<p class=\"has-medium-font-size\">Ana Maria da Silva Teles Gressinger<\/p>\n\n\n\n<p class=\"has-medium-font-size\">Cibele Antonia Karam dos Santos Bond<\/p>\n\n\n\n<p class=\"has-medium-font-size\">Dora Guelmann<\/p>\n\n\n\n<p class=\"has-medium-font-size\">Kazuco Akamine<\/p>\n\n\n\n<p class=\"has-medium-font-size\">Marlene T. Wiedermann<\/p>\n\n\n\n<p class=\"has-medium-font-size\">Rosa Amaral&nbsp;<\/p>\n\n\n\n<p class=\"has-medium-font-size\">Sheila Chamecki Rigler<\/p>\n\n\n\n<p class=\"has-medium-font-size\">Zilda Amado<\/p>\n\n\n\n<p class=\"has-medium-font-size\">No discurso de posse a nova presidente mencionou: &#8220;a responsabilidade \u00e9 grande para assumir a entidade, mas a motiva\u00e7\u00e3o para dar continuidade e criar novos projetos \u00e9 maior. Me sinto orgulhosa e agrade\u00e7o a confian\u00e7a de todas as associadas em poder represent\u00e1-las, tenho certeza que faremos um grande trabalho juntas. Lembrando que a CONFAM (Confer\u00eancia Nacional das BPWs do Brasil) ser\u00e1 sediada em novembro na nossa cidade.&#8221; disse Simone.<\/p>\n\n\n\n<p class=\"has-medium-font-size\">Com o lema Business e Prosperidade a BPW Curitiba caminha em prol de um mundo igualit\u00e1rio para as mulheres. Conhe\u00e7a mais <a href=\"http:\/\/www.bpwcuritiba.com.br\/\" target=\"_blank\" rel=\"noreferrer noopener\">www.bpwcuritiba.com.br<\/a> Contato: 3180-0220.<\/p>\n","protected":false},"excerpt":{"rendered":"<p>Uma cerim\u00f4nia realizada no no dia 13 de dezembro, no Hotel Bourbon, em Curitiba, tomou&#8230;<\/p>\n","protected":false},"author":1,"featured_media":7839,"comment_status":"closed","ping_status":"open","sticky":false,"template":"","format":"standard","meta":{"om_disable_all_campaigns":false,"_monsterinsights_skip_tracking":false,"_monsterinsights_sitenote_active":false,"_monsterinsights_sitenote_note":"","_monsterinsights_sitenote_category":0,"spay_email":""},"categories":[27],"tags":[],"jetpack_featured_media_url":"https:\/\/vimagazine.com.br\/wp-content\/uploads\/2022\/12\/Birgit-Keller-Marsili-e-presidente-da-BPW-Curitiba-advogada-Simone-Zonari-Letchacoski..jpeg","_links":{"self":[{"href":"https:\/\/vimagazine.com.br\/index.php?rest_route=\/wp\/v2\/posts\/7838"}],"collection":[{"href":"https:\/\/vimagazine.com.br\/index.php?rest_route=\/wp\/v2\/posts"}],"about":[{"href":"https:\/\/vimagazine.com.br\/index.php?rest_route=\/wp\/v2\/types\/post"}],"author":[{"embeddable":true,"href":"https:\/\/vimagazine.com.br\/index.php?rest_route=\/wp\/v2\/users\/1"}],"replies":[{"embeddable":true,"href":"https:\/\/vimagazine.com.br\/index.php?rest_route=%2Fwp%2Fv2%2Fcomments&post=7838"}],"version-history":[{"count":1,"href":"https:\/\/vimagazine.com.br\/index.php?rest_route=\/wp\/v2\/posts\/7838\/revisions"}],"predecessor-version":[{"id":7841,"href":"https:\/\/vimagazine.com.br\/index.php?rest_route=\/wp\/v2\/posts\/7838\/revisions\/7841"}],"wp:featuredmedia":[{"embeddable":true,"href":"https:\/\/vimagazine.com.br\/index.php?rest_route=\/wp\/v2\/media\/7839"}],"wp:attachment":[{"href":"https:\/\/vimagazine.com.br\/index.php?rest_route=%2Fwp%2Fv2%2Fmedia&parent=7838"}],"wp:term":[{"taxonomy":"category","embeddable":true,"href":"https:\/\/vimagazine.com.br\/index.php?rest_route=%2Fwp%2Fv2%2Fcategories&post=7838"},{"taxonomy":"post_tag","embeddable":true,"href":"https:\/\/vimagazine.com.br\/index.php?rest_route=%2Fwp%2Fv2%2Ftags&post=7838"}],"curies":[{"name":"wp","href":"https:\/\/api.w.org\/{rel}","templated":true}]}}