{"id":7861,"date":"2022-12-14T14:31:00","date_gmt":"2022-12-14T17:31:00","guid":{"rendered":"https:\/\/vimagazine.com.br\/?p=7861"},"modified":"2022-12-21T23:47:18","modified_gmt":"2022-12-22T02:47:18","slug":"instituto-adria-santos-quer-aumentar-atendimentos-em-2023","status":"publish","type":"post","link":"https:\/\/vimagazine.com.br\/?p=7861","title":{"rendered":"Instituto Adria Santos quer aumentar atendimentos em 2023"},"content":{"rendered":"\n<p>Projeto comandado pela tetracampe\u00e3 paral\u00edmpica foi inaugurado em agosto deste ano, em Joinville (SC), e conta com o apoio do banco BV<\/p>\n\n\n\n<p>Com apenas quatro meses desde a inaugura\u00e7\u00e3o, em agosto, o Instituto Adria Santos encerra o ano com saldo positivo. Ao todo, o projeto comandado pela tetracampe\u00e3 paral\u00edmpica, e que tem o apoio do banco BV, j\u00e1 tem 55 crian\u00e7as entre seis e 12 anos participando das aulas de atletismo.<br><br>Localizado dentro da Univille, em Joinville (SC), cidade onde Adria mora desde 2003, o projeto \u00e9 a realiza\u00e7\u00e3o de um sonho da atleta. \u201c\u00c9 um momento incr\u00edvel para mim. Esses primeiros meses de atua\u00e7\u00e3o foram de muito aprendizado para todos da equipe. Quero agradecer ao banco BV que est\u00e1 proporcionando esse momento t\u00e3o incr\u00edvel na minha vida\u201d, comemorou Adria.<br><br>\u201cA Adria representou o pa\u00eds por muitos anos nas principais competi\u00e7\u00f5es do planeta e, agora, devolve para crian\u00e7as e jovens um pouco de seus aprendizados. Para o banco BV \u00e9 motivo de orgulho estar ao lado de um \u00edcone que inspira tantas pessoas por sua hist\u00f3ria de luta, supera\u00e7\u00e3o e conquistas\u201d, afirma Tiago Soares, gerente executivo de Sustentabilidade e Brand Experience do banco BV.<br><br>O objetivo do instituto \u00e9 aumentar sua capacidade para atender 80 crian\u00e7as e jovens em 2023, al\u00e9m de adicionar em sua estrutura uma psic\u00f3loga, uma nutricionista e aulas de refor\u00e7o de matem\u00e1tica e portugu\u00eas. Adria promove seu projeto em escolas p\u00fablicas da regi\u00e3o e fala para milhares de crian\u00e7as sobre os benef\u00edcios do esporte.<br><br>\u201cPara 2023 temos uma expectativa com a expans\u00e3o do projeto e um maior n\u00famero de vagas n\u00e3o s\u00f3 para aulas de atletismo, mas tamb\u00e9m para outros segmentos. Temos um longo caminho de conquistas e realiza\u00e7\u00f5es pela frente e cada dia me apaixono mais pelas crian\u00e7as e pelo projeto\u201d, finalizou a atleta.<br><br>J\u00e1 no m\u00eas de janeiro o Instituto Adria Santos ter\u00e1 uma col\u00f4nia de f\u00e9rias que contemplar\u00e1 as crian\u00e7as inscritas com atividades voltadas ao esporte e ao entretenimento.<\/p>\n\n\n\n<p><br><br>Cr\u00e9dito da foto: Paula Anita Vitali Moritz, Instituto Adria Santos, Divulga\u00e7\u00e3o<br><br><strong>Sobre o BV<\/strong><\/p>\n\n\n\n<figure class=\"wp-container-2 wp-block-gallery-1 wp-block-gallery has-nested-images columns-default is-cropped\">\n<figure class=\"wp-block-image size-large\"><img width=\"627\" height=\"418\" data-id=\"7866\"  src=\"https:\/\/vimagazine.com.br\/wp-content\/uploads\/2022\/12\/IMG_0277.jpg\" alt=\"\" class=\"wp-image-7866\" srcset=\"https:\/\/vimagazine.com.br\/wp-content\/uploads\/2022\/12\/IMG_0277.jpg 627w, https:\/\/vimagazine.com.br\/wp-content\/uploads\/2022\/12\/IMG_0277-300x200.jpg 300w\" sizes=\"(max-width: 627px) 100vw, 627px\" \/><\/figure>\n\n\n\n<figure class=\"wp-block-image size-large\"><img width=\"627\" height=\"418\" data-id=\"7865\"  src=\"https:\/\/vimagazine.com.br\/wp-content\/uploads\/2022\/12\/IMG_0255.jpg\" alt=\"\" class=\"wp-image-7865\" srcset=\"https:\/\/vimagazine.com.br\/wp-content\/uploads\/2022\/12\/IMG_0255.jpg 627w, https:\/\/vimagazine.com.br\/wp-content\/uploads\/2022\/12\/IMG_0255-300x200.jpg 300w\" sizes=\"(max-width: 627px) 100vw, 627px\" \/><\/figure>\n\n\n\n<figure class=\"wp-block-image size-large\"><img width=\"627\" height=\"418\" data-id=\"7864\"  src=\"https:\/\/vimagazine.com.br\/wp-content\/uploads\/2022\/12\/IMG_0244.jpg\" alt=\"\" class=\"wp-image-7864\" srcset=\"https:\/\/vimagazine.com.br\/wp-content\/uploads\/2022\/12\/IMG_0244.jpg 627w, https:\/\/vimagazine.com.br\/wp-content\/uploads\/2022\/12\/IMG_0244-300x200.jpg 300w\" sizes=\"(max-width: 627px) 100vw, 627px\" \/><\/figure>\n\n\n\n<figure class=\"wp-block-image size-large\"><img width=\"627\" height=\"418\" data-id=\"7863\"  src=\"https:\/\/vimagazine.com.br\/wp-content\/uploads\/2022\/12\/IMG_0231.jpg\" alt=\"\" class=\"wp-image-7863\" srcset=\"https:\/\/vimagazine.com.br\/wp-content\/uploads\/2022\/12\/IMG_0231.jpg 627w, https:\/\/vimagazine.com.br\/wp-content\/uploads\/2022\/12\/IMG_0231-300x200.jpg 300w\" sizes=\"(max-width: 627px) 100vw, 627px\" \/><\/figure>\n<\/figure>\n\n\n\n<p>O banco BV \u00e9 uma das maiores institui\u00e7\u00f5es financeiras do pa\u00eds em ativos e atua nos segmentos de Varejo e Corporate &amp; Investment Banking. Em sua estrat\u00e9gia de neg\u00f3cios, re\u00fane a solidez dos bancos tradicionais com o mindset dos digitais. O banco \u00e9 um dos l\u00edderes no financiamento de placas solares, especialista no financiamento de ve\u00edculos usados leves e a primeira institui\u00e7\u00e3o a neutralizar a emiss\u00e3o de poluentes dos autom\u00f3veis que financia. Conhecida pelas parcerias com startups, a institui\u00e7\u00e3o apresenta solu\u00e7\u00f5es inovadoras para o mercado. O banco BV definiu seus compromissos com os pilares ambientais, sociais e de governan\u00e7a no documento p\u00fablico &#8220;Compromissos para um futuro mais leve 2030&#8221;.<\/p>\n","protected":false},"excerpt":{"rendered":"<p>Projeto comandado pela tetracampe\u00e3 paral\u00edmpica foi inaugurado em agosto deste ano, em Joinville (SC), e&#8230;<\/p>\n","protected":false},"author":20,"featured_media":7862,"comment_status":"closed","ping_status":"open","sticky":false,"template":"","format":"standard","meta":{"om_disable_all_campaigns":false,"_monsterinsights_skip_tracking":false,"_monsterinsights_sitenote_active":false,"_monsterinsights_sitenote_note":"","_monsterinsights_sitenote_category":0,"spay_email":""},"categories":[1],"tags":[],"jetpack_featured_media_url":"https:\/\/vimagazine.com.br\/wp-content\/uploads\/2022\/12\/WhatsApp-Image-2022-12-14-at-15.41.03.jpeg","_links":{"self":[{"href":"https:\/\/vimagazine.com.br\/index.php?rest_route=\/wp\/v2\/posts\/7861"}],"collection":[{"href":"https:\/\/vimagazine.com.br\/index.php?rest_route=\/wp\/v2\/posts"}],"about":[{"href":"https:\/\/vimagazine.com.br\/index.php?rest_route=\/wp\/v2\/types\/post"}],"author":[{"embeddable":true,"href":"https:\/\/vimagazine.com.br\/index.php?rest_route=\/wp\/v2\/users\/20"}],"replies":[{"embeddable":true,"href":"https:\/\/vimagazine.com.br\/index.php?rest_route=%2Fwp%2Fv2%2Fcomments&post=7861"}],"version-history":[{"count":1,"href":"https:\/\/vimagazine.com.br\/index.php?rest_route=\/wp\/v2\/posts\/7861\/revisions"}],"predecessor-version":[{"id":7867,"href":"https:\/\/vimagazine.com.br\/index.php?rest_route=\/wp\/v2\/posts\/7861\/revisions\/7867"}],"wp:featuredmedia":[{"embeddable":true,"href":"https:\/\/vimagazine.com.br\/index.php?rest_route=\/wp\/v2\/media\/7862"}],"wp:attachment":[{"href":"https:\/\/vimagazine.com.br\/index.php?rest_route=%2Fwp%2Fv2%2Fmedia&parent=7861"}],"wp:term":[{"taxonomy":"category","embeddable":true,"href":"https:\/\/vimagazine.com.br\/index.php?rest_route=%2Fwp%2Fv2%2Fcategories&post=7861"},{"taxonomy":"post_tag","embeddable":true,"href":"https:\/\/vimagazine.com.br\/index.php?rest_route=%2Fwp%2Fv2%2Ftags&post=7861"}],"curies":[{"name":"wp","href":"https:\/\/api.w.org\/{rel}","templated":true}]}}