{"id":7868,"date":"2022-12-22T00:56:53","date_gmt":"2022-12-22T03:56:53","guid":{"rendered":"https:\/\/vimagazine.com.br\/?p=7868"},"modified":"2022-12-22T00:56:57","modified_gmt":"2022-12-22T03:56:57","slug":"quando-as-lentes-de-contato-dentais-vao-muito-alem-da-estetica","status":"publish","type":"post","link":"https:\/\/vimagazine.com.br\/?p=7868","title":{"rendered":"Quando as lentes de contato dentais v\u00e3o muito al\u00e9m da est\u00e9tica"},"content":{"rendered":"\n<p><\/p>\n\n\n\n<p><strong>&nbsp;&nbsp; Adriano Iglesias<\/strong>&nbsp;est\u00e1 h\u00e1 mais de 20 anos no mercado odontol\u00f3gico, \u00e9 formado em odontologia pela&nbsp;<strong>USP de Ribeir\u00e3o Preto<\/strong>. Possui especializa\u00e7\u00e3o nos&nbsp;<strong>Estados Unidos<\/strong>, onde passou anos viajando, estudando e praticando seu m\u00e9todo&nbsp;<strong>Full 2D de reabilita\u00e7\u00e3o oral<\/strong>. O mesmo possui tamb\u00e9m especializa\u00e7\u00f5es em Implantes Dentais, em Pr\u00f3tese Dental, em Radiologia e Imaginologia, bem como, em Harmoniza\u00e7\u00e3o Orofacial e Odontologia Digital Est\u00e9tica &amp; Multidisciplinar.<\/p>\n\n\n\n<p>&nbsp;&nbsp; A prop\u00f3sito da expressiva busca pela beleza, h\u00e1 muitas pessoas que procuram o tratamento odontol\u00f3gico como meio de obter a t\u00e3o almejada autoestima. Foi pensando nisso e em outros aspectos correlatos que eu entrevistei, o Cirurgi\u00e3o Dentista, Dr. <strong>Adriano Iglesias<\/strong>.<\/p>\n\n\n\n<p><strong><em>O que \u00e9 uma lente dental e quais os benef\u00edcios proporcionados al\u00e9m da est\u00e9tica<\/em><\/strong><\/p>\n\n\n\n<p><strong>&nbsp; R:<\/strong> As lentes dentais s\u00e3o fragmentos cer\u00e2micos com espessura muito finas podendo checar a 0,5 mm de grossura. Elas s\u00e3o instaladas total ou parcialmente nos dentes com a inten\u00e7\u00e3o de construir uma vers\u00e3o harm\u00f4nica dos dentes em rela\u00e7\u00e3o ao rosto, l\u00e1bios e boca, corrigindo cor, formato, textura, oclus\u00e3o al\u00e9m da despropor\u00e7\u00e3o de dentes pouco desenvolvidos.<\/p>\n\n\n\n<p>\u00a0\u00a0 A beleza \u00e9 importante hoje em dia e isso n\u00e3o \u00e9 segredo para ningu\u00e9m. E, quem n\u00e3o est\u00e1 satisfeito com seus dentes pode se sentir incomodado com a pr\u00f3pria apar\u00eancia impactando no emocional e na autoestima, podendo levar a quadros de depress\u00e3o, pois o paciente pode se sentir mal e insatisfeito com seu sorriso, sem falar que isso pode influenciar na qualidade da mastiga\u00e7\u00e3o dos alimentos que tende a ficar prejudicada. \u00a0Quando esta despropor\u00e7\u00e3o no tamanho dos dentes afeta os contatos entre eles durante a mastiga\u00e7\u00e3o, os alimentos acabam n\u00e3o sendo triturados corretamente durante a mastiga\u00e7\u00e3o. Com isso os alimentos s\u00e3o ingeridos em peda\u00e7os maiores afetando a digest\u00e3o.<br><\/p>\n\n\n\n<p><strong><em>Quais s\u00e3o os principais motivos que fazem as pessoas procurarem a coloca\u00e7\u00e3o de lentes dentais? Problemas emocionais como falta de auto estima, o que tem promovido esta busca?<\/em><\/strong><\/p>\n\n\n\n<p>&nbsp; <strong>R: <\/strong>O sonho de um sorriso definitivo alinhado com aspecto saud\u00e1vel e natural s\u00e3o os principais motivos que fazem com que as pessoas procurem este &nbsp;&nbsp;procedimento nos dentes. As lentes podem ajudar a conquistar a melhor vers\u00e3o do sorriso com a vantagem de um tratamento seguro, r\u00e1pido e indolor.<\/p>\n\n\n\n<p>&nbsp;&nbsp; O uso correto da tecnologia na confec\u00e7\u00e3o das lentes tornou este procedimento muito seguro e dur\u00e1vel, aumentando a confian\u00e7a dos pacientes na t\u00e9cnica.<\/p>\n\n\n\n<p><strong><em>&nbsp; Como as lentes podem contribuir no bem estar das pessoas?<\/em><\/strong><\/p>\n\n\n\n<p>&nbsp;&nbsp; <strong>R: <\/strong>&nbsp;&nbsp;Al\u00e9m de transmitir felicidade, um sorriso bonito \u00e9 o cart\u00e3o de visitas de qualquer um e ajuda nas conquistas di\u00e1rias, pois uma pessoa realizada com seu sorriso se torna mais alegre, mais confiante de si. O desejo de parecer mais bonito e, portanto, mais apresent\u00e1vel j\u00e1 n\u00e3o \u00e9 mais considerado somente um atributo est\u00e9tico, mas sim itens b\u00e1sicos para um melhor posicionamento do indiv\u00edduo na sociedade.<\/p>\n\n\n\n<p>&nbsp;&nbsp;&nbsp; A express\u00e3o facial transmitida pelo sorriso, tem influ\u00eancia direta nas rela\u00e7\u00f5es sociais e na autoestima das pessoas.<\/p>\n\n\n\n<p><strong><em>Quais s\u00e3o os casos mais corriqueiros que o senhor atende no dia a dia que o remete a dar um amparo emocional ao paciente?<\/em><\/strong><\/p>\n\n\n\n<p>&nbsp;&nbsp; <strong>R:&nbsp; <\/strong>Alguns pacientes durante toda a vida buscaram e se dedicaram para ter uma boa sa\u00fade bucal, por\u00e9m apesar dos esfor\u00e7os n\u00e3o conseguiram atingir o objetivo de ter prazer com sua boca e sorriso. Estes pacientes durante sua jornada visitaram muitos dentistas diferentes e se submeteram a v\u00e1rios tratamentos, sempre na esperan\u00e7a de realizar um sonho, de ter dentes saud\u00e1veis e confian\u00e7a para sorrir, ou mesmo apenas para n\u00e3o sentir dores com pr\u00f3teses remov\u00edveis durante a mastiga\u00e7\u00e3o.<\/p>\n\n\n\n<p>&nbsp;&nbsp; Muitos destes pacientes j\u00e1 desistiram deste sonho, pois n\u00e3o conseguem mais acreditar que seja poss\u00edvel ter os dentes fortes, bonitos de forma definitiva, e acabam visitando o dentista apenas em ocasi\u00f5es de emerg\u00eancias.<\/p>\n\n\n\n<p>&nbsp;&nbsp; Quando mostro a eles que \u00e9 poss\u00edvel sim ter os dentes saud\u00e1veis de forma definitiva usando a tecnologia, vejo em seu olhar uma esperan\u00e7a surgir, pois com a minha t\u00e9cnica full 2D de reabilita\u00e7\u00e3o oral o sonho do sorriso definitivo fica real.<\/p>\n\n\n\n<p>&nbsp;&nbsp;&nbsp; Cada dente recebe um tratamento espec\u00edfico para que seja integrado ao projeto final feito no computador Trata-se de uma t\u00e9cnica multidisciplinar que usa efetivamente a tecnologia digital para trazer conforto e agilidade ao tratamento, sendo indicada para tratamentos est\u00e9ticos como lentes de contato dentais e para reabilita\u00e7\u00f5es extensas envolvendo implantes e corre\u00e7\u00f5es complexas<\/p>\n\n\n\n<p>&nbsp;&nbsp;&nbsp; Esta t\u00e9cnica mudou o conceito de tratamento odontol\u00f3gico como conhec\u00edamos, pois, na maioria das vezes, com apenas duas sess\u00f5es de atendimento \u00e9 poss\u00edvel com ajuda da Odontologia Digital finalizar de maneira definitiva em menos de uma semana tratamentos com lentes de contato dentais e at\u00e9 reabilita\u00e7\u00f5es extensas envolvendo implantes e demais especialidades sem dor, com a inten\u00e7\u00e3o de encurtar um tratamento cansativo de reabilita\u00e7\u00e3o oral multidisciplinar que poderia levar anos.<\/p>\n\n\n\n<p><strong><em>&nbsp;Quais s\u00e3o as solu\u00e7\u00f5es mais comuns que o senhor oferece na sua cl\u00ednica?<\/em><\/strong><\/p>\n\n\n\n<p>&nbsp; <strong>R: <\/strong>No meu dia a dia, utilizo 100% da tecnologia digital na solu\u00e7\u00e3o dos tratamentos, integrando muitas especialidades para este objetivo, mas para que tudo isso aconte\u00e7a se faz necess\u00e1rio uma estrutura de cl\u00ednica diferenciada, com tom\u00f3grafo dental, rodos de fresagem, scanner 3d, centro cir\u00fargico pr\u00f3prio com anestesia computadorizada e m\u00e9dico anestesista.<\/p>\n\n\n\n<p>&nbsp;&nbsp;&nbsp; Fa\u00e7o o planejamento de cada caso utilizando softwares de computador para decidir a melhor maneira de solucionar cada situa\u00e7\u00e3o espec\u00edfica e com isso ganho agilidade e previsibilidade de resultado.<\/p>\n\n\n\n<p>&nbsp;&nbsp;&nbsp; No caso de lentes de contato, este planejamento garante o menor desgaste necess\u00e1rio em cada dente para que o projeto final seja alcan\u00e7ado com sucesso. Muitas vezes no planejamento posso observar que alguns dentes nem precisam ser desgastados.&nbsp;<\/p>\n\n\n\n<p>&nbsp;&nbsp;&nbsp; Nas reabilita\u00e7\u00f5es com implantes, consigo atrav\u00e9s desta tecnologia decidir a posi\u00e7\u00e3o exata dos implantes no osso antes mesmo de iniciar a cirurgia de instala\u00e7\u00e3o dos mesmos, que s\u00e3o posicionados sem cortes nas gengivas, gerando um p\u00f3s-operat\u00f3rio mais tranquilo e r\u00e1pido.<\/p>\n\n\n\n<p>&nbsp;&nbsp;&nbsp; Sempre com o objetivo de devolver est\u00e9tica e fun\u00e7\u00e3o de maneira integrada e definitiva, seguindo o projeto pr\u00e9vio feito no computador, devolvendo a seguran\u00e7a do sorriso saud\u00e1vel e o prazer do resultado final.<\/p>\n\n\n\n<p><strong><em>&nbsp;Como as pessoas da terceira idade reagem ap\u00f3s o tratamento dent\u00e1rio que o senhor faz seja de implantes ou de fortalecimento dos dentes?<\/em><\/strong><\/p>\n\n\n\n<p>&nbsp; <strong>R: <\/strong>Ap\u00f3s a conclus\u00e3o do tratamento, quando as pessoas conseguem visualizar e sentir que sua boca foi reabilitada de forma definitiva com est\u00e9tica dental em harmonia com o rosto e sua personalidade, elas ficam muito satisfeitas e aliviadas de terem enfim, resolvido um problema que as assombrava h\u00e1 muitos anos.<\/p>\n\n\n\n<p>&nbsp;&nbsp; O prazer de poder proporcionar sa\u00fade e poder conduzir um tratamento experimentado de forma segura, sabendo que o resultado final vai ser alcan\u00e7ado \u00e9 indescrit\u00edvel e me motiva a cada dia buscar novas solu\u00e7\u00f5es.<\/p>\n\n\n\n<p>&nbsp;&nbsp;&nbsp; Este \u00e9 o motivo pelo qual eu invisto tanto em tecnologia, para poder trazer conforto e seguran\u00e7a para os meus pacientes, para que realizem seu sonho dos dentes alinhados e saud\u00e1veis&nbsp;&nbsp;<\/p>\n\n\n\n<p><strong><em>&nbsp;Quais s\u00e3o suas p\u00e1ginas para que as pessoas possam entrar em contato<\/em><\/strong><\/p>\n\n\n\n<p>&nbsp;<strong>R:&nbsp; <\/strong>O contato pode ser feito atrav\u00e9s do meu Instagram <a href=\"https:\/\/www.instagram.com\/dr.adrianoiglesias\/\">@dr.adrianoiglesias<\/a> ou whatsapp (17) 32227320. Meu site \u00e9 <a href=\"http:\/\/www.adrianoiglesias.com\">www.adrianoiglesias.com<\/a> e o endere\u00e7o da cl\u00ednica \u00e9 Rua Doutor Raul Silva, 234 &#8211; Vila Redentora &#8211; Cep 15015-020. Minha cl\u00ednica fica localizada no interior do estado de S\u00e3o Paulo, na cidade de S\u00e3o Jos\u00e9 do Rio Preto. &nbsp;<\/p>\n","protected":false},"excerpt":{"rendered":"<p>&nbsp;&nbsp; Adriano Iglesias&nbsp;est\u00e1 h\u00e1 mais de 20 anos no mercado odontol\u00f3gico, \u00e9 formado em odontologia&#8230;<\/p>\n","protected":false},"author":2,"featured_media":7869,"comment_status":"closed","ping_status":"open","sticky":false,"template":"","format":"standard","meta":{"om_disable_all_campaigns":false,"_monsterinsights_skip_tracking":false,"_monsterinsights_sitenote_active":false,"_monsterinsights_sitenote_note":"","_monsterinsights_sitenote_category":0,"spay_email":""},"categories":[31],"tags":[538,537],"jetpack_featured_media_url":"https:\/\/vimagazine.com.br\/wp-content\/uploads\/2022\/12\/490830-morre-o-jornalista-carlos-brickmann.jpg","_links":{"self":[{"href":"https:\/\/vimagazine.com.br\/index.php?rest_route=\/wp\/v2\/posts\/7868"}],"collection":[{"href":"https:\/\/vimagazine.com.br\/index.php?rest_route=\/wp\/v2\/posts"}],"about":[{"href":"https:\/\/vimagazine.com.br\/index.php?rest_route=\/wp\/v2\/types\/post"}],"author":[{"embeddable":true,"href":"https:\/\/vimagazine.com.br\/index.php?rest_route=\/wp\/v2\/users\/2"}],"replies":[{"embeddable":true,"href":"https:\/\/vimagazine.com.br\/index.php?rest_route=%2Fwp%2Fv2%2Fcomments&post=7868"}],"version-history":[{"count":1,"href":"https:\/\/vimagazine.com.br\/index.php?rest_route=\/wp\/v2\/posts\/7868\/revisions"}],"predecessor-version":[{"id":7870,"href":"https:\/\/vimagazine.com.br\/index.php?rest_route=\/wp\/v2\/posts\/7868\/revisions\/7870"}],"wp:featuredmedia":[{"embeddable":true,"href":"https:\/\/vimagazine.com.br\/index.php?rest_route=\/wp\/v2\/media\/7869"}],"wp:attachment":[{"href":"https:\/\/vimagazine.com.br\/index.php?rest_route=%2Fwp%2Fv2%2Fmedia&parent=7868"}],"wp:term":[{"taxonomy":"category","embeddable":true,"href":"https:\/\/vimagazine.com.br\/index.php?rest_route=%2Fwp%2Fv2%2Fcategories&post=7868"},{"taxonomy":"post_tag","embeddable":true,"href":"https:\/\/vimagazine.com.br\/index.php?rest_route=%2Fwp%2Fv2%2Ftags&post=7868"}],"curies":[{"name":"wp","href":"https:\/\/api.w.org\/{rel}","templated":true}]}}