{"id":7896,"date":"2023-01-02T14:54:20","date_gmt":"2023-01-02T17:54:20","guid":{"rendered":"https:\/\/vimagazine.com.br\/?p=7896"},"modified":"2023-01-02T14:54:24","modified_gmt":"2023-01-02T17:54:24","slug":"expocentro-recebe-joao-gomes-e-a-dupla-jorge-mateus","status":"publish","type":"post","link":"https:\/\/vimagazine.com.br\/?p=7896","title":{"rendered":"Expocentro recebe Jo\u00e3o Gomes e a dupla Jorge &#038; Mateus"},"content":{"rendered":"\n<p><\/p>\n\n\n\n<h1 class=\"has-medium-font-size\"><strong>O Expocentro abre o ano com um super show: Jo\u00e3o Gomes e a dupla Jorge &amp; Mateus, no dia 4 de janeiro. Ser\u00e1 uma noite de muita m\u00fasica e hits de sucesso. Jo\u00e3o Gomes, um dos cantores de maior sucesso do momento. \u00a0O forrozeiro dono de muitos hits, vai embalar a noite com m\u00fasicas que o tornaram conhecido como: \u201cMeu Peda\u00e7o de Pecado\u201d, \u201cEu Tenho a Senha\u201d, \u201cMeu cafofo\u201d e a \u201cDengo\u201d, que tem embalado os casais apaixonados.<br>A dupla Jorge &amp; Mateus, que est\u00e3o na estrada desde 2005, \u00e9 considerada o principal nome do sertanejo universit\u00e1rio. S\u00e3o muitos anos emplacando hits de sucessos por todo o Pa\u00eds. Com quase 15 anos de carreira a dupla tem arrastado multid\u00f5es por onde fazem shows. No Spotfy a dupla j\u00e1 teve can\u00e7\u00f5es executadas em mais de 61 pa\u00edses por mais de 10 milh\u00f5es de f\u00e3s, s\u00e3o os \u00fanicos cantores sertanejos brasileiros com mais de 1 bilh\u00e3o de plays, no Deezer s\u00e3o os artistas com mais seguidores. No Youtube ele tem aproximadamente 380 milh\u00f5es de views. \u00a0<br>No palco do Expocentro a dupla promete embalar o p\u00fablico com sucessos novos e antigos. O \u00e1lbum mais recente \u201c\u00c9 Simples Assim\u201d, j\u00e1 alcan\u00e7ou n\u00fameros incr\u00edveis com as tr\u00eas m\u00fasicas in\u00e9ditas \u201cTodo Seu\u201d, \u201cCinco Regras\u201d e \u201cCanto e Pedra\u201d.<br>Os ingressos est\u00e3o \u00e0 venda no site Ingresso Nacional. Os port\u00f5es abrem \u00e0s 20h e o in\u00edcio do show est\u00e1 previsto para \u00e0s 23h. Ser\u00e3o quatro setores: arena, vip frente ao palco, premium open bar e camarotes. Neste evento ter\u00e1 copo ecol\u00f3gico, que s\u00e3o 100% recicl\u00e1veis, que dever\u00e3o ser adquiridos para consumir as bebidas durante o evento. Ao final do show, o p\u00fablio poder\u00e1 devolver e ser\u00e1 ressarcido ou levar como uma lembran\u00e7a. N\u00e3o ter\u00e1 outro tipo de copo no evento.<br><\/strong><\/h1>\n\n\n\n<figure class=\"wp-container-2 wp-block-gallery-1 wp-block-gallery has-nested-images columns-default is-cropped\">\n<figure class=\"wp-block-image size-large\"><img width=\"365\" height=\"490\" data-id=\"7898\"  src=\"https:\/\/vimagazine.com.br\/wp-content\/uploads\/2023\/01\/Joao-Gomes-2-Foto-Steff-Lima.jpg\" alt=\"\" class=\"wp-image-7898\" srcset=\"https:\/\/vimagazine.com.br\/wp-content\/uploads\/2023\/01\/Joao-Gomes-2-Foto-Steff-Lima.jpg 365w, https:\/\/vimagazine.com.br\/wp-content\/uploads\/2023\/01\/Joao-Gomes-2-Foto-Steff-Lima-223x300.jpg 223w\" sizes=\"(max-width: 365px) 100vw, 365px\" \/><\/figure>\n\n\n\n<figure class=\"wp-block-image size-large\"><img width=\"1350\" height=\"1080\" data-id=\"7899\"  src=\"https:\/\/vimagazine.com.br\/wp-content\/uploads\/2023\/01\/Cadu_Fernandes__7R47333-1350x1080-1.jpeg\" alt=\"\" class=\"wp-image-7899\" srcset=\"https:\/\/vimagazine.com.br\/wp-content\/uploads\/2023\/01\/Cadu_Fernandes__7R47333-1350x1080-1.jpeg 1350w, https:\/\/vimagazine.com.br\/wp-content\/uploads\/2023\/01\/Cadu_Fernandes__7R47333-1350x1080-1-300x240.jpeg 300w, https:\/\/vimagazine.com.br\/wp-content\/uploads\/2023\/01\/Cadu_Fernandes__7R47333-1350x1080-1-1024x819.jpeg 1024w, https:\/\/vimagazine.com.br\/wp-content\/uploads\/2023\/01\/Cadu_Fernandes__7R47333-1350x1080-1-768x614.jpeg 768w\" sizes=\"(max-width: 1350px) 100vw, 1350px\" \/><\/figure>\n\n\n\n<figure class=\"wp-block-image size-large\"><img width=\"1350\" height=\"1080\" data-id=\"7900\"  src=\"https:\/\/vimagazine.com.br\/wp-content\/uploads\/2023\/01\/Cadu_Fernandes__7R46648-1350x1080-2.jpeg\" alt=\"\" class=\"wp-image-7900\" srcset=\"https:\/\/vimagazine.com.br\/wp-content\/uploads\/2023\/01\/Cadu_Fernandes__7R46648-1350x1080-2.jpeg 1350w, https:\/\/vimagazine.com.br\/wp-content\/uploads\/2023\/01\/Cadu_Fernandes__7R46648-1350x1080-2-300x240.jpeg 300w, https:\/\/vimagazine.com.br\/wp-content\/uploads\/2023\/01\/Cadu_Fernandes__7R46648-1350x1080-2-1024x819.jpeg 1024w, https:\/\/vimagazine.com.br\/wp-content\/uploads\/2023\/01\/Cadu_Fernandes__7R46648-1350x1080-2-768x614.jpeg 768w\" sizes=\"(max-width: 1350px) 100vw, 1350px\" \/><\/figure>\n<\/figure>\n\n\n\n<h1 class=\"has-medium-font-size\"><br><strong>Sobre cada setor do show:<\/strong><br><\/h1>\n\n\n\n<h1 class=\"has-medium-font-size\"><strong>ARENA<br>\u2022Menor custo do evento, vis\u00e3o frontal do palco, bares e banheiros pr\u00f3prios.<br><br>VIP FRENTE PALCO<br>\u2022Setor com acesso \u00e0 frente do palco, bares e banheiros exclusivos.<br><br>PREMIUM OPEN BAR<br>\u2022 Melhor setor do evento, com acesso \u00e0 frente do palco<br>\u2022 Bares e banheiros exclusivos<br>\u2022 Open bar de: \u00c1gua, Cerveja, Vodka, Suco e Refrigerante da abertura dos port\u00f5es at\u00e9 o t\u00e9rmino do show principal.<br>&#8211; Classifica\u00e7\u00e3o do setor: +18 | Menores n\u00e3o ter\u00e3o acesso ao Setor, mesmo acompanhado dos Pais ou Respons\u00e1vel Legal.<br><br>CAMAROTE BOX<br>&#8211; Informa\u00e7\u00f5es e compras pelo telefone: (47) 3228-1700<br>\u2022 Espa\u00e7o elevado para 12 pessoas, com vis\u00e3o frontal do palco, bares e banheiros.<br><br>* Lotes sujeitos a altera\u00e7\u00e3o e\/ou indisponibilidade sem aviso pr\u00e9vio.<\/strong><br><br><strong>Servi\u00e7o:<\/strong><br><strong>Local<\/strong>: Expocentro Balne\u00e1rio Cambori\u00fa J\u00falio Tedesco<br><strong>Data<\/strong>: 4 de janeiro<br><strong>Abertura dos port\u00f5es:<\/strong>\u00a020h<br><strong>Venda de ingressos<\/strong>: Ingresso Nacional<br><strong>Contato (Expocentro):<\/strong><br>47 &#8211; 3228-1700<br>47 &#8211; 3228-1701<br><strong>Expocentro Balne\u00e1rio Cambori\u00fa J\u00falio Tedesco<\/strong><br>Av. Marginal Oeste- Balne\u00e1rio Cambori\u00fa<br>@expocentrobc<br><a>www.expocentrobc.com.br<\/a><br><\/h1>\n\n\n\n<p>Fotos: Steff Lima<\/p>\n","protected":false},"excerpt":{"rendered":"<p>O Expocentro abre o ano com um super show: Jo\u00e3o Gomes e a dupla Jorge&#8230;<\/p>\n","protected":false},"author":1,"featured_media":7897,"comment_status":"closed","ping_status":"open","sticky":false,"template":"","format":"standard","meta":{"om_disable_all_campaigns":false,"_monsterinsights_skip_tracking":false,"_monsterinsights_sitenote_active":false,"_monsterinsights_sitenote_note":"","_monsterinsights_sitenote_category":0,"spay_email":""},"categories":[1],"tags":[],"jetpack_featured_media_url":"https:\/\/vimagazine.com.br\/wp-content\/uploads\/2023\/01\/Cadu_Fernandes__7R46648-1350x1080-1.jpeg","_links":{"self":[{"href":"https:\/\/vimagazine.com.br\/index.php?rest_route=\/wp\/v2\/posts\/7896"}],"collection":[{"href":"https:\/\/vimagazine.com.br\/index.php?rest_route=\/wp\/v2\/posts"}],"about":[{"href":"https:\/\/vimagazine.com.br\/index.php?rest_route=\/wp\/v2\/types\/post"}],"author":[{"embeddable":true,"href":"https:\/\/vimagazine.com.br\/index.php?rest_route=\/wp\/v2\/users\/1"}],"replies":[{"embeddable":true,"href":"https:\/\/vimagazine.com.br\/index.php?rest_route=%2Fwp%2Fv2%2Fcomments&post=7896"}],"version-history":[{"count":1,"href":"https:\/\/vimagazine.com.br\/index.php?rest_route=\/wp\/v2\/posts\/7896\/revisions"}],"predecessor-version":[{"id":7901,"href":"https:\/\/vimagazine.com.br\/index.php?rest_route=\/wp\/v2\/posts\/7896\/revisions\/7901"}],"wp:featuredmedia":[{"embeddable":true,"href":"https:\/\/vimagazine.com.br\/index.php?rest_route=\/wp\/v2\/media\/7897"}],"wp:attachment":[{"href":"https:\/\/vimagazine.com.br\/index.php?rest_route=%2Fwp%2Fv2%2Fmedia&parent=7896"}],"wp:term":[{"taxonomy":"category","embeddable":true,"href":"https:\/\/vimagazine.com.br\/index.php?rest_route=%2Fwp%2Fv2%2Fcategories&post=7896"},{"taxonomy":"post_tag","embeddable":true,"href":"https:\/\/vimagazine.com.br\/index.php?rest_route=%2Fwp%2Fv2%2Ftags&post=7896"}],"curies":[{"name":"wp","href":"https:\/\/api.w.org\/{rel}","templated":true}]}}