{"id":8004,"date":"2023-01-06T14:38:10","date_gmt":"2023-01-06T17:38:10","guid":{"rendered":"https:\/\/vimagazine.com.br\/?p=8004"},"modified":"2023-01-06T14:38:58","modified_gmt":"2023-01-06T17:38:58","slug":"secretaria-de-agricultura-e-abastecimento-do-estado-realiza-cerimonia-de-transmissao-de-cargo","status":"publish","type":"post","link":"https:\/\/vimagazine.com.br\/?p=8004","title":{"rendered":"Secretaria de Agricultura e Abastecimento do Estado realiza cerim\u00f4nia de transmiss\u00e3o de cargo"},"content":{"rendered":"\n<p><\/p>\n\n\n\n<p>A cerim\u00f4nia de transmiss\u00e3o do cargo de secret\u00e1rio de Agricultura e Abastecimento do Estado ser\u00e1 realizada nesta ter\u00e7a-feira (10\/01), \u00e0s 10 horas, no Sal\u00e3o Nobre da sede da Pasta. O novo secret\u00e1rio Antonio Junqueira, j\u00e1 empossado pelo Governador Tarc\u00edsio de Freitas, receber\u00e1 a passagem por parte do ex-secret\u00e1rio Francisco Matturro, que exerceu o cargo durante 2022.<\/p>\n\n\n\n<p>O evento contar\u00e1 com a presen\u00e7a de autoridades federais e estaduais e representantes do setor produtivo.<\/p>\n\n\n\n<p>A cerim\u00f4nia ter\u00e1 transmiss\u00e3o ao vivo pelos canais oficiais da secretaria no Youtube e no Facebook (<a href=\"https:\/\/www.youtube.com\/@agriculturasp\">https:\/\/www.youtube.com\/@agriculturasp<\/a> e <a href=\"https:\/\/www.facebook.com\/agriculturasp\">https:\/\/www.facebook.com\/agriculturasp<\/a>)<\/p>\n\n\n\n<p>Ap\u00f3s o evento, Antonio Junqueira estar\u00e1 dispon\u00edvel para atender a imprensa.<\/p>\n\n\n\n<p>Servi\u00e7o: cerim\u00f4nia de transmiss\u00e3o de cargo de secret\u00e1rio de Agricultura e Abastecimento do Estado<\/p>\n\n\n\n<p>Data: 10\/01\/2023<\/p>\n\n\n\n<p>Hora: 10 horas<\/p>\n\n\n\n<p>Local: Sal\u00e3o Nobre da Secretaria de Agricultura e Abastecimento do Estado<\/p>\n\n\n\n<p>Endere\u00e7o: Pra\u00e7a Ramos de Azevedo, 254, 1\u00ba andar &#8211; Centro, S\u00e3o Paulo\/SP<\/p>\n","protected":false},"excerpt":{"rendered":"<p>A cerim\u00f4nia de transmiss\u00e3o do cargo de secret\u00e1rio de Agricultura e Abastecimento do Estado ser\u00e1&#8230;<\/p>\n","protected":false},"author":2,"featured_media":8005,"comment_status":"closed","ping_status":"open","sticky":false,"template":"","format":"standard","meta":{"om_disable_all_campaigns":false,"_monsterinsights_skip_tracking":false,"_monsterinsights_sitenote_active":false,"_monsterinsights_sitenote_note":"","_monsterinsights_sitenote_category":0,"spay_email":""},"categories":[27],"tags":[541,542],"jetpack_featured_media_url":"https:\/\/vimagazine.com.br\/wp-content\/uploads\/2023\/01\/00921e16-a981-4f15-8877-f92702ca8494.jpg","_links":{"self":[{"href":"https:\/\/vimagazine.com.br\/index.php?rest_route=\/wp\/v2\/posts\/8004"}],"collection":[{"href":"https:\/\/vimagazine.com.br\/index.php?rest_route=\/wp\/v2\/posts"}],"about":[{"href":"https:\/\/vimagazine.com.br\/index.php?rest_route=\/wp\/v2\/types\/post"}],"author":[{"embeddable":true,"href":"https:\/\/vimagazine.com.br\/index.php?rest_route=\/wp\/v2\/users\/2"}],"replies":[{"embeddable":true,"href":"https:\/\/vimagazine.com.br\/index.php?rest_route=%2Fwp%2Fv2%2Fcomments&post=8004"}],"version-history":[{"count":2,"href":"https:\/\/vimagazine.com.br\/index.php?rest_route=\/wp\/v2\/posts\/8004\/revisions"}],"predecessor-version":[{"id":8007,"href":"https:\/\/vimagazine.com.br\/index.php?rest_route=\/wp\/v2\/posts\/8004\/revisions\/8007"}],"wp:featuredmedia":[{"embeddable":true,"href":"https:\/\/vimagazine.com.br\/index.php?rest_route=\/wp\/v2\/media\/8005"}],"wp:attachment":[{"href":"https:\/\/vimagazine.com.br\/index.php?rest_route=%2Fwp%2Fv2%2Fmedia&parent=8004"}],"wp:term":[{"taxonomy":"category","embeddable":true,"href":"https:\/\/vimagazine.com.br\/index.php?rest_route=%2Fwp%2Fv2%2Fcategories&post=8004"},{"taxonomy":"post_tag","embeddable":true,"href":"https:\/\/vimagazine.com.br\/index.php?rest_route=%2Fwp%2Fv2%2Ftags&post=8004"}],"curies":[{"name":"wp","href":"https:\/\/api.w.org\/{rel}","templated":true}]}}