{"id":8008,"date":"2023-01-06T16:54:02","date_gmt":"2023-01-06T19:54:02","guid":{"rendered":"https:\/\/vimagazine.com.br\/?p=8008"},"modified":"2023-01-06T16:54:44","modified_gmt":"2023-01-06T19:54:44","slug":"cervejaria-multipremiada-estara-no-primeiro-festival-cervejeiro-de-balneario-camboriu","status":"publish","type":"post","link":"https:\/\/vimagazine.com.br\/?p=8008","title":{"rendered":"Cervejaria multipremiada estar\u00e1 no primeiro festival cervejeiro de Balne\u00e1rio Cambori\u00fa"},"content":{"rendered":"\n<p>A Marchand cervejaria que estar\u00e1 no Festival Craf Beer, que acontecer\u00e1 nos dias 12 a 14 de janeiro, no Expocentro, em Balne\u00e1rio Cambori\u00fa, ganhou somente em 2022, 6 medalhas, sendo 3 ouros, 2 pratas e 1 bronze no concurso internacional Brasil Beer Cup e no concurso Brasileiro da Cerveja (CBC).<br>Todas as cervejas premiadas estar\u00e3o presentes no festival, entre elas a multipremiada: Howling Caj\u00e1, Ipa com adi\u00e7\u00e3o de Caj\u00e1, que foi bronze no CBC 22 e ouro no Brasil Beer Cup 22.<\/p>\n\n\n\n<figure class=\"wp-block-image size-large\"><img width=\"1024\" height=\"682\" src=\"https:\/\/vimagazine.com.br\/wp-content\/uploads\/2023\/01\/MarchandWhatsApp-Image-2023-01-04-at-10.52.26-3-1024x682.jpeg\" alt=\"\" class=\"wp-image-8010\" srcset=\"https:\/\/vimagazine.com.br\/wp-content\/uploads\/2023\/01\/MarchandWhatsApp-Image-2023-01-04-at-10.52.26-3-1024x682.jpeg 1024w, https:\/\/vimagazine.com.br\/wp-content\/uploads\/2023\/01\/MarchandWhatsApp-Image-2023-01-04-at-10.52.26-3-300x200.jpeg 300w, https:\/\/vimagazine.com.br\/wp-content\/uploads\/2023\/01\/MarchandWhatsApp-Image-2023-01-04-at-10.52.26-3-768x512.jpeg 768w, https:\/\/vimagazine.com.br\/wp-content\/uploads\/2023\/01\/MarchandWhatsApp-Image-2023-01-04-at-10.52.26-3-1536x1023.jpeg 1536w, https:\/\/vimagazine.com.br\/wp-content\/uploads\/2023\/01\/MarchandWhatsApp-Image-2023-01-04-at-10.52.26-3.jpeg 1600w\" sizes=\"(max-width: 1024px) 100vw, 1024px\" \/><\/figure>\n\n\n\n<p><br>Essa cerveja foi desenhada pela Marchand em conjunto com Jim Cibak (mestre cervejeiro da Revolution Brewing, maior cervejaria artesanal de Chicago e uma das maiores dos EUA), e Tim Mason (atual mestre cervejeiro da Reckless Ales, e ex-mestre cervejeiro da Lagunitas em Petaluma, California). A ideia foi de desenhar uma receita que pudesse unir pontos fortes da escola americana e da escola brasileira, e criaram a uma american IPA com uma lupulagem bastante complexa, para isto utilizaram os conhecimentos dos mestres cervejeiros da Marchand, na utiliza\u00e7\u00e3o de frutas tropicais em cervejas.<\/p>\n\n\n\n<p>No Festival Craft Beer ter\u00e3o 24 cervejarias artesanais de Santa Catarina, 16 food trucks, anima\u00e7\u00e3o de 10 bandas e Dj\u2019s, feira de vinil e de artesanato, flash tattoo e ainda cerca de 400 m2 de \u00e1rea kids com monitores para deixar os papais bem tranquilos. Ingressos pelo site Ingresso Nacional.<\/p>\n\n\n\n<p><strong>Servi\u00e7o:<\/strong><br>Festival Craft Beer<br>Informa\u00e7\u00f5es: @festival_craftbeer ou\u00a0<a>www.festivalcraftbeer.com.br<\/a><br>Dias 12,13 e 14 de janeiro<br>Hor\u00e1rio: dia 12 -Quinta 18h \u00e0s 02h- 13- Sexta 18h \u00e0s 02h 14- S\u00e1bado 11h \u00e0s 02h<br>Ingressos:\u00a0<a>www.ingressonacional.com.br<\/a><br>Local: Expocentro Balne\u00e1rio Cambori\u00fa J\u00falio Tedesco<br>@expocentrobc<\/p>\n\n\n\n<figure class=\"wp-block-image size-large\"><img width=\"682\" height=\"1024\" src=\"https:\/\/vimagazine.com.br\/wp-content\/uploads\/2023\/01\/MarchandWhatsApp-Image-2023-01-04-at-10.52.26-4-682x1024.jpeg\" alt=\"\" class=\"wp-image-8011\" srcset=\"https:\/\/vimagazine.com.br\/wp-content\/uploads\/2023\/01\/MarchandWhatsApp-Image-2023-01-04-at-10.52.26-4-682x1024.jpeg 682w, https:\/\/vimagazine.com.br\/wp-content\/uploads\/2023\/01\/MarchandWhatsApp-Image-2023-01-04-at-10.52.26-4-200x300.jpeg 200w, https:\/\/vimagazine.com.br\/wp-content\/uploads\/2023\/01\/MarchandWhatsApp-Image-2023-01-04-at-10.52.26-4-768x1153.jpeg 768w, https:\/\/vimagazine.com.br\/wp-content\/uploads\/2023\/01\/MarchandWhatsApp-Image-2023-01-04-at-10.52.26-4-1023x1536.jpeg 1023w, https:\/\/vimagazine.com.br\/wp-content\/uploads\/2023\/01\/MarchandWhatsApp-Image-2023-01-04-at-10.52.26-4-1024x1537.jpeg 1024w, https:\/\/vimagazine.com.br\/wp-content\/uploads\/2023\/01\/MarchandWhatsApp-Image-2023-01-04-at-10.52.26-4.jpeg 1066w\" sizes=\"(max-width: 682px) 100vw, 682px\" \/><\/figure>\n","protected":false},"excerpt":{"rendered":"<p>A Marchand cervejaria que estar\u00e1 no Festival Craf Beer, que acontecer\u00e1 nos dias 12 a&#8230;<\/p>\n","protected":false},"author":3,"featured_media":8009,"comment_status":"closed","ping_status":"open","sticky":false,"template":"","format":"standard","meta":{"om_disable_all_campaigns":false,"_monsterinsights_skip_tracking":false,"_monsterinsights_sitenote_active":false,"_monsterinsights_sitenote_note":"","_monsterinsights_sitenote_category":0,"spay_email":""},"categories":[1],"tags":[],"jetpack_featured_media_url":"https:\/\/vimagazine.com.br\/wp-content\/uploads\/2023\/01\/MarchandWhatsApp-Image-2023-01-04-at-10.52.26-e1673034711447.jpeg","_links":{"self":[{"href":"https:\/\/vimagazine.com.br\/index.php?rest_route=\/wp\/v2\/posts\/8008"}],"collection":[{"href":"https:\/\/vimagazine.com.br\/index.php?rest_route=\/wp\/v2\/posts"}],"about":[{"href":"https:\/\/vimagazine.com.br\/index.php?rest_route=\/wp\/v2\/types\/post"}],"author":[{"embeddable":true,"href":"https:\/\/vimagazine.com.br\/index.php?rest_route=\/wp\/v2\/users\/3"}],"replies":[{"embeddable":true,"href":"https:\/\/vimagazine.com.br\/index.php?rest_route=%2Fwp%2Fv2%2Fcomments&post=8008"}],"version-history":[{"count":1,"href":"https:\/\/vimagazine.com.br\/index.php?rest_route=\/wp\/v2\/posts\/8008\/revisions"}],"predecessor-version":[{"id":8012,"href":"https:\/\/vimagazine.com.br\/index.php?rest_route=\/wp\/v2\/posts\/8008\/revisions\/8012"}],"wp:featuredmedia":[{"embeddable":true,"href":"https:\/\/vimagazine.com.br\/index.php?rest_route=\/wp\/v2\/media\/8009"}],"wp:attachment":[{"href":"https:\/\/vimagazine.com.br\/index.php?rest_route=%2Fwp%2Fv2%2Fmedia&parent=8008"}],"wp:term":[{"taxonomy":"category","embeddable":true,"href":"https:\/\/vimagazine.com.br\/index.php?rest_route=%2Fwp%2Fv2%2Fcategories&post=8008"},{"taxonomy":"post_tag","embeddable":true,"href":"https:\/\/vimagazine.com.br\/index.php?rest_route=%2Fwp%2Fv2%2Ftags&post=8008"}],"curies":[{"name":"wp","href":"https:\/\/api.w.org\/{rel}","templated":true}]}}