{"id":8021,"date":"2023-01-06T17:12:53","date_gmt":"2023-01-06T20:12:53","guid":{"rendered":"https:\/\/vimagazine.com.br\/?p=8021"},"modified":"2023-01-06T17:12:54","modified_gmt":"2023-01-06T20:12:54","slug":"ava-galleria-apresenta-a-exposicao-ser-humano-um-texto-codificado-de-cesar-coelho-com-curadoria-de-edson-cardoso-no-centro-cultural-correios-rj","status":"publish","type":"post","link":"https:\/\/vimagazine.com.br\/?p=8021","title":{"rendered":"Ava Galleria apresenta a exposi\u00e7\u00e3o &#8220;Ser Humano &#8211; um texto codificado&#8221;, de Cesar\u00a0Coelho, com curadoria de Edson Cardoso, no Centro Cultural Correios RJ"},"content":{"rendered":"\n<p>Artista pl\u00e1stico e designer de sapatos, que possui pe\u00e7a no acervo do Museu Hist\u00f3rico Nacional, traduz em suas obras uma nova forma de enxergar o ser humano.<\/p>\n\n\n\n<p>A&nbsp;<strong>Ava Galleria<\/strong>&nbsp;apresenta a exposi\u00e7\u00e3o&nbsp;<strong>&#8220;Ser Humano &#8211; um texto codificado&#8221;<\/strong>, do artista pl\u00e1stico&nbsp;<strong>Cesar Coelho,<\/strong>&nbsp;trazendo sua vasta experi\u00eancia pict\u00f3rica, com pinturas e esculturas que traduzem uma nova forma de enxergar o ser humano, subjetiva e atemporal, dando liberdade de interpreta\u00e7\u00e3o ao observador.<\/p>\n\n\n\n<p>&#8220;Cesar apresenta pinturas&#8230; Expandidas onde o pressuposto desta pesquisa s\u00e3o as quest\u00f5es contempor\u00e2neas de hoje sem \u00e2nsia de quebrar o paradigma das t\u00e9cnicas&#8230; Sem d\u00favida um artista que respeita o &#8220;tempo\u201d&#8230; suas inquietudes pl\u00e1sticas nos conectam \u00e0 velocidade de informa\u00e7\u00e3o dos dias de hoje.&#8221; (Rafael Vicente, 2017, Eixo Arte)<\/p>\n\n\n\n<p>Al\u00e9m disso, o artista desenvolveu, durante mais de trinta e cinco anos,\u00a0<strong>sapatos e bolsas para sua marca pr\u00f3pria<\/strong>, sempre\u00a0<strong>associando a arte com a moda<\/strong>, trazendo uma perspectiva inovadora e \u00a0novas cole\u00e7\u00f5es inspiradas em Mondrian, Mir\u00f3 e Matisse. Inclusive,\u00a0<strong>uma das pe\u00e7as desenvolvidas pelo artista faz parte do \u00a0acervo permanente do setor de indument\u00e1ria do Museu Hist\u00f3rico Nacional (MHN\/RJ).\u00a0<\/strong>Algumas pe\u00e7as fazem parte da exposi\u00e7\u00e3o, que tem por objetivo mostrar a diversidade de emo\u00e7\u00f5es que o artista enxerga na individualidade humana.<\/p>\n\n\n\n<figure class=\"wp-block-image size-full\"><img width=\"816\" height=\"1024\" src=\"https:\/\/vimagazine.com.br\/wp-content\/uploads\/2023\/01\/WhatsApp-Image-2022-12-26-at-18.08.14-1.jpeg\" alt=\"\" class=\"wp-image-8023\" srcset=\"https:\/\/vimagazine.com.br\/wp-content\/uploads\/2023\/01\/WhatsApp-Image-2022-12-26-at-18.08.14-1.jpeg 816w, https:\/\/vimagazine.com.br\/wp-content\/uploads\/2023\/01\/WhatsApp-Image-2022-12-26-at-18.08.14-1-239x300.jpeg 239w, https:\/\/vimagazine.com.br\/wp-content\/uploads\/2023\/01\/WhatsApp-Image-2022-12-26-at-18.08.14-1-768x964.jpeg 768w\" sizes=\"(max-width: 816px) 100vw, 816px\" \/><\/figure>\n\n\n\n<p>Segundo Cesar Coelho,&nbsp;&#8220;nada \u00e9 t\u00e3o fascinante quanto a figura humana, esse reposit\u00f3rio de paix\u00f5es, medos e encantamentos. Cada face humana mostra\/esconde um mist\u00e9rio, da\u00ed sua presen\u00e7a constante em minha busca e em minha produ\u00e7\u00e3o. Vejo o corpo e o rosto como uma escrita, um texto. Quando olho o entorno, os animais, rochas, \u00e1rvores, a cidade&#8230; \u00e9 com a mesma atitude. \u00c9 um processo permanente de constru\u00e7\u00e3o e desconstru\u00e7\u00e3o. O que finalmente importa \u00e9 a vis\u00e3o interna e n\u00e3o a representa\u00e7\u00e3o objetiva da realidade.\u201d<br><strong>Sobre Cesar Coelho<\/strong><br>Forma\u00e7\u00e3o inicial em Direito, Letras e Lingu\u00edstica. Designer de sapatos e acess\u00f3rios, tendo sido, por trinta anos, Diretor Criativo da marca SWAINS, no Rio. Possui uma bolsa &#8220;Mondrian&#8221; no acervo permanente do Setor de Indument\u00e1ria do Museu Hist\u00f3rico Nacional, no Rio de Janeiro. Diretor Criativo da marca WITTY Cesar Coelho, de sapatos e acess\u00f3rios, desenhando cole\u00e7\u00f5es especiais inspiradas em Mondrian, Mir\u00f3 e Matisse.<\/p>\n\n\n\n<p>Estudou desenho e pintura em momentos diversos e esparsos na EAV, no Parque Lage. Fez exposi\u00e7\u00f5es individuais no Centro Cultural Paschoal Carlos Magno, Museu do Ing\u00e1, Galeria La Salle e Espa\u00e7o Cultural Correios Niter\u00f3i. Participou de exposi\u00e7\u00f5es coletivas no Rio, em algumas galerias, Museus e Centros Culturais. Participou de exposi\u00e7\u00f5es coletivas no exterior, em NY, Lisboa, Mil\u00e3o, Berlim e Helsinque. Exp\u00f4s na AVA Galleria em Helsinque em 2017 e 2018.\u00a0<\/p>\n\n\n\n<figure class=\"wp-block-image size-full\"><img width=\"1018\" height=\"1024\" src=\"https:\/\/vimagazine.com.br\/wp-content\/uploads\/2023\/01\/WhatsApp-Image-2022-12-26-at-18.08.10.jpeg\" alt=\"\" class=\"wp-image-8024\" srcset=\"https:\/\/vimagazine.com.br\/wp-content\/uploads\/2023\/01\/WhatsApp-Image-2022-12-26-at-18.08.10.jpeg 1018w, https:\/\/vimagazine.com.br\/wp-content\/uploads\/2023\/01\/WhatsApp-Image-2022-12-26-at-18.08.10-298x300.jpeg 298w, https:\/\/vimagazine.com.br\/wp-content\/uploads\/2023\/01\/WhatsApp-Image-2022-12-26-at-18.08.10-150x150.jpeg 150w, https:\/\/vimagazine.com.br\/wp-content\/uploads\/2023\/01\/WhatsApp-Image-2022-12-26-at-18.08.10-768x773.jpeg 768w\" sizes=\"(max-width: 1018px) 100vw, 1018px\" \/><\/figure>\n\n\n\n<p>A moda n\u00e3o foi a primeira paix\u00e3o a surgir na vida de Cesar. Primeiro, ele se apaixonou pela arte. Enquanto crian\u00e7as de sua idade pediam carrinhos como presentes de Natal, ele ganhava tintas, telas e pinc\u00e9is. Na sala de seu apartamento no Ing\u00e1, em Niter\u00f3i, com imensos janel\u00f5es que se abrem para o P\u00e3o de A\u00e7\u00facar e para o MAC, os quadros n\u00e3o cobrem somente as paredes. H\u00e1 diversas telas apoiadas no ch\u00e3o, outras enfileiradas. Na estante do escrit\u00f3rio, cabe\u00e7as moldadas em argila. O que mais se v\u00ea s\u00e3o rostos que expressam as mais variadas express\u00f5es. Na verdade, Cesar pode ser definido como um ca\u00e7ador de emo\u00e7\u00f5es. Ele conta que se interessa por gestos de alegria, raiva, dor e orgulho, na tentativa de desvendar o mist\u00e9rio por tr\u00e1s de cada express\u00e3o. A inspira\u00e7\u00e3o vem tanto de personagens an\u00f4nimos quanto de famosos.<\/p>\n\n\n\n<p><strong>Sobre a Ava Galleria<\/strong><\/p>\n\n\n\n<p>Fundada em 2005, a Ava Galleria \u00e9 uma das mais conceituadas galerias de arte contempor\u00e2nea de Helsinki. Localizada no corredor cultural da cidade, pr\u00f3xima ao Helsinki Art Museum, Taidehalli e Kiasma Museum of Contemporary Art. Organiza exposi\u00e7\u00f5es locais e em colabora\u00e7\u00e3o com espa\u00e7os culturais de outras cidades pelo mundo, como Osaka, T\u00f3quio, Berlim, Londres, Porto e Rio de Janeiro.&nbsp;<\/p>\n\n\n\n<p>Instagram:\u00a0<a href=\"https:\/\/www.instagram.com\/ava_galleria\/\" target=\"_blank\" rel=\"noreferrer noopener\">https:\/\/www.instagram.com\/ava_galleria\/<\/a><br>Facebook:\u00a0<a href=\"https:\/\/www.facebook.com\/avagalleria\/\" target=\"_blank\" rel=\"noreferrer noopener\">https:\/\/www.facebook.com\/avagalleria\/<\/a><br>Site:\u00a0<a href=\"http:\/\/www.avainternationalgallery.com\/\" target=\"_blank\" rel=\"noreferrer noopener\">http:\/\/www.avainternationalgallery.com\/<\/a><br>E-mail:\u00a0<a href=\"mailto:ava@avainternationalgallery.com\" target=\"_blank\" rel=\"noreferrer noopener\">ava@avainternationalgallery.com<\/a><br><strong>Servi\u00e7oExposi\u00e7\u00e3o<\/strong>: &#8220;Ser Humano &#8211; um texto codificado&#8221;<strong>Artistas:\u00a0<\/strong>Cesar\u00a0Coelho<strong>Abertura:<\/strong>\u00a019 de janeiro de 2023 \u00e0s 16h<br><strong>Visita\u00e7\u00e3o<\/strong>: \u00a020 de janeiro a 04 de mar\u00e7o de 2023<br><strong>Dias e hor\u00e1rios:<\/strong>\u00a0de ter\u00e7a a s\u00e1bado, das 12h \u00e0s 19h<br><strong>Local:\u00a0<\/strong>Centro Cultural Correios RJ &#8211; 3\u00ba andar<br>Rua Visconde de Itabora\u00ed, 20 &#8211; Centro &#8211; RJ<br>Tel: (21) 2253-1580<br><strong>Curadoria e Produ\u00e7\u00e3o Cultural<\/strong>: Edson Cardoso.<strong>Produ\u00e7\u00e3o:<\/strong>\u00a0Renata Costa\u00a0<br><strong>Assessoria de imprensa:<\/strong>\u00a0 Paula Ramagem<strong>Projeto Museogr\u00e1fico:\u00a0<\/strong>Guilherme Bonomo<strong>Assessoria de Marketing:<\/strong>\u00a0William Souza<strong>Artes Gr\u00e1ficas<\/strong>: Ailton de Oliveira<br><strong>Realiza\u00e7\u00e3o:<\/strong>\u00a0Ava Galleria e Arte Vida Arte<br><strong>Apoio:\u00a0<\/strong>ICELA &#8211; Instituto de Cultura Europeia e Latino Americana \/ Centro Cultural Correios \/ Minist\u00e9rio das Comunica\u00e7\u00f5esEntrada: gratuita<br>Classifica\u00e7\u00e3o: livre<br>P\u00fablico-alvo: estudantes, profissionais liberais,\u00a0colecionadores, donas de casa, p\u00fablico em geral<br>Como chegar: metr\u00f4 (descer na esta\u00e7\u00e3o Uruguaiana, sa\u00edda em dire\u00e7\u00e3o a Rua da Alf\u00e2ndega); \u00f4nibus (saltar em<br>pontos pr\u00f3ximos da Rua Primeiro de Mar\u00e7o, da Pra\u00e7a XV ou Candel\u00e1ria); barcas (Terminal Pra\u00e7a XV); VLT (saltar na<br>Av. Rio Branco\/Uruguaiana ou Pra\u00e7a XV); trem (saltar na esta\u00e7\u00e3o Central e pegar VLT at\u00e9 a AV. Rio<br>Branco\/Uruguaiana).<br>Informa\u00e7\u00f5es: (21) 2253-1580 \/ E-mail:\u00a0<a href=\"mailto:centroculturalrj@correios.com.br\" target=\"_blank\" rel=\"noreferrer noopener\">centroculturalrj@correios.com.br<\/a><br>A unidade conta com acesso para pessoas cadeirantes e limita a quantidade de visitantes, visando a n\u00e3o<br>aglomera\u00e7\u00e3o.<br>Assessoria de Imprensa: Paula Ramagem<\/p>\n\n\n\n<figure class=\"wp-block-image size-full\"><img width=\"804\" height=\"1024\" src=\"https:\/\/vimagazine.com.br\/wp-content\/uploads\/2023\/01\/WhatsApp-Image-2022-12-26-at-18.08.13.jpeg\" alt=\"\" class=\"wp-image-8025\" srcset=\"https:\/\/vimagazine.com.br\/wp-content\/uploads\/2023\/01\/WhatsApp-Image-2022-12-26-at-18.08.13.jpeg 804w, https:\/\/vimagazine.com.br\/wp-content\/uploads\/2023\/01\/WhatsApp-Image-2022-12-26-at-18.08.13-236x300.jpeg 236w, https:\/\/vimagazine.com.br\/wp-content\/uploads\/2023\/01\/WhatsApp-Image-2022-12-26-at-18.08.13-768x978.jpeg 768w\" sizes=\"(max-width: 804px) 100vw, 804px\" \/><\/figure>\n","protected":false},"excerpt":{"rendered":"<p>Artista pl\u00e1stico e designer de sapatos, que possui pe\u00e7a no acervo do Museu Hist\u00f3rico Nacional,&#8230;<\/p>\n","protected":false},"author":3,"featured_media":8022,"comment_status":"closed","ping_status":"open","sticky":false,"template":"","format":"standard","meta":{"om_disable_all_campaigns":false,"_monsterinsights_skip_tracking":false,"_monsterinsights_sitenote_active":false,"_monsterinsights_sitenote_note":"","_monsterinsights_sitenote_category":0,"spay_email":""},"categories":[1],"tags":[],"jetpack_featured_media_url":"https:\/\/vimagazine.com.br\/wp-content\/uploads\/2023\/01\/WhatsApp-Image-2022-12-26-at-18.08.14-e1673035785245.jpeg","_links":{"self":[{"href":"https:\/\/vimagazine.com.br\/index.php?rest_route=\/wp\/v2\/posts\/8021"}],"collection":[{"href":"https:\/\/vimagazine.com.br\/index.php?rest_route=\/wp\/v2\/posts"}],"about":[{"href":"https:\/\/vimagazine.com.br\/index.php?rest_route=\/wp\/v2\/types\/post"}],"author":[{"embeddable":true,"href":"https:\/\/vimagazine.com.br\/index.php?rest_route=\/wp\/v2\/users\/3"}],"replies":[{"embeddable":true,"href":"https:\/\/vimagazine.com.br\/index.php?rest_route=%2Fwp%2Fv2%2Fcomments&post=8021"}],"version-history":[{"count":1,"href":"https:\/\/vimagazine.com.br\/index.php?rest_route=\/wp\/v2\/posts\/8021\/revisions"}],"predecessor-version":[{"id":8026,"href":"https:\/\/vimagazine.com.br\/index.php?rest_route=\/wp\/v2\/posts\/8021\/revisions\/8026"}],"wp:featuredmedia":[{"embeddable":true,"href":"https:\/\/vimagazine.com.br\/index.php?rest_route=\/wp\/v2\/media\/8022"}],"wp:attachment":[{"href":"https:\/\/vimagazine.com.br\/index.php?rest_route=%2Fwp%2Fv2%2Fmedia&parent=8021"}],"wp:term":[{"taxonomy":"category","embeddable":true,"href":"https:\/\/vimagazine.com.br\/index.php?rest_route=%2Fwp%2Fv2%2Fcategories&post=8021"},{"taxonomy":"post_tag","embeddable":true,"href":"https:\/\/vimagazine.com.br\/index.php?rest_route=%2Fwp%2Fv2%2Ftags&post=8021"}],"curies":[{"name":"wp","href":"https:\/\/api.w.org\/{rel}","templated":true}]}}