{"id":8033,"date":"2023-01-06T17:28:17","date_gmt":"2023-01-06T20:28:17","guid":{"rendered":"https:\/\/vimagazine.com.br\/?p=8033"},"modified":"2023-01-06T17:28:20","modified_gmt":"2023-01-06T20:28:20","slug":"ymanitu-silva-embarca-para-a-disputa-do-australian-open","status":"publish","type":"post","link":"https:\/\/vimagazine.com.br\/?p=8033","title":{"rendered":"Ymanitu Silva embarca para a disputa do Australian Open"},"content":{"rendered":"\n<p><em>Atleta ter\u00e1 dois torneios preparat\u00f3rios antes em Melbourne, a partir dos dias 10 e 16. O Australian Open da categoria Quad come\u00e7a no dia 24<\/em><\/p>\n\n\n\n<p>Ymanitu&nbsp;Silva, atleta ADK Tennis, do Itamirim Clube de Campo, de Itaja\u00ed (SC), oitavo do mundo, embarcou, nesta quinta-feira, dia 5, para Melbourne, na Austr\u00e1lia, onde se tornar\u00e1, no fim do m\u00eas, o primeiro brasileiro a disputar a chave principal do Australian Open entre os cadeirantes, na categoria Quad.&nbsp;<\/p>\n\n\n\n<p>A competi\u00e7\u00e3o acontece no fim de janeiro, a partir do dia 24. Antes, o catarinense disputa dois outros torneios preparat\u00f3rios, ambos em Melbourne, o primeiro a partir do dia 10, n\u00edvel ITF 1, equivalente a um ATP 500 dentro do circuito de cadeirantes, e em seguida um Super Series, como se fosse um Masters 1000, a partir do dia 16.<\/p>\n\n\n\n<p>Este ser\u00e1 o terceiro Slam diferente que&nbsp;Ymanitu&nbsp;participa. Ele esteve em Roland Garros onde foi vice-campe\u00e3o de duplas, e jogou em 2022 pela primeira vez Wimbledon, o mais tradicional do esporte. Ser\u00e1 sua quarta participa\u00e7\u00e3o neste tipo de evento na carreira.<\/p>\n\n\n\n<p>O catarinense ter\u00e1 a companhia do treinador Wanderson Cavalcante: &#8220;A pr\u00e9-temporada na ADK Tennis foi feita toda pensando em pontos espec\u00edficos que eram necess\u00e1rios dar uma melhorada, ap\u00f3s uma avalia\u00e7\u00e3o da minha equipe t\u00e9cnica para temporada 2023. Isso j\u00e1 pensando nos torneios de ver\u00e3o australianos, que antecedem o Australian Open, onde eu j\u00e1 iria fazer eles pois estavam no meu calend\u00e1rio e claro j\u00e1 aguardando a &nbsp;possibilidade de jogar o Grand Slam. Quando recebi esse presente de Natal que foi a confirma\u00e7\u00e3o de jogar mais um Grand Slam, a minha intensidade, entrega e dedica\u00e7\u00e3o aos treinos duplicaram. Estou muito confiante e espero me sair bem nessa gira australiana pois mostra que estamos entre os melhores do mundo onde j\u00e1 s\u00e3o sete temporadas entre os top 10 feito hist\u00f3rico para minha carreira e para a modalidade no Brasil&#8221;, destacou.<\/p>\n\n\n\n<p>&#8220;Ymanitu fez uma \u00f3tima prepara\u00e7\u00e3o e estamos confiantes em bons resultados na Austr\u00e1lia ao lado do Wanderson, primeiro t\u00e9cnico da carreira dele e que faz parte do staff da ADK Tennis. Ser\u00e3o torneios muito importantes para esta temporada&#8221;, disse Patr\u00edcio Arnold, diretor da ADK Tennis.<\/p>\n\n\n\n<p>Ap\u00f3s a participa\u00e7\u00e3o na United Cup, os atletas Rafael Matos e Carol Meligeni seguem na Austr\u00e1lia. Matos, que venceu suas duas partidas de duplas mistas contra a It\u00e1lia e Noruega, ao lado de Luisa Stefani na competi\u00e7\u00e3o por equipes defendendo o Brasil, disputa o ATP 250 de Adelaide com o espanhol David Vega, a partir do dia 9. Carol Meligeni disputa o qualificat\u00f3rio do Australian Open, em Melbourne.<\/p>\n\n\n\n<p>Daniel Dutra Silva venceu na estreia do challenger de Tigre, na Argentina, com premia\u00e7\u00e3o de US$ 40 mil. Ele passou pelo americano Evan Zhu por 7\/6 (7\/4) 6\/2 e encara nesta quinta-feira o argentino Juan Londero, atual 276\u00ba e ex-top 50, em torno das 15h de Bras\u00edlia.<\/p>\n\n\n\n<p>A equipe&nbsp;ADK&nbsp;Tennis\/Itamirim Clube de Campo conta com o patroc\u00ednio da Taroii Group e Promenac Ve\u00edculos, os co-patroc\u00ednios CORE &#8211;&nbsp;Cl\u00ednica de Ortopedia e Reabilita\u00e7\u00e3o Esportiva \/ Marcelo Pfitzer &#8211; Fisioterapia \/ Fort Atacadista e parcerias da FMEL &#8211; Funda\u00e7\u00e3o Municipal de Esporte e Lazer Itajai, Confedera\u00e7\u00e3o Brasileira de T\u00eanis e Federa\u00e7\u00e3o Catarinense de T\u00eanis.<\/p>\n\n\n\n<p><strong>Mais detalhes com Fabrizio Galla<\/strong>s <\/p>\n","protected":false},"excerpt":{"rendered":"<p>Atleta ter\u00e1 dois torneios preparat\u00f3rios antes em Melbourne, a partir dos dias 10 e 16&#8230;.<\/p>\n","protected":false},"author":3,"featured_media":8034,"comment_status":"closed","ping_status":"open","sticky":false,"template":"","format":"standard","meta":{"om_disable_all_campaigns":false,"_monsterinsights_skip_tracking":false,"_monsterinsights_sitenote_active":false,"_monsterinsights_sitenote_note":"","_monsterinsights_sitenote_category":0,"spay_email":""},"categories":[1],"tags":[],"jetpack_featured_media_url":"https:\/\/vimagazine.com.br\/wp-content\/uploads\/2023\/01\/ymanitusilvaitajai23.jpg","_links":{"self":[{"href":"https:\/\/vimagazine.com.br\/index.php?rest_route=\/wp\/v2\/posts\/8033"}],"collection":[{"href":"https:\/\/vimagazine.com.br\/index.php?rest_route=\/wp\/v2\/posts"}],"about":[{"href":"https:\/\/vimagazine.com.br\/index.php?rest_route=\/wp\/v2\/types\/post"}],"author":[{"embeddable":true,"href":"https:\/\/vimagazine.com.br\/index.php?rest_route=\/wp\/v2\/users\/3"}],"replies":[{"embeddable":true,"href":"https:\/\/vimagazine.com.br\/index.php?rest_route=%2Fwp%2Fv2%2Fcomments&post=8033"}],"version-history":[{"count":1,"href":"https:\/\/vimagazine.com.br\/index.php?rest_route=\/wp\/v2\/posts\/8033\/revisions"}],"predecessor-version":[{"id":8035,"href":"https:\/\/vimagazine.com.br\/index.php?rest_route=\/wp\/v2\/posts\/8033\/revisions\/8035"}],"wp:featuredmedia":[{"embeddable":true,"href":"https:\/\/vimagazine.com.br\/index.php?rest_route=\/wp\/v2\/media\/8034"}],"wp:attachment":[{"href":"https:\/\/vimagazine.com.br\/index.php?rest_route=%2Fwp%2Fv2%2Fmedia&parent=8033"}],"wp:term":[{"taxonomy":"category","embeddable":true,"href":"https:\/\/vimagazine.com.br\/index.php?rest_route=%2Fwp%2Fv2%2Fcategories&post=8033"},{"taxonomy":"post_tag","embeddable":true,"href":"https:\/\/vimagazine.com.br\/index.php?rest_route=%2Fwp%2Fv2%2Ftags&post=8033"}],"curies":[{"name":"wp","href":"https:\/\/api.w.org\/{rel}","templated":true}]}}