{"id":8050,"date":"2023-01-10T09:54:35","date_gmt":"2023-01-10T12:54:35","guid":{"rendered":"https:\/\/vimagazine.com.br\/?p=8050"},"modified":"2023-01-10T12:12:02","modified_gmt":"2023-01-10T15:12:02","slug":"ah-o-verao-proteja-os-cabelos-do-sol-mar-e-piscina","status":"publish","type":"post","link":"https:\/\/vimagazine.com.br\/?p=8050","title":{"rendered":"Ah\u2026 o ver\u00e3o! Proteja os cabelos do sol, mar e piscina"},"content":{"rendered":"\n<p>O ver\u00e3o no Brasil come\u00e7ou em dezembro de 2022 e termina somente em mar\u00e7o de 2023, provavelmente essa seja a esta\u00e7\u00e3o mais esperada do ano com os dias mais longos, temperaturas mais altas e sol constante, e nada \u00e9 mais gostoso que tomar um banho de mar ou piscina e aproveitar para dar aquela bronzeada n\u00e3o \u00e9 mesmo?<\/p>\n\n\n\n<p>Mas se voc\u00ea n\u00e3o se cuidar, os efeitos do sol ficam logo vis\u00edveis inclusive nos cabelos. Por isso, alguns cuidados especiais s\u00e3o necess\u00e1rios para voc\u00ea continuar linda e aproveitar a esta\u00e7\u00e3o do jeito que voc\u00ea merece.<\/p>\n\n\n\n<p>Nessa \u00e9poca do ano os cabelos ficam expostos a fatores externos que podem danificar os fios, o ver\u00e3o merece uma aten\u00e7\u00e3o super especial quando o assunto \u00e9 sa\u00fade capilar, pois com o aumento das temperaturas o sol \u00e9 um dos principais respons\u00e1veis por tirar a umidade dos nossos fios, tornando os cabelos ressecados e fr\u00e1geis, al\u00e9m disso, o sol, o cloro e \u00e1gua salgadas d\u00e3o uma &#8220;m\u00e3ozinha&#8221; para os raios solares, aumentando os danos nos cabelos.<\/p>\n\n\n\n<p>Tamb\u00e9m \u00e9 no ver\u00e3o que prendemos mais as madeixas, na tentativa de amenizar o calor. Fios fragilizados podem quebrar com mais facilidade pelo atrito com acess\u00f3rios para prender os cabelos, favorecendo o frizz.<\/p>\n\n\n\n<figure class=\"wp-block-image size-large\"><img width=\"1024\" height=\"682\" src=\"https:\/\/vimagazine.com.br\/wp-content\/uploads\/2023\/01\/Reproducao-Lana-Brasiles3-1024x682.jpg\" alt=\"\" class=\"wp-image-8052\" srcset=\"https:\/\/vimagazine.com.br\/wp-content\/uploads\/2023\/01\/Reproducao-Lana-Brasiles3-1024x682.jpg 1024w, https:\/\/vimagazine.com.br\/wp-content\/uploads\/2023\/01\/Reproducao-Lana-Brasiles3-300x200.jpg 300w, https:\/\/vimagazine.com.br\/wp-content\/uploads\/2023\/01\/Reproducao-Lana-Brasiles3-768x511.jpg 768w, https:\/\/vimagazine.com.br\/wp-content\/uploads\/2023\/01\/Reproducao-Lana-Brasiles3-1536x1022.jpg 1536w, https:\/\/vimagazine.com.br\/wp-content\/uploads\/2023\/01\/Reproducao-Lana-Brasiles3.jpg 1920w\" sizes=\"(max-width: 1024px) 100vw, 1024px\" \/><\/figure>\n\n\n\n<p>Viu como o cabelo pode sofrer com o \u201ccalor\u00e3o\u201d do ver\u00e3o? Por essa raz\u00e3o, produtos para cuidar do cabelo no ver\u00e3o \u00e9 essencial e que n\u00e3o pode faltar no seu hair care, mas vamos a seguir e falar mais um pouquinho sobre eles.<\/p>\n\n\n\n<p>De acordo com os cabelereiros profissionais, Anderson Batista, e R\u00e9gis Sicoti que s\u00e3o s\u00f3cios propriet\u00e1rios do Authentic Salon e embaixadores da marca de cosm\u00e9ticos vegana&nbsp;<a href=\"https:\/\/lanabrasiles.com\/\" target=\"_blank\" rel=\"noreferrer noopener\">Lana Brasiles<\/a>&nbsp;o cabelo quando \u00e9 exposto ao sol e \u00e0 \u00e1gua do mar ou piscina faz com que seja ocasionado a perda de pigmenta\u00e7\u00e3o, deixando os fios sem brilho e ressecados, sofrendo com a degrada\u00e7\u00e3o de sua fibra.<\/p>\n\n\n\n<p><strong><em>\u201c\u00c9 fundamental aplicar produtos com prote\u00e7\u00e3o solar nos fios antes que entrem em contato com a \u00e1gua. Para piscinas, abuse do \u00d3leo que hidrata profundamente e aciona a capacidade de reten\u00e7\u00e3o da umidade nos fios, antes molhe os cabelos e aplique o \u00f3leo sobre toda sua extens\u00e3o, ap\u00f3s sair da piscina molhe novamente para retirar qualquer res\u00edduo, lave os cabelos com Shampoo adequado para o ver\u00e3o<\/em><\/strong>,&nbsp;<strong><em>na lavagem dos fios, use sempre \u00e1gua fria ou morna, pois a \u00e1gua quente pode descamar o couro cabeludo, sensibilizar e aumentar a oleosidade, n\u00e3o esfregue a regi\u00e3o com as unhas, pois pode provocar feridas e at\u00e9 estimular o aparecimento de caspas. Fa\u00e7a na sequ\u00eancia uma hidrata\u00e7\u00e3o com uma m\u00e1scara rica em ativos hidratantes e \u00f3leos vegetais, voc\u00ea tamb\u00e9m pode apostar na umecta\u00e7\u00e3o capilar para assim evitar o ressecamento dos fios\u201d<\/em><\/strong>, ressalta Anderson.<\/p>\n\n\n\n<p><strong><em>\u201cO mar causa muito mais o ressecamento dos fios, ent\u00e3o \u00e9 de suma import\u00e2ncia a utiliza\u00e7\u00e3o de protetores t\u00e9rmicos, antes de entrar no mar, utilize um Spray Reconstrutor, para obter cut\u00edculas seladas, maciez, fios fortalecidos, ou um bom Leave-in, que tenha uma combina\u00e7\u00e3o de \u00f3leos e ativos de repara\u00e7\u00e3o profunda, para que assim possa agir recuperando os danos estruturais dos cabelos. Ap\u00f3s a praia, no banho lave os cabelos com shampoo com pH equilibrado e fa\u00e7a uma nutri\u00e7\u00e3o, procure nutrir os fios utilizando produtos hidratantes, como Manteiga de Karit\u00e9 e Coconut, para restaurar, invista nas m\u00e1scaras de repara\u00e7\u00e3o intensiva, Cabelos descoloridos a aten\u00e7\u00e3o \u00e9 redobrada\u201d,&nbsp;<\/em><\/strong>Afirma R\u00e9gis.<\/p>\n\n\n\n<figure class=\"wp-block-image size-large\"><img width=\"819\" height=\"1024\" src=\"https:\/\/vimagazine.com.br\/wp-content\/uploads\/2023\/01\/Anderson-Batista-Hair-Stlylist-819x1024.jpg\" alt=\"\" class=\"wp-image-8053\" srcset=\"https:\/\/vimagazine.com.br\/wp-content\/uploads\/2023\/01\/Anderson-Batista-Hair-Stlylist-819x1024.jpg 819w, https:\/\/vimagazine.com.br\/wp-content\/uploads\/2023\/01\/Anderson-Batista-Hair-Stlylist-240x300.jpg 240w, https:\/\/vimagazine.com.br\/wp-content\/uploads\/2023\/01\/Anderson-Batista-Hair-Stlylist-768x960.jpg 768w, https:\/\/vimagazine.com.br\/wp-content\/uploads\/2023\/01\/Anderson-Batista-Hair-Stlylist-1229x1536.jpg 1229w, https:\/\/vimagazine.com.br\/wp-content\/uploads\/2023\/01\/Anderson-Batista-Hair-Stlylist-1024x1280.jpg 1024w, https:\/\/vimagazine.com.br\/wp-content\/uploads\/2023\/01\/Anderson-Batista-Hair-Stlylist.jpg 1440w\" sizes=\"(max-width: 819px) 100vw, 819px\" \/><\/figure>\n\n\n\n<p>Se voc\u00ea for passar bons dias curtindo a esta\u00e7\u00e3o no mar e piscina, ent\u00e3o o cronograma capilar ser\u00e1 a aliada perfeita para curtir o ver\u00e3o na \u00e1gua. Ainda segundo o Anderson Batista, as tr\u00eas bases do cronograma capilar \u00e9 uma agenda de tratamentos que combina hidrata\u00e7\u00e3o, nutri\u00e7\u00e3o e reconstru\u00e7\u00e3o intercaladas durante a lavagem dos fios, se os produtos forem veganos melhor ainda a performance.<\/p>\n\n\n\n<p><strong><em>\u201cShampoo sempre natural e sem sal, quando for comprar um shampoo, al\u00e9m de ver se ele n\u00e3o tem sulfato, olhe tamb\u00e9m se ele \u00e9 sem sal. Para saber se o produto \u00e9 livre destes produtos, a dica \u00e9 ler o r\u00f3tulo, o sulfato costuma aparecer com os nomes sodium lauryl sulphate ou sodium laureth sulphate e o sal como sodium chloride.<\/em><\/strong><\/p>\n\n\n\n<p><strong><em>Condicionador \u00e9 essencial para manter o cabelo hidratado diariamente, al\u00e9m de selar as cut\u00edculas dos fios, desembara\u00e7ar e dar toque suave ao cabelo, invista em formula\u00e7\u00f5es livres de petrolatos (subst\u00e2ncias derivadas de petr\u00f3leo), parabenos (conservantes) e silicones.<\/em><\/strong><\/p>\n\n\n\n<p><strong><em>Use m\u00e1scaras de tratamentos, em especial de hidrata\u00e7\u00e3o e recupera\u00e7\u00e3o, o recomendado \u00e9 realizar aplica\u00e7\u00f5es semanais com uma m\u00e1scara rica em ativos hidratantes, amino\u00e1cidos, blend de vitaminas e \u00f3leos vegetais, com isso voc\u00ea garante cuidado intensivo e completo, desde a repara\u00e7\u00e3o da fibra capilar danificada at\u00e9 a prote\u00e7\u00e3o prolongada, fio a fio.<\/em><\/strong><\/p>\n\n\n\n<p><strong><em>E para finalizar o item que n\u00e3o pode faltar \u00e9 um Leave-in, pois \u00e9 um produto sem enx\u00e1gue, usado para disciplinar os fios, perfeito para hidrata\u00e7\u00e3o e brilho extra que ir\u00e1 dar uma camada protetora, minimizando danos externos e a perda h\u00eddrica e de nutrientes pela fibra capilar. Garantir que o seu leave-in tenha protetor t\u00e9rmico, \u00e9 muito importante em todas as esta\u00e7\u00f5es, mas principalmente no ver\u00e3o, onde a exposi\u00e7\u00e3o ao sol e ao calor \u00e9 maior\u201d,&nbsp;<\/em><\/strong>finaliza o Hair Stylist.<\/p>\n\n\n\n<p>E a\u00ed, est\u00e1 preparada para o ver\u00e3o?<\/p>\n\n\n\n<p><em>*Quem colaborou com a mat\u00e9ria: Anderson Batista, e R\u00e9gis Sicoti, idealizadores do Authentic Salon localizado em Moema, S\u00e3o Paulo, ambos embaixadores da marca de cosm\u00e9ticos vegana&nbsp;<a href=\"https:\/\/lanabrasiles.com\/\" target=\"_blank\" rel=\"noreferrer noopener\">Lana Brasiles<\/a>, lan\u00e7ada no Brasil em 2019 e j\u00e1 presente em mais de 40 pa\u00edses.<\/em><\/p>\n\n\n\n<p>Fonte: Michel Tavares<\/p>\n\n\n\n<figure class=\"wp-block-image size-large\"><img width=\"819\" height=\"1024\" src=\"https:\/\/vimagazine.com.br\/wp-content\/uploads\/2023\/01\/Re\u0301gis-Sicoti-Hair-Stlylist-819x1024.jpg\" alt=\"\" class=\"wp-image-8054\" srcset=\"https:\/\/vimagazine.com.br\/wp-content\/uploads\/2023\/01\/Re\u0301gis-Sicoti-Hair-Stlylist-819x1024.jpg 819w, https:\/\/vimagazine.com.br\/wp-content\/uploads\/2023\/01\/Re\u0301gis-Sicoti-Hair-Stlylist-240x300.jpg 240w, https:\/\/vimagazine.com.br\/wp-content\/uploads\/2023\/01\/Re\u0301gis-Sicoti-Hair-Stlylist-768x960.jpg 768w, https:\/\/vimagazine.com.br\/wp-content\/uploads\/2023\/01\/Re\u0301gis-Sicoti-Hair-Stlylist-1024x1280.jpg 1024w, https:\/\/vimagazine.com.br\/wp-content\/uploads\/2023\/01\/Re\u0301gis-Sicoti-Hair-Stlylist.jpg 1063w\" sizes=\"(max-width: 819px) 100vw, 819px\" \/><\/figure>\n","protected":false},"excerpt":{"rendered":"<p>O ver\u00e3o no Brasil come\u00e7ou em dezembro de 2022 e termina somente em mar\u00e7o de&#8230;<\/p>\n","protected":false},"author":3,"featured_media":8068,"comment_status":"closed","ping_status":"open","sticky":false,"template":"","format":"standard","meta":{"om_disable_all_campaigns":false,"_monsterinsights_skip_tracking":false,"_monsterinsights_sitenote_active":false,"_monsterinsights_sitenote_note":"","_monsterinsights_sitenote_category":0,"spay_email":""},"categories":[1],"tags":[],"jetpack_featured_media_url":"https:\/\/vimagazine.com.br\/wp-content\/uploads\/2023\/01\/Reproducao-Lana-Brasiles2-768x1154-2.jpg","_links":{"self":[{"href":"https:\/\/vimagazine.com.br\/index.php?rest_route=\/wp\/v2\/posts\/8050"}],"collection":[{"href":"https:\/\/vimagazine.com.br\/index.php?rest_route=\/wp\/v2\/posts"}],"about":[{"href":"https:\/\/vimagazine.com.br\/index.php?rest_route=\/wp\/v2\/types\/post"}],"author":[{"embeddable":true,"href":"https:\/\/vimagazine.com.br\/index.php?rest_route=\/wp\/v2\/users\/3"}],"replies":[{"embeddable":true,"href":"https:\/\/vimagazine.com.br\/index.php?rest_route=%2Fwp%2Fv2%2Fcomments&post=8050"}],"version-history":[{"count":2,"href":"https:\/\/vimagazine.com.br\/index.php?rest_route=\/wp\/v2\/posts\/8050\/revisions"}],"predecessor-version":[{"id":8067,"href":"https:\/\/vimagazine.com.br\/index.php?rest_route=\/wp\/v2\/posts\/8050\/revisions\/8067"}],"wp:featuredmedia":[{"embeddable":true,"href":"https:\/\/vimagazine.com.br\/index.php?rest_route=\/wp\/v2\/media\/8068"}],"wp:attachment":[{"href":"https:\/\/vimagazine.com.br\/index.php?rest_route=%2Fwp%2Fv2%2Fmedia&parent=8050"}],"wp:term":[{"taxonomy":"category","embeddable":true,"href":"https:\/\/vimagazine.com.br\/index.php?rest_route=%2Fwp%2Fv2%2Fcategories&post=8050"},{"taxonomy":"post_tag","embeddable":true,"href":"https:\/\/vimagazine.com.br\/index.php?rest_route=%2Fwp%2Fv2%2Ftags&post=8050"}],"curies":[{"name":"wp","href":"https:\/\/api.w.org\/{rel}","templated":true}]}}