{"id":8059,"date":"2023-01-10T10:50:21","date_gmt":"2023-01-10T13:50:21","guid":{"rendered":"https:\/\/vimagazine.com.br\/?p=8059"},"modified":"2023-01-10T10:50:25","modified_gmt":"2023-01-10T13:50:25","slug":"frejat-trio-eletro-acustico-no-qualistage","status":"publish","type":"post","link":"https:\/\/vimagazine.com.br\/?p=8059","title":{"rendered":"FREJAT TRIO ELETRO AC\u00daSTICO No Qualistage"},"content":{"rendered":"\n<p>O show Frejat Trio \u00e9 um daqueles casos raros onde algo realmente positivo surgiu a partir das condi\u00e7\u00f5es impostas ao mundo nos \u00faltimos anos.<\/p>\n\n\n\n<p>No contexto do isolamento familiar, durante o per\u00edodo mais duro da pandemia, o m\u00fasico deu vaz\u00e3o a alguns desejos antigos. Um deles, muito significativo: aproveitando a proximidade com o filho Rafael, estabeleceu de vez uma parceria musical fazendo algumas jams &#8211; que se transformaram em lives.<\/p>\n\n\n\n<p>Essa situa\u00e7\u00e3o de \u2018aprisionamento tempor\u00e1rio\u2019, inspirou Frejat a arquitetar de vez um projeto antigo: criar uma sequ\u00eancia para o show que ele j\u00e1 vinha fazendo pr\u00e9-pandemia, onde subia no palco no formato voz e viol\u00e3o.<\/p>\n\n\n\n<p>Eventos bastante prazerosos, como o pr\u00f3prio m\u00fasico assume, mas que poderia ser ampliado em novo formato onde se somariam filigranas sonoras: introdu\u00e7\u00f5es, solos, arranjos um pouco mais elaborados, enfim, um pouco mais daquilo que comp\u00f5em de fato suas can\u00e7\u00f5es e que pedem por uma coletividade maior.<\/p>\n\n\n\n<p>Inspirado pela tradi\u00e7\u00e3o do rock em configurar shows mais intimistas em trios, convidou Maur\u00edcio Almeida, seu atual guitarrista, para o projeto, formando assim o Trio junto com Rafael Frejat.&nbsp;Al\u00e9m de guitarrista, amigo e parceiro, mostrou um excelente entrosamento com Rafael nas seis cordas, apoios vocais, incurs\u00f5es por outros instrumentos e demais.<\/p>\n\n\n\n<p>Est\u00e1 formado assim o FREJAT TRIO, um formato de show que vem sendo ensaiado h\u00e1 alguns meses e que agora est\u00e1 pronto para encarar a estrada e os teatros de todo o Brasil.&nbsp;\u00c9 um Frejat solo, por\u00e9m muito bem acompanhado.<\/p>\n\n\n\n<p>O formato da banda tamb\u00e9m ajuda a configurar a sele\u00e7\u00e3o do repert\u00f3rio, balizado para ser tanto um passo adiante em rela\u00e7\u00e3o aos arranjos apresentados no show voz e viol\u00e3o, como sugerir um modelo mais intimista se comparado as suas apresenta\u00e7\u00f5es com banda completa &#8211; que seguem lotando lugares Brasil afora.<\/p>\n\n\n\n<p>FREJAT TRIO investe nos grandes sucessos, com um set list com por\u00e7\u00f5es generosas de sua obra como&nbsp;&#8220;Amor Pra Recome\u00e7ar&#8221;,&nbsp;&#8220;Segredos&#8221;,&nbsp;&#8221;&nbsp;Sobre N\u00f3s Dois&#8221;&nbsp;e o&nbsp;&#8220;Resto do Mundo&#8221;&nbsp;e hinos do Bar\u00e3o Vermelho, originalmente ac\u00fasticos, como&nbsp;&#8220;Flores do Mal&#8221;&nbsp;e&nbsp;&#8220;Por Voc\u00ea&#8221;&nbsp;e domando com eleg\u00e2ncia a eletricidade de rocks inesquec\u00edveis como&nbsp;&#8220;Meus Bons Amigos&#8221;&nbsp;e&nbsp;&#8220;Exagerado&#8221;.<\/p>\n\n\n\n<p>O FREJAT TRIO mergulha em algumas preciosidades, aquelas que ficam um pouco \u2018escondidas\u2019 na discografia de Frejat e que ganham novas roupagens como \u201cBumerangue Blues\u201d, de Renato Russo; a maravilhosa \u201cPoema\u201d, parceria com Cazuza eternizada por Ney Matogrosso, al\u00e9m de vers\u00e3o in\u00e9dita de \u201cFadas\u201d, do saudoso Luiz Melodia, que surge como homenagem ao parceiro e amigo que nos deixou em 2017.<\/p>\n\n\n\n<figure class=\"wp-block-image size-large\"><img width=\"1024\" height=\"775\" src=\"https:\/\/vimagazine.com.br\/wp-content\/uploads\/2023\/01\/Frejat_LeoAversa_05-1024x775.jpg\" alt=\"\" class=\"wp-image-8061\" srcset=\"https:\/\/vimagazine.com.br\/wp-content\/uploads\/2023\/01\/Frejat_LeoAversa_05-1024x775.jpg 1024w, https:\/\/vimagazine.com.br\/wp-content\/uploads\/2023\/01\/Frejat_LeoAversa_05-300x227.jpg 300w, https:\/\/vimagazine.com.br\/wp-content\/uploads\/2023\/01\/Frejat_LeoAversa_05-768x582.jpg 768w, https:\/\/vimagazine.com.br\/wp-content\/uploads\/2023\/01\/Frejat_LeoAversa_05-1536x1163.jpg 1536w, https:\/\/vimagazine.com.br\/wp-content\/uploads\/2023\/01\/Frejat_LeoAversa_05.jpg 1920w\" sizes=\"(max-width: 1024px) 100vw, 1024px\" \/><figcaption>Fotografia de Leo Aversa\rleo@leoaversa.com\r55-21-981828775<\/figcaption><\/figure>\n\n\n\n<p>A apresenta\u00e7\u00e3o do FREJAT TRIO significa embarcar em uma viagem em v\u00e1rios sentidos: tanto de quem estar\u00e1 no palco, Frejat, seu filho e um grande amigo, quanto para quem estar\u00e1 na plateia, que ter\u00e1 se a oportunidade de se&nbsp;(re) aproximar de conhecidas can\u00e7\u00f5es, em novas vers\u00f5es musicais muito bem detalhadas num ambiente mais \u00edntimo. Sejam bem-vindos!<\/p>\n\n\n\n<p>Dia 19 de janeiro, \u00e0s 21h&nbsp;<\/p>\n\n\n\n<p>Local:&nbsp;Qualistage&nbsp;&#8211;&nbsp;Av. Ayrton Senna, 3000 &#8211; Barra da Tijuca &#8211; Rio de Janeiro&nbsp;<\/p>\n\n\n\n<p>A casa abre 1h30 antes<\/p>\n\n\n\n<p>Pre\u00e7os:<\/p>\n\n\n\n<p>Mesas:&nbsp;a partir de R$&nbsp;120<\/p>\n\n\n\n<p>Camarote: a partir de&nbsp;R$ 220Ingressos&nbsp;\/&nbsp;venda:&nbsp;<\/p>\n\n\n\n<figure class=\"wp-block-embed\"><div class=\"wp-block-embed__wrapper\">\nhttps:\/\/www.eventim.com.br\/event\/frejat-trio-qualistage-16004344\/?affiliate=MR0\n<\/div><\/figure>\n\n\n\n<p>Classifica\u00e7\u00e3o et\u00e1ria:&nbsp;18 anos&nbsp;&#8211;&nbsp;Menores somente acompanhados dos pais ou respons\u00e1veis legais<\/p>\n\n\n\n<p>Capacidade:&nbsp;9 mil pessoas em p\u00e9 ou 3.500 sentadas<\/p>\n\n\n\n<p>O espa\u00e7o possui acessibilidade<br>Informa\u00e7\u00f5es:\u00a0<a href=\"https:\/\/qualistage.com.br\/\" target=\"_blank\" rel=\"noreferrer noopener\">https:\/\/qualistage.com.br\/<\/a><br>A casa segue os protocolos de seguran\u00e7a, como\u00a0disponibilizado\u00a0\u00e1lcool em gel. O local\u00a0\u00e9\u00a0periodicamente higienizado. Tudo para garantir a divers\u00e3o com seguran\u00e7a.<\/p>\n\n\n\n<p><strong>Rozangela Silva<\/strong><\/p>\n\n\n\n<p><strong>Assessora de Comunica\u00e7\u00e3o Integrada<\/strong><\/p>\n\n\n\n<p><a href=\"mailto:rozangelasilva@btcom.com.br\" target=\"_blank\" rel=\"noreferrer noopener\">rozangelasilva@btcom.com.br<\/a><\/p>\n","protected":false},"excerpt":{"rendered":"<p>O show Frejat Trio \u00e9 um daqueles casos raros onde algo realmente positivo surgiu a&#8230;<\/p>\n","protected":false},"author":3,"featured_media":8060,"comment_status":"closed","ping_status":"open","sticky":false,"template":"","format":"standard","meta":{"om_disable_all_campaigns":false,"_monsterinsights_skip_tracking":false,"_monsterinsights_sitenote_active":false,"_monsterinsights_sitenote_note":"","_monsterinsights_sitenote_category":0,"spay_email":""},"categories":[1],"tags":[],"jetpack_featured_media_url":"https:\/\/vimagazine.com.br\/wp-content\/uploads\/2023\/01\/Frejat_LeoAversa_33-e1673358375112.jpg","_links":{"self":[{"href":"https:\/\/vimagazine.com.br\/index.php?rest_route=\/wp\/v2\/posts\/8059"}],"collection":[{"href":"https:\/\/vimagazine.com.br\/index.php?rest_route=\/wp\/v2\/posts"}],"about":[{"href":"https:\/\/vimagazine.com.br\/index.php?rest_route=\/wp\/v2\/types\/post"}],"author":[{"embeddable":true,"href":"https:\/\/vimagazine.com.br\/index.php?rest_route=\/wp\/v2\/users\/3"}],"replies":[{"embeddable":true,"href":"https:\/\/vimagazine.com.br\/index.php?rest_route=%2Fwp%2Fv2%2Fcomments&post=8059"}],"version-history":[{"count":1,"href":"https:\/\/vimagazine.com.br\/index.php?rest_route=\/wp\/v2\/posts\/8059\/revisions"}],"predecessor-version":[{"id":8062,"href":"https:\/\/vimagazine.com.br\/index.php?rest_route=\/wp\/v2\/posts\/8059\/revisions\/8062"}],"wp:featuredmedia":[{"embeddable":true,"href":"https:\/\/vimagazine.com.br\/index.php?rest_route=\/wp\/v2\/media\/8060"}],"wp:attachment":[{"href":"https:\/\/vimagazine.com.br\/index.php?rest_route=%2Fwp%2Fv2%2Fmedia&parent=8059"}],"wp:term":[{"taxonomy":"category","embeddable":true,"href":"https:\/\/vimagazine.com.br\/index.php?rest_route=%2Fwp%2Fv2%2Fcategories&post=8059"},{"taxonomy":"post_tag","embeddable":true,"href":"https:\/\/vimagazine.com.br\/index.php?rest_route=%2Fwp%2Fv2%2Ftags&post=8059"}],"curies":[{"name":"wp","href":"https:\/\/api.w.org\/{rel}","templated":true}]}}