{"id":8091,"date":"2023-01-12T17:03:46","date_gmt":"2023-01-12T20:03:46","guid":{"rendered":"https:\/\/vimagazine.com.br\/?p=8091"},"modified":"2023-01-12T17:03:50","modified_gmt":"2023-01-12T20:03:50","slug":"apartamentos-minimalistas-uma-ideia-atemporal-para-2023","status":"publish","type":"post","link":"https:\/\/vimagazine.com.br\/?p=8091","title":{"rendered":"Apartamentos Minimalistas: uma ideia atemporal para 2023"},"content":{"rendered":"\n<p class=\"has-text-align-center\">Idealizado pela arquiteta e designer Rafaela Giudice, projeto Helena conquista pela sua simplicidade e eleg\u00e2ncia<\/p>\n\n\n\n<figure class=\"wp-block-image size-large\"><img width=\"1024\" height=\"732\" src=\"https:\/\/vimagazine.com.br\/wp-content\/uploads\/2023\/01\/3D-do-Projeto-Helena-_imagem_Arquitetura-Dela-1024x732.jpg\" alt=\"\" class=\"wp-image-8093\" srcset=\"https:\/\/vimagazine.com.br\/wp-content\/uploads\/2023\/01\/3D-do-Projeto-Helena-_imagem_Arquitetura-Dela-1024x732.jpg 1024w, https:\/\/vimagazine.com.br\/wp-content\/uploads\/2023\/01\/3D-do-Projeto-Helena-_imagem_Arquitetura-Dela-300x214.jpg 300w, https:\/\/vimagazine.com.br\/wp-content\/uploads\/2023\/01\/3D-do-Projeto-Helena-_imagem_Arquitetura-Dela-768x549.jpg 768w, https:\/\/vimagazine.com.br\/wp-content\/uploads\/2023\/01\/3D-do-Projeto-Helena-_imagem_Arquitetura-Dela-1536x1097.jpg 1536w, https:\/\/vimagazine.com.br\/wp-content\/uploads\/2023\/01\/3D-do-Projeto-Helena-_imagem_Arquitetura-Dela.jpg 1600w\" sizes=\"(max-width: 1024px) 100vw, 1024px\" \/><figcaption>Imagem: divulga\u00e7\u00e3o<\/figcaption><\/figure>\n\n\n\n<p>Cl\u00e1ssico, contempor\u00e2neo e com estilo minimalista, \u00e9 assim que a arquiteta e designer de interiores Rafaela Giudice, especialista em obras r\u00e1pidas e gestora do escrit\u00f3rio \u2018Arquitetura Dela\u2019, compartilha o projeto Helena.<\/p>\n\n\n\n<p>Projetado para ser um espa\u00e7o funcional aos clientes e ao mesmo tempo um comercial n\u00e3o t\u00e3o espec\u00edfico, com pontos sutis de cor, o projeto de m\u00e9dio porte com 70m\u00b2, localizado no bairro da Vila Ol\u00edmpia, em S\u00e3o Paulo, surpreende pelas suas caracter\u00edsticas.<\/p>\n\n\n\n<p>\u201cEsse \u00e9 um projeto muito procurado e com caracter\u00edsticas neutras \u2013 por\u00e9m nada clich\u00eas -, do projeto s\u00e3o desejadas por muitos de n\u00f3s: madeira, ilumina\u00e7\u00e3o indireta com led, amplitude e integra\u00e7\u00e3o dos espa\u00e7os, um closet maravilhoso, um porcelanato com a refer\u00eancia do granilite e um espa\u00e7o generoso para receber os amigos. Sem falar no tom azul da cozinha que \u00e9 elegante e atemporal\u201d, afirma Rafaela Giudice.<\/p>\n\n\n\n<p>Com intuito de ser um projeto atemporal e uma \u00f3tima ideia para 2023 e anos seguintes, o projeto Helena carrega o nome da rua onde est\u00e1 localizado o apartamento, em S\u00e3o Paulo. Al\u00e9m de um toque de personalidade de quem habita. \u201cQuando apresentamos o projeto para esses clientes, eles nos contaram depois que os amigos quando viram disseram \u201cnossa, \u00e9 a cara de voc\u00eas\u201d \u2013 e isso nos deixa muito felizes, pois o foco \u00e9 sempre esse. Projetar um apartamento para ser funcional para os clientes, mas ao mesmo tempo pensar que esse espa\u00e7o precisa ser \u201ccomercial\u201d e n\u00e3o t\u00e3o espec\u00edfico \u00e0s necessidades deles, foi um desafio\u201d, refor\u00e7a a arquiteta.<\/p>\n\n\n\n<p>Sendo um apartamento m\u00e9dio, o Helena pode ser valorizado de diversas formas, entretanto quando se trata de um estilo mais intimista e minimalista, a combina\u00e7\u00e3o \u00e9 perfeita. Alguns pontos podem ser considerados interessantes e diferentes dos j\u00e1 vistos como, n\u00e3o ter TV nos quartos (desejo dos clientes), temos a sala de jantar com um canto alem\u00e3o possibilitando uma mesa maior, e aproveitar melhor o espa\u00e7o da sala \u2013 e sim, o canto alem\u00e3o desse projeto tamb\u00e9m \u00e9 um ba\u00fa para ajudar na armazenagem.<\/p>\n\n\n\n<p>A arquiteta tamb\u00e9m optou por n\u00e3o ter uma mesa de cabeceira propriamente dita.\u201dCriamos dois nichos no painel de cabeceira da cama que atende muito bem a necessidade dos clientes de apoiar seus telefones, um pouco mais baixa criando<\/p>\n\n\n\n<p>homogeneidade no quarto e no closet. Esse segundo, sem portas nos arm\u00e1rios por\u00e9m, deixamos as prateleiras um pouco mais recuadas para caso, algum dia, eles desejem colocar portas, conta Rafaela.<\/p>\n\n\n\n<p>A especialista em obras r\u00e1pidas vem sempre refor\u00e7ando a import\u00e2ncia de ouvir o cliente, de ter um equil\u00edbrio entre a opini\u00e3o do profissional e o gosto do cliente. Por isso, o rack vem com a ideia de ter uma fun\u00e7\u00e3o de banco para quando os clientes estiverem recebendo seus amigos, al\u00e9m da textura do efeito manchado, ou como est\u00e3o chamando agora, o microcimento, em um tom mais claro, dando um aconchego ao espa\u00e7o. No quarto foi apresentado o piso vin\u00edlico para amenizar o piso frio durante a \u00e9poca do inverno. J\u00e1 pensando no conforto ao acordar.<\/p>\n","protected":false},"excerpt":{"rendered":"<p>Idealizado pela arquiteta e designer Rafaela Giudice, projeto Helena conquista pela sua simplicidade e eleg\u00e2ncia&#8230;<\/p>\n","protected":false},"author":2,"featured_media":8092,"comment_status":"closed","ping_status":"open","sticky":false,"template":"","format":"standard","meta":{"om_disable_all_campaigns":false,"_monsterinsights_skip_tracking":false,"_monsterinsights_sitenote_active":false,"_monsterinsights_sitenote_note":"","_monsterinsights_sitenote_category":0,"spay_email":""},"categories":[27,75],"tags":[279,544],"jetpack_featured_media_url":"https:\/\/vimagazine.com.br\/wp-content\/uploads\/2023\/01\/3D-do-Projeto-Helena-_imagem_Arquitetura-Dela-1.jpg","_links":{"self":[{"href":"https:\/\/vimagazine.com.br\/index.php?rest_route=\/wp\/v2\/posts\/8091"}],"collection":[{"href":"https:\/\/vimagazine.com.br\/index.php?rest_route=\/wp\/v2\/posts"}],"about":[{"href":"https:\/\/vimagazine.com.br\/index.php?rest_route=\/wp\/v2\/types\/post"}],"author":[{"embeddable":true,"href":"https:\/\/vimagazine.com.br\/index.php?rest_route=\/wp\/v2\/users\/2"}],"replies":[{"embeddable":true,"href":"https:\/\/vimagazine.com.br\/index.php?rest_route=%2Fwp%2Fv2%2Fcomments&post=8091"}],"version-history":[{"count":1,"href":"https:\/\/vimagazine.com.br\/index.php?rest_route=\/wp\/v2\/posts\/8091\/revisions"}],"predecessor-version":[{"id":8094,"href":"https:\/\/vimagazine.com.br\/index.php?rest_route=\/wp\/v2\/posts\/8091\/revisions\/8094"}],"wp:featuredmedia":[{"embeddable":true,"href":"https:\/\/vimagazine.com.br\/index.php?rest_route=\/wp\/v2\/media\/8092"}],"wp:attachment":[{"href":"https:\/\/vimagazine.com.br\/index.php?rest_route=%2Fwp%2Fv2%2Fmedia&parent=8091"}],"wp:term":[{"taxonomy":"category","embeddable":true,"href":"https:\/\/vimagazine.com.br\/index.php?rest_route=%2Fwp%2Fv2%2Fcategories&post=8091"},{"taxonomy":"post_tag","embeddable":true,"href":"https:\/\/vimagazine.com.br\/index.php?rest_route=%2Fwp%2Fv2%2Ftags&post=8091"}],"curies":[{"name":"wp","href":"https:\/\/api.w.org\/{rel}","templated":true}]}}