{"id":8136,"date":"2023-01-13T10:29:43","date_gmt":"2023-01-13T13:29:43","guid":{"rendered":"https:\/\/vimagazine.com.br\/?p=8136"},"modified":"2023-01-13T10:30:26","modified_gmt":"2023-01-13T13:30:26","slug":"olhos-casos-de-conjuntivite-e-tercol-aumentam-no-verao-saiba-o-que-fazer","status":"publish","type":"post","link":"https:\/\/vimagazine.com.br\/?p=8136","title":{"rendered":"Olhos: casos de conjuntivite e ter\u00e7ol aumentam no ver\u00e3o. Saiba o que fazer"},"content":{"rendered":"\n<h3><em>Tirar a maquiagem antes de dormir e lavar as m\u00e3os com frequ\u00eancia s\u00e3o a melhor maneira de prevenir&nbsp;<\/em><\/h3>\n\n\n\n<p>O aumento das atividades ao ar livre e locais com grande aglomera\u00e7\u00e3o de pessoas, como praias, clubes e piscinas aumenta o contato direto entre as pessoas, o que facilita a propaga\u00e7\u00e3o de v\u00edrus e bact\u00e9rias. Ou seja, a alta dos casos no ver\u00e3o ocorre devido aos h\u00e1bitos da esta\u00e7\u00e3o que causam situa\u00e7\u00f5es prop\u00edcias para infec\u00e7\u00f5es de certos v\u00edrus e bact\u00e9rias.<\/p>\n\n\n\n<p><strong>Aten\u00e7\u00e3o com os olhos<\/strong><\/p>\n\n\n\n<p>Segundo a m\u00e9dica oftalmologista Andressa Ost Van Gysel, do Hospital de Olhos Sadalla Amin Ghanem, empresa do Grupo Opty, al\u00e9m de se proteger do sol e manter-se hidratado, tamb\u00e9m \u00e9 importante cuidar dos olhos nesta \u00e9poca do ano.<\/p>\n\n\n\n<figure class=\"wp-block-image alignright size-medium wp-image-2538\"><img src=\"https:\/\/viversantacatarina.com.br\/wp-content\/uploads\/2023\/01\/FOTOSPrancheta-9-200x300.jpg\" alt=\"\" class=\"wp-image-2538\" \/><figcaption>Dra Andressa Ost Van Gysel, do Hospital de Olhos Sadalla Amin Ghanem<\/figcaption><\/figure>\n\n\n\n<p>Higienizar as m\u00e3os com frequ\u00eancia, evitar co\u00e7ar os olhos, n\u00e3o compartilhar itens de uso pessoal, como toalhas de banho e \u00f3culos de sol e evitar ambientes com muita aglomera\u00e7\u00e3o de pessoas s\u00e3o medidas importantes de preven\u00e7\u00e3o. A conjuntivite \u00e9 a infec\u00e7\u00e3o da conjuntiva, membrana que reveste os olhos e as p\u00e1lpebras, causada por v\u00edrus e bact\u00e9rias. Os principais sintomas s\u00e3o olhos vermelhos, lacrimejamento, coceira nos olhos e p\u00e1lpebras inchadas.<\/p>\n\n\n\n<p>Outra condi\u00e7\u00e3o muito comum relacionada ao ver\u00e3o s\u00e3o as alergias e irrita\u00e7\u00f5es nos olhos. Em geral, os casos est\u00e3o associados a produtos qu\u00edmicos usados em piscinas, como o cloro, e ao contato dos olhos com protetor solare. \u201cTanto adultos como crian\u00e7as podem desenvolver uma rea\u00e7\u00e3o a esses agentes e apresentar vermelhid\u00e3o, ard\u00eancia e coceira\u201d, explica o m\u00e9dico. Al\u00e9m disso, o aumento do uso de ar-condicionado nessa esta\u00e7\u00e3o do ano &nbsp; deixa o ar mais seco, causando o ressecamento da c\u00f3rnea e sintomas de desconforto e irrita\u00e7\u00e3o ocular, explica a oftalmologista.<\/p>\n\n\n\n<p>O ter\u00e7ol tamb\u00e9m aparece no ver\u00e3o, ele se caracteriza como uma bolinha vermelha que surge nas p\u00e1lpebras. Trata-se de uma infec\u00e7\u00e3o bacteriana nas p\u00e1lpebras, causando dor, vermelhid\u00e3o e calor no local. Nas p\u00e1lpebras est\u00e3o localizadas as gl\u00e2ndulas de Zeiss e de Meibomius , que secretam subst\u00e2ncias essenciais para a defesa imunol\u00f3gica dos olhos. As altas temperaturas e a umidade podem fazer com que essas gl\u00e2ndulas n\u00e3o funcionem adequadamente,&nbsp; abrindo portas para a entrada de micro-organismos, como o Staphylococcus aureus. &#8220;O aumento da transpira\u00e7\u00e3o no calor e o uso de protetor solar, maquiagem e hidratantes elevam a incid\u00eancia de ter\u00e7ol no ver\u00e3o&#8221;. Remover a maquiagem e fazer a higiene das p\u00e1lpebras s\u00e3o medidas&nbsp; importantes na preven\u00e7\u00e3o do ter\u00e7ol.<\/p>\n\n\n\n<p>Por fim, o recomendado \u00e9 consultar o oftalmologista para obter um diagn\u00f3stico preciso e o tratamento adequado para o seu caso.<\/p>\n","protected":false},"excerpt":{"rendered":"<p>Tirar a maquiagem antes de dormir e lavar as m\u00e3os com frequ\u00eancia s\u00e3o a melhor&#8230;<\/p>\n","protected":false},"author":20,"featured_media":8137,"comment_status":"closed","ping_status":"open","sticky":false,"template":"","format":"standard","meta":{"om_disable_all_campaigns":false,"_monsterinsights_skip_tracking":false,"_monsterinsights_sitenote_active":false,"_monsterinsights_sitenote_note":"","_monsterinsights_sitenote_category":0,"spay_email":""},"categories":[27],"tags":[],"jetpack_featured_media_url":"https:\/\/vimagazine.com.br\/wp-content\/uploads\/2023\/01\/2-sindrome-do-olho-vermelho.webp","_links":{"self":[{"href":"https:\/\/vimagazine.com.br\/index.php?rest_route=\/wp\/v2\/posts\/8136"}],"collection":[{"href":"https:\/\/vimagazine.com.br\/index.php?rest_route=\/wp\/v2\/posts"}],"about":[{"href":"https:\/\/vimagazine.com.br\/index.php?rest_route=\/wp\/v2\/types\/post"}],"author":[{"embeddable":true,"href":"https:\/\/vimagazine.com.br\/index.php?rest_route=\/wp\/v2\/users\/20"}],"replies":[{"embeddable":true,"href":"https:\/\/vimagazine.com.br\/index.php?rest_route=%2Fwp%2Fv2%2Fcomments&post=8136"}],"version-history":[{"count":1,"href":"https:\/\/vimagazine.com.br\/index.php?rest_route=\/wp\/v2\/posts\/8136\/revisions"}],"predecessor-version":[{"id":8139,"href":"https:\/\/vimagazine.com.br\/index.php?rest_route=\/wp\/v2\/posts\/8136\/revisions\/8139"}],"wp:featuredmedia":[{"embeddable":true,"href":"https:\/\/vimagazine.com.br\/index.php?rest_route=\/wp\/v2\/media\/8137"}],"wp:attachment":[{"href":"https:\/\/vimagazine.com.br\/index.php?rest_route=%2Fwp%2Fv2%2Fmedia&parent=8136"}],"wp:term":[{"taxonomy":"category","embeddable":true,"href":"https:\/\/vimagazine.com.br\/index.php?rest_route=%2Fwp%2Fv2%2Fcategories&post=8136"},{"taxonomy":"post_tag","embeddable":true,"href":"https:\/\/vimagazine.com.br\/index.php?rest_route=%2Fwp%2Fv2%2Ftags&post=8136"}],"curies":[{"name":"wp","href":"https:\/\/api.w.org\/{rel}","templated":true}]}}