{"id":8140,"date":"2023-01-13T15:51:38","date_gmt":"2023-01-13T18:51:38","guid":{"rendered":"https:\/\/vimagazine.com.br\/?p=8140"},"modified":"2023-01-13T16:36:15","modified_gmt":"2023-01-13T19:36:15","slug":"a-brasileira-que-mora-na-suica-monica-merkt-ganha-mais-um-premio-por-se-destacar-em-sua-profissao","status":"publish","type":"post","link":"https:\/\/vimagazine.com.br\/?p=8140","title":{"rendered":"A brasileira que mora na Su\u00ed\u00e7a M\u00f4nica Merkt ganha mais um Pr\u00eamio por se destacar em sua profiss\u00e3o"},"content":{"rendered":"\n<figure class=\"wp-block-image aligncenter size-large is-resized\"><img src=\"https:\/\/vimagazine.com.br\/wp-content\/uploads\/2023\/01\/20230111_150220-768x1024.jpg\" alt=\"\" class=\"wp-image-8141\" width=\"486\" height=\"648\" srcset=\"https:\/\/vimagazine.com.br\/wp-content\/uploads\/2023\/01\/20230111_150220-768x1024.jpg 768w, https:\/\/vimagazine.com.br\/wp-content\/uploads\/2023\/01\/20230111_150220-225x300.jpg 225w, https:\/\/vimagazine.com.br\/wp-content\/uploads\/2023\/01\/20230111_150220-1024x1365.jpg 1024w, https:\/\/vimagazine.com.br\/wp-content\/uploads\/2023\/01\/20230111_150220.jpg 1075w\" sizes=\"(max-width: 486px) 100vw, 486px\" \/><\/figure>\n\n\n\n<p><strong>Depois de ganhar pr\u00eamio e inaugurar a sua cl\u00ednica de psican\u00e1lise, M\u00f4nica foi agraciada com mais um pr\u00eamio, o \u201cPr\u00eamio Destaque 2023\u201d.<\/strong><\/p>\n\n\n\n<p>No dia 08 de janeiro, na cidade de Zurich, na Su\u00ed\u00e7a, foi feita, por mais um ano, a entrega do \u201cPr\u00eamio Destaque 2023\u201d. O evento foi realizado pela CKProdu\u00e7\u00e3o \u2013 da produtora Kelly Carmona \u2013 e ocorreu no Hotel Baur au Lac. O pr\u00eamio valoriza pessoas e personalidades brasileiras que se destacam em suas \u00e1reas de trabalho, na Su\u00ed\u00e7a.<\/p>\n\n\n\n<p>Depois de ser agraciada, no m\u00eas de setembro, de 2022, com o cobi\u00e7ado pr\u00eamio \u201cMelhor do Brasil na Europa\u201d na \u00e1rea da sa\u00fade, realizado pela High Profile Magazine, que ocorreu em Paris, M\u00f4nica Val\u00e9ria Merkt deu mais um salto em sua vida profissional. Em sociedade com a advogada e psicanalista Silmara Maluf (especialista em redu\u00e7\u00e3o de conflitos) inauguraram a \u201cAvessos Cl\u00ednica de Psican\u00e1lise\u201d, com atendimento presencial e on-line, com o intuito de mergulhar nas profundezas da mente humana e tentar entender, e legitimar sentimentos que possam trazer um novo olhar para os desafios da vida.<\/p>\n\n\n\n<p>Com isso, M\u00f4nica foi indicada e uma das vencedoras do \u201cPr\u00eamio Destaque 2023\u201d, dado a brasileiros que se destacam em suas fun\u00e7\u00f5es e profiss\u00f5es na Su\u00ed\u00e7a, na Europa e at\u00e9 do Brasil. O pr\u00eamio foi dado na categoria de Psicanalista Integrativa. Com isso, em pouco tempo, j\u00e1 se somam dois pr\u00eamios importantes e de destaque no curr\u00edculo desta profissional.<\/p>\n\n\n\n<p>Brasileira, mulher preta, nascida na Baixada Fluminense do Rio de Janeiro e que, h\u00e1 mais de 20 anos, vive na Su\u00ed\u00e7a com suas filhas, M\u00f4nica Val\u00e9ria Merkt \u00e9 o perfil da cidad\u00e3 contempor\u00e2nea, que luta e corre atr\u00e1s dos seus direitos. Ainda mais para uma estrangeira em solo europeu! Com certeza a caminhada n\u00e3o foi f\u00e1cil, mas podemos dizer que tem valido \u00e0 pena, pois os louros j\u00e1 come\u00e7am a ser colhidos.<\/p>\n\n\n\n<p>Estudiosa, esperta e atenta, o \u201cTrof\u00e9u Destaque 2023\u201d \u00e9 mais um que se junta a uma s\u00e9rie de conquistas de M\u00f4nica, que celebra na sua maturidade como mulher e profissional as vit\u00f3rias conquistadas com muito suor e l\u00e1grimas.<\/p>\n\n\n\n<p>Instagram: @monicavmerkt<\/p>\n\n\n\n<p>Texto: Clilton Paz.<\/p>\n\n\n\n<p>Fotos: Arquivo Pessoal M\u00f4nica Merkt.<\/p>\n","protected":false},"excerpt":{"rendered":"<p>Depois de ganhar pr\u00eamio e inaugurar a sua cl\u00ednica de psican\u00e1lise, M\u00f4nica foi agraciada com&#8230;<\/p>\n","protected":false},"author":19,"featured_media":8144,"comment_status":"closed","ping_status":"open","sticky":false,"template":"","format":"standard","meta":{"om_disable_all_campaigns":false,"_monsterinsights_skip_tracking":false,"_monsterinsights_sitenote_active":false,"_monsterinsights_sitenote_note":"","_monsterinsights_sitenote_category":0,"spay_email":""},"categories":[27],"tags":[],"jetpack_featured_media_url":"https:\/\/vimagazine.com.br\/wp-content\/uploads\/2023\/01\/20230111_150203-768x1294-1.jpg","_links":{"self":[{"href":"https:\/\/vimagazine.com.br\/index.php?rest_route=\/wp\/v2\/posts\/8140"}],"collection":[{"href":"https:\/\/vimagazine.com.br\/index.php?rest_route=\/wp\/v2\/posts"}],"about":[{"href":"https:\/\/vimagazine.com.br\/index.php?rest_route=\/wp\/v2\/types\/post"}],"author":[{"embeddable":true,"href":"https:\/\/vimagazine.com.br\/index.php?rest_route=\/wp\/v2\/users\/19"}],"replies":[{"embeddable":true,"href":"https:\/\/vimagazine.com.br\/index.php?rest_route=%2Fwp%2Fv2%2Fcomments&post=8140"}],"version-history":[{"count":1,"href":"https:\/\/vimagazine.com.br\/index.php?rest_route=\/wp\/v2\/posts\/8140\/revisions"}],"predecessor-version":[{"id":8143,"href":"https:\/\/vimagazine.com.br\/index.php?rest_route=\/wp\/v2\/posts\/8140\/revisions\/8143"}],"wp:featuredmedia":[{"embeddable":true,"href":"https:\/\/vimagazine.com.br\/index.php?rest_route=\/wp\/v2\/media\/8144"}],"wp:attachment":[{"href":"https:\/\/vimagazine.com.br\/index.php?rest_route=%2Fwp%2Fv2%2Fmedia&parent=8140"}],"wp:term":[{"taxonomy":"category","embeddable":true,"href":"https:\/\/vimagazine.com.br\/index.php?rest_route=%2Fwp%2Fv2%2Fcategories&post=8140"},{"taxonomy":"post_tag","embeddable":true,"href":"https:\/\/vimagazine.com.br\/index.php?rest_route=%2Fwp%2Fv2%2Ftags&post=8140"}],"curies":[{"name":"wp","href":"https:\/\/api.w.org\/{rel}","templated":true}]}}