{"id":8226,"date":"2023-01-20T17:14:27","date_gmt":"2023-01-20T20:14:27","guid":{"rendered":"https:\/\/vimagazine.com.br\/?p=8226"},"modified":"2023-01-20T17:18:27","modified_gmt":"2023-01-20T20:18:27","slug":"djalma-berger-gestor-do-expocentro-recebe-trofeu-personalidades-do-ano","status":"publish","type":"post","link":"https:\/\/vimagazine.com.br\/?p=8226","title":{"rendered":"Djalma Berger gestor do Expocentro recebe trof\u00e9u Personalidades do Ano"},"content":{"rendered":"\n<p><\/p>\n\n\n\n<p class=\"has-medium-font-size\">O empres\u00e1rio Djalma Berger, gestor do Expocentro Balne\u00e1rio Cambori\u00fa J\u00falio Tedesco, &nbsp;recebeu o Trof\u00e9u Personalidades do Ano, oferecido a empres\u00e1rios, gestores p\u00fablicos e a profissionais de v\u00e1rios segmentos, escolhidos atrav\u00e9s de pesquisa de opini\u00e3o de colunistas sociais e formadores de opini\u00e3o de Balne\u00e1rio Cambori\u00fa. &#8220;\u00c9 o reconh ecimento de nosso primeiro ano em Balne\u00e1rio Cambori\u00fa. Este trof\u00e9u nos orgulha e d\u00e1 muita satisfa\u00e7\u00e3o e a cima de tudo, \u00e9 uma responsabilidade para os pr\u00f3ximos anos&#8221;, afirma Djalma Berger .&nbsp;<\/p>\n\n\n\n<p>O Trof\u00e9u \u00e9 uma promo\u00e7\u00e3o do Portal e TV Lithoral News, sob o comando do jornalista e empres\u00e1rio Simone Macedo.<\/p>\n\n\n\n<p style=\"font-size:22px\"><strong>Sobre Djalma Berger<\/strong><br>Djalma Berger \u00e9 um gestor p\u00fablico e empres\u00e1rio com uma hist\u00f3ria de empreendedorismo e sucesso.&nbsp;Formado em Administra\u00e7\u00e3o pela ESAG\/UDESC, e em Engenharia Civil pela UFSC, \u00e9 s\u00f3cio do Expocentro Balne\u00e1rio Cambori\u00fa J\u00falio Tedesco e do Hard Rock Live Florian\u00f3polis.&nbsp;Na \u00e1rea p\u00fablica foi prefeito de S\u00e3o Jos\u00e9, quando em sua gest\u00e3o fez o munic\u00edpio crescer e se desenvolv er, tornando-o uma das principais cidades de Santa Catarina. Como deputado estadual sua principal luta foi pelo turismo como gera\u00e7\u00e3o de empregos e renda. Tamb\u00e9m foi presidente da Eletrosul, com um mandato inovador e que incentivou muito o desenvolvimento econ\u00f4mico do Estado. Imprimindo em cada lugar que esteve \u00e0 frente a defesa dos interesses dos catarinenses.<br>Como empreendedor busca administrar democraticamente, alcan\u00e7ando \u00f3timos resultados. Para Djalma o bom empreendedor consegue enxergar nas necessidades das pessoas, uma oportunidade de fazer o neg\u00f3cio dar certo, e que n\u00e3o basta ser empreendedor, \u00e9 preciso ser um bom l\u00edder para ensinar e inspirar a todos.<br>E \u00e9 inspirando e inovando na gest\u00e3o, que Djalma est\u00e1 transformando o Expocentro em um fomentador de neg\u00f3cios em toda a regi\u00e3o.&nbsp;<br>Considerado o maior e mais moderno complexo multiuso do sul do pa\u00eds, o Expocentro Balne\u00e1rio Cambori\u00fa J\u00falio Tedesco foi planejado para receber eventos de todos os portes como:&nbsp;shows, conven\u00e7\u00f5es, feiras, exposi\u00e7\u00f5es, congressos, semin\u00e1rios, entre outros. Dotado de infraestrutura e tecnologias modernas a fim de consolidar Santa Catarina, como roteiro de grandes eventos corporativos e sociais.&nbsp;Inaugurado em maio de 2022,&nbsp;o centro de eventos recebeu 76 eventos, reunindo mais de 500 mil pessoas. Para este ano o Expocentro j\u00e1 est\u00e1 com cerca de 70% da agenda ocupada e com prospec\u00e7\u00f5es at\u00e9 2029.<\/p>\n\n\n\n<figure class=\"wp-block-image size-large is-resized\"><img src=\"https:\/\/vimagazine.com.br\/wp-content\/uploads\/2023\/01\/Flavia-Jordao-Djalma-Berger-e-Simone-Macedo-1-768x1024.jpeg\" alt=\"\" class=\"wp-image-8227\" width=\"446\" height=\"595\" srcset=\"https:\/\/vimagazine.com.br\/wp-content\/uploads\/2023\/01\/Flavia-Jordao-Djalma-Berger-e-Simone-Macedo-1-768x1024.jpeg 768w, https:\/\/vimagazine.com.br\/wp-content\/uploads\/2023\/01\/Flavia-Jordao-Djalma-Berger-e-Simone-Macedo-1-225x300.jpeg 225w, https:\/\/vimagazine.com.br\/wp-content\/uploads\/2023\/01\/Flavia-Jordao-Djalma-Berger-e-Simone-Macedo-1-1152x1536.jpeg 1152w, https:\/\/vimagazine.com.br\/wp-content\/uploads\/2023\/01\/Flavia-Jordao-Djalma-Berger-e-Simone-Macedo-1-1024x1365.jpeg 1024w, https:\/\/vimagazine.com.br\/wp-content\/uploads\/2023\/01\/Flavia-Jordao-Djalma-Berger-e-Simone-Macedo-1.jpeg 1200w\" sizes=\"(max-width: 446px) 100vw, 446px\" \/><\/figure>\n\n\n\n<p>Na foto: Flavia Jordao, Djalma Berger e Simone Macedo<\/p>\n","protected":false},"excerpt":{"rendered":"<p>O empres\u00e1rio Djalma Berger, gestor do Expocentro Balne\u00e1rio Cambori\u00fa J\u00falio Tedesco, &nbsp;recebeu o Trof\u00e9u Personalidades&#8230;<\/p>\n","protected":false},"author":1,"featured_media":8229,"comment_status":"closed","ping_status":"open","sticky":false,"template":"","format":"standard","meta":{"om_disable_all_campaigns":false,"_monsterinsights_skip_tracking":false,"_monsterinsights_sitenote_active":false,"_monsterinsights_sitenote_note":"","_monsterinsights_sitenote_category":0,"spay_email":""},"categories":[26],"tags":[],"jetpack_featured_media_url":"https:\/\/vimagazine.com.br\/wp-content\/uploads\/2023\/01\/Flavia-Jordao-Djalma-Berger-e-Simone-Macedo-1-1.jpeg","_links":{"self":[{"href":"https:\/\/vimagazine.com.br\/index.php?rest_route=\/wp\/v2\/posts\/8226"}],"collection":[{"href":"https:\/\/vimagazine.com.br\/index.php?rest_route=\/wp\/v2\/posts"}],"about":[{"href":"https:\/\/vimagazine.com.br\/index.php?rest_route=\/wp\/v2\/types\/post"}],"author":[{"embeddable":true,"href":"https:\/\/vimagazine.com.br\/index.php?rest_route=\/wp\/v2\/users\/1"}],"replies":[{"embeddable":true,"href":"https:\/\/vimagazine.com.br\/index.php?rest_route=%2Fwp%2Fv2%2Fcomments&post=8226"}],"version-history":[{"count":2,"href":"https:\/\/vimagazine.com.br\/index.php?rest_route=\/wp\/v2\/posts\/8226\/revisions"}],"predecessor-version":[{"id":8230,"href":"https:\/\/vimagazine.com.br\/index.php?rest_route=\/wp\/v2\/posts\/8226\/revisions\/8230"}],"wp:featuredmedia":[{"embeddable":true,"href":"https:\/\/vimagazine.com.br\/index.php?rest_route=\/wp\/v2\/media\/8229"}],"wp:attachment":[{"href":"https:\/\/vimagazine.com.br\/index.php?rest_route=%2Fwp%2Fv2%2Fmedia&parent=8226"}],"wp:term":[{"taxonomy":"category","embeddable":true,"href":"https:\/\/vimagazine.com.br\/index.php?rest_route=%2Fwp%2Fv2%2Fcategories&post=8226"},{"taxonomy":"post_tag","embeddable":true,"href":"https:\/\/vimagazine.com.br\/index.php?rest_route=%2Fwp%2Fv2%2Ftags&post=8226"}],"curies":[{"name":"wp","href":"https:\/\/api.w.org\/{rel}","templated":true}]}}