{"id":8246,"date":"2023-01-22T11:41:30","date_gmt":"2023-01-22T14:41:30","guid":{"rendered":"https:\/\/vimagazine.com.br\/?p=8246"},"modified":"2023-01-22T11:41:32","modified_gmt":"2023-01-22T14:41:32","slug":"espetaculo-a-margem-tera-apresentacoes-ineditas-nos-dias-28-e-29-de-janeiro-em-niteroi","status":"publish","type":"post","link":"https:\/\/vimagazine.com.br\/?p=8246","title":{"rendered":"Espet\u00e1culo \u201c\u00c0 Margem\u201d ter\u00e1 apresenta\u00e7\u00f5es in\u00e9ditas nos dias 28  e 29 de janeiro em Niter\u00f3i"},"content":{"rendered":"\n<p>\u201c\u00c0 Margem\u201d se apresenta como um entrecruzamento dos discursos individuais de cada um<br>dos tr\u00eas artistas negros em cena, tr\u00eas homens, cada um advindo de uma est\u00e9tica art\u00edstica<br>diferente: Tiago Oliveira \u2013 da dan\u00e7a contempor\u00e2nea ou Alex Pitt \u2013 dan\u00e7a break; Bruno Duarte<br>\u2013 das dan\u00e7as urbanas [o Krump] e Jhonatta Vicente \u2013 que atua como DJ em performances<br>sonoras e visualidades.<\/p>\n\n\n\n<p> <strong>O enredo est\u00e1 munido de mem\u00f3rias, depoimentos musicais, corporais e experi\u00eancias individuais que foram trazidas por cada um dos artistas e analisados em grupo.<\/strong><\/p>\n\n\n\n<p><br>O espet\u00e1culo fala sobre discuss\u00f5es que apresentam as tens\u00f5es raciais das quais enfrentaram<br>em suas vidas, entendendo quais as poss\u00edveis intersec\u00e7\u00f5es em suas trajet\u00f3rias \u2013 que ecoaram<br>e se tornaram presentes em seus fazeres. <\/p>\n\n\n\n<p><strong>O relato art\u00edstico de cada um serve como um convite para que o espectador vivencie uma nova perspectiva po\u00e9tica atrav\u00e9s do atravessamento provocado pela jun\u00e7\u00e3o dessas artes.<\/strong><\/p>\n\n\n\n<p><br>Foram experenciadas maneiras de compor essa tr\u00edade sob a supervis\u00e3o de Fabiana Nunes, que assina a dire\u00e7\u00e3o de dramaturgia. Atrav\u00e9s de cenas cotidianas, os relatos apresentam o caminho afrodiasp\u00f3rico desses artistas que, ironicamente, se confunde com a realidade di\u00e1ria de qualquer outro corpo negro. <\/p>\n\n\n\n<p>Sem a pretens\u00e3o de apagar o passado, o espet\u00e1culo busca provocar nos espectadores uma reflex\u00e3o sobre os preconceitos do presente, visando modificar o futuro. O questionamento que circunda a obra \u00e9: Como esses corpos negros, independente do caminho que cada um passou, s\u00e3o recebidos e aonde chegam? Trajet\u00f3rias encharcadas de lembran\u00e7as que v\u00e3o se atravessando e provocando novas experi\u00eancias e descobertas no desencadeamento da trama, permitindo o p\u00fablico associ\u00e1-la a um \u201cwork in progress\u201d. O t\u00edtulo \u201c\u00c0 Margem\u201d traz uma cr\u00edtica sobre o espa\u00e7o geralmente destinado \u00e0s pessoas negras \u2013<br>\u201capartadas, separadas, deixadas de lado, marginalizadas.\u201d. <\/p>\n\n\n\n<p>Mas nessa hist\u00f3ria os protagonistas expressam suas mem\u00f3rias e emo\u00e7\u00f5es atrav\u00e9s da dan\u00e7a contempor\u00e2nea, m\u00fasica e narrativa potente. Uma for\u00e7a provocativa e ancestral somada \u00e0 criatividade do bailarino e core\u00f3grafo negro Tiago Oliveira, idealizador do projeto art\u00edstico. Segundo cr\u00edticas de renomes como o cr\u00edtico teatral Wagner Corr\u00eaa de Ara\u00fajo, Adriana Pavlova (O Globo) e Leidson Ferraz (Unirio),<br>\u201c\u00c0 Margem\u201d \u00e9 um espet\u00e1culo \u00e1gil, visceral e imperd\u00edvel.<\/p>\n\n\n\n<figure class=\"wp-block-image size-large\"><img width=\"1024\" height=\"684\" src=\"https:\/\/vimagazine.com.br\/wp-content\/uploads\/2023\/01\/Fotos-Denise-Mendes-1-1024x684.jpg\" alt=\"\" class=\"wp-image-8249\" srcset=\"https:\/\/vimagazine.com.br\/wp-content\/uploads\/2023\/01\/Fotos-Denise-Mendes-1-1024x684.jpg 1024w, https:\/\/vimagazine.com.br\/wp-content\/uploads\/2023\/01\/Fotos-Denise-Mendes-1-300x200.jpg 300w, https:\/\/vimagazine.com.br\/wp-content\/uploads\/2023\/01\/Fotos-Denise-Mendes-1-768x513.jpg 768w, https:\/\/vimagazine.com.br\/wp-content\/uploads\/2023\/01\/Fotos-Denise-Mendes-1-1536x1026.jpg 1536w, https:\/\/vimagazine.com.br\/wp-content\/uploads\/2023\/01\/Fotos-Denise-Mendes-1.jpg 1920w\" sizes=\"(max-width: 1024px) 100vw, 1024px\" \/><\/figure>\n\n\n\n<p><\/p>\n\n\n\n<p><br>\u201c\u00c0 Margem\u201d est\u00e1 concorrendo ao II Pr\u00eamio CesgranRio de Dan\u00e7a nas categorias \u201cmelhor espet\u00e1culo\u201d e \u201cmelhor bailarino \u2013 Bruno Duarte\u201d. O espet\u00e1culo foi montado a convite do Sesc Rio para integrar a programa\u00e7\u00e3o tem\u00e1tica \u201cO corpo negro\u201d, do projeto Sesc Entredan\u00e7a 2019, ficando em cartaz na unidade de Copacabana \u2013 RJ. Neste mesmo ano, foi convidado para participar do Festival Dan\u00e7a em Tr\u00e2nsito, organizado pelo Grupo T\u00e1pias, no Teatro Riachuelo, no Rio de Janeiro. \u201c\u00c0 Margem\u201d fez a abertura do Festival MOVA-Se, no Teatro Amazonas, em Manaus (AM). Em 2022, o espet\u00e1culo foi contemplado no Fomento \u00e0 Cultura Carioca &#8211; FOCA, da Prefeitura Municipal do Rio de Janeiro por meio da Secretaria Municipal de Cultura, e circulou por espa\u00e7os culturais da cidade, contando com apoio do projeto Eu Fa\u00e7o Cultura em uma das apresenta\u00e7\u00f5es. Tamb\u00e9m participou da Virada Cultural de S\u00e3o Paulo.<\/p>\n\n\n\n<p><br><strong>Gra\u00e7as ao incentivo da Retomada Cultural, do Governo do Estado (RJ) e SECEC tiveram apresenta\u00e7\u00f5es em Maric\u00e1 e S\u00e3o Gon\u00e7alo, no Rio de Janeiro, e agora em Niter\u00f3i. <\/strong><\/p>\n\n\n\n<figure class=\"wp-block-image size-large\"><img width=\"1024\" height=\"576\" src=\"https:\/\/vimagazine.com.br\/wp-content\/uploads\/2023\/01\/Foto-Gil-Santos-1024x576.jpeg\" alt=\"\" class=\"wp-image-8248\" srcset=\"https:\/\/vimagazine.com.br\/wp-content\/uploads\/2023\/01\/Foto-Gil-Santos-1024x576.jpeg 1024w, https:\/\/vimagazine.com.br\/wp-content\/uploads\/2023\/01\/Foto-Gil-Santos-300x169.jpeg 300w, https:\/\/vimagazine.com.br\/wp-content\/uploads\/2023\/01\/Foto-Gil-Santos-768x432.jpeg 768w, https:\/\/vimagazine.com.br\/wp-content\/uploads\/2023\/01\/Foto-Gil-Santos-1536x864.jpeg 1536w, https:\/\/vimagazine.com.br\/wp-content\/uploads\/2023\/01\/Foto-Gil-Santos.jpeg 1920w\" sizes=\"(max-width: 1024px) 100vw, 1024px\" \/><\/figure>\n\n\n\n<p><br>As apresenta\u00e7\u00f5es in\u00e9ditas, em Niter\u00f3i, acontecer\u00e3o nos dias 28 e 29 de janeiro de 2023, s\u00e1bado \u00e0s 20h e domingo \u00e0s 19h, no Teatro da UFF, localizado no Centro de Artes UFF, em Icara\u00ed. Os ingressos ser\u00e3o vendidos a pre\u00e7os populares (R$20,00 e R$10,00). O projeto conta com o incentivo do Governo de Estado do Rio de Janeiro, por meio de sua Secretaria de Estado de Cultura e Economia Criativa, via fomento da Retomada Cultural. Realiza\u00e7\u00e3o: Centro de Artes UFF. Produ\u00e7\u00e3o: Piquet Cultural.<\/p>\n\n\n\n<p>Servi\u00e7o:<br>\u00c0 Margem<br>Dan\u00e7a<br>Dias: 28 e 29 de janeiro de 2023 (s\u00e1bado e domingo)<br>Hor\u00e1rio: 20h (dia 28\/01, s\u00e1bado) e 19h (dia 29\/01, domingo)<br>Local: Teatro da UFF &#8211; Rua Miguel de Frias, n\u00ba 9, Icara\u00ed, Niter\u00f3i\/RJ.<br>Dura\u00e7\u00e3o: 50 min<br>Classifica\u00e7\u00e3o et\u00e1ria: 12 anos<br>Pre\u00e7os: R$ 20,00 (inteira) e R$10,00 (meia)<\/p>\n\n\n\n<p>Ficha T\u00e9cnica:<br>Idealiza\u00e7\u00e3o: Tiago Oliveira (@tgo7oliveira)<br>Concep\u00e7\u00e3o e Dire\u00e7\u00e3o de Dramaturgia: Fabiana Nunes (@gaianunes) e Tiago Oliveira<br>Coreografia: Bruno Duarte (@brunoduarte904) e Tiago Oliveira<br>Int\u00e9rpretes Bailarinos: Bruno Duarte e Alex Pitt (@pittbboy)<br>Produ\u00e7\u00e3o Musical: Podeserdesligado (@podeserdesligado)<br>Produ\u00e7\u00e3o Executiva: Thiago Piquet (@tpiquet)<br>Concep\u00e7\u00e3o de Figurino: Su Tonani (@sutonani)<br>Concep\u00e7\u00e3o de Luz: Vilmar Olos (@vilmarolos)<br>Concep\u00e7\u00e3o de cen\u00e1rio: Pedro Flutt (@pedroflutt)<br>Cenot\u00e9cnico: Joel D Castro (@dcastrojoel)<br>Fotografia: Alexandre Ma\u00efa (@dandimaia) e Denise Mendes (@denisemendes.fotografia)<br>Colabora\u00e7\u00e3o: Juh Barbosa (@juuhbp)<br>Assessoria de Comunica\u00e7\u00e3o: JP Comunica\u00e7\u00e3o<br>JP ASSESSORIA EM COMUNICA\u00c7\u00c3O<br><\/p>\n\n\n\n<p>Luiz Claudio de Almeida<\/p>\n\n\n\n<p>Alessandra Lacet<\/p>\n","protected":false},"excerpt":{"rendered":"<p>\u201c\u00c0 Margem\u201d se apresenta como um entrecruzamento dos discursos individuais de cada umdos tr\u00eas artistas&#8230;<\/p>\n","protected":false},"author":3,"featured_media":8247,"comment_status":"closed","ping_status":"open","sticky":false,"template":"","format":"standard","meta":{"om_disable_all_campaigns":false,"_monsterinsights_skip_tracking":false,"_monsterinsights_sitenote_active":false,"_monsterinsights_sitenote_note":"","_monsterinsights_sitenote_category":0,"spay_email":""},"categories":[1],"tags":[],"jetpack_featured_media_url":"https:\/\/vimagazine.com.br\/wp-content\/uploads\/2023\/01\/Fotos-Denise-Mendes-3-e1674397554748.jpg","_links":{"self":[{"href":"https:\/\/vimagazine.com.br\/index.php?rest_route=\/wp\/v2\/posts\/8246"}],"collection":[{"href":"https:\/\/vimagazine.com.br\/index.php?rest_route=\/wp\/v2\/posts"}],"about":[{"href":"https:\/\/vimagazine.com.br\/index.php?rest_route=\/wp\/v2\/types\/post"}],"author":[{"embeddable":true,"href":"https:\/\/vimagazine.com.br\/index.php?rest_route=\/wp\/v2\/users\/3"}],"replies":[{"embeddable":true,"href":"https:\/\/vimagazine.com.br\/index.php?rest_route=%2Fwp%2Fv2%2Fcomments&post=8246"}],"version-history":[{"count":1,"href":"https:\/\/vimagazine.com.br\/index.php?rest_route=\/wp\/v2\/posts\/8246\/revisions"}],"predecessor-version":[{"id":8250,"href":"https:\/\/vimagazine.com.br\/index.php?rest_route=\/wp\/v2\/posts\/8246\/revisions\/8250"}],"wp:featuredmedia":[{"embeddable":true,"href":"https:\/\/vimagazine.com.br\/index.php?rest_route=\/wp\/v2\/media\/8247"}],"wp:attachment":[{"href":"https:\/\/vimagazine.com.br\/index.php?rest_route=%2Fwp%2Fv2%2Fmedia&parent=8246"}],"wp:term":[{"taxonomy":"category","embeddable":true,"href":"https:\/\/vimagazine.com.br\/index.php?rest_route=%2Fwp%2Fv2%2Fcategories&post=8246"},{"taxonomy":"post_tag","embeddable":true,"href":"https:\/\/vimagazine.com.br\/index.php?rest_route=%2Fwp%2Fv2%2Ftags&post=8246"}],"curies":[{"name":"wp","href":"https:\/\/api.w.org\/{rel}","templated":true}]}}