{"id":8251,"date":"2023-01-22T11:56:18","date_gmt":"2023-01-22T14:56:18","guid":{"rendered":"https:\/\/vimagazine.com.br\/?p=8251"},"modified":"2023-01-22T11:56:31","modified_gmt":"2023-01-22T14:56:31","slug":"semana-nacional-de-combate-a-intolerancia-religiosa","status":"publish","type":"post","link":"https:\/\/vimagazine.com.br\/?p=8251","title":{"rendered":"Semana Nacional de Combate \u00e0 Intoler\u00e2ncia Religiosa"},"content":{"rendered":"\n<p><strong>Semana Nacional de Combate \u00e0 Intoler\u00e2ncia Religiosa   De 18 a 21 de janeiro<\/strong>  <strong>No CCJF e Pra\u00e7a da Cinel\u00e2ndia<\/strong>  <strong>Lan\u00e7amento do II Relat\u00f3rio sobre Intoler\u00e2ncia Religiosa: Brasil, Am\u00e9rica Latina e Caribe<\/strong><\/p>\n\n\n\n<p><strong>Debates, filmes, shows e feira inter-religiosa<\/strong>.<\/p>\n\n\n\n<p>Uma s\u00e9rie de atividades comp\u00f5em a Semana Nacional de Combate \u00e0 Intoler\u00e2ncia Religiosa. Com entrada franca, nos dias 18, 19, 20 e 21 de janeiro, para promover o di\u00e1logo em prol do fortalecimento da toler\u00e2ncia, das liberdades, diversidades, pluralidade e da coexist\u00eancia pac\u00edfica entre as religi\u00f5es no Estado brasileiro.&nbsp;<\/p>\n\n\n\n<p>Alusivo ao Dia Nacional de Combate \u00e0 Intoler\u00e2ncia Religiosa \u2013 21 de janeiro. Criada para alertar sobre o problema da intoler\u00e2ncia gerado pelo desrespeito \u00e0s diversas cren\u00e7as existentes no mundo. Oficializada em 2007 atrav\u00e9s da Lei n.\u00ba 11.635, de 27 de dezembro, a data rememora o falecimento da Yalorix\u00e1 M\u00e3e Gilda, do terreiro Ax\u00e9 Abass\u00e1 de Ogum, na Bahia. A sacerdotisa faleceu no dia 21 de janeiro de 2000, ap\u00f3s ser acusada de charlatanismo, e ver a sua casa ser atacada por motivos de \u00f3dio e intoler\u00e2ncia religiosa.<\/p>\n\n\n\n<p><br>A intoler\u00e2ncia ainda \u00e9 um dos maiores desafios para a constru\u00e7\u00e3o da coexist\u00eancia pac\u00edfica em v\u00e1rias partes do mundo. Mesmo garantida por lei, a liberdade religiosa n\u00e3o \u00e9 uma realidade para todas as religi\u00f5es no nosso pa\u00eds. Prova disso, \u00e9 que nos \u00faltimos anos houve um crescimento significativo dos casos de intoler\u00e2ncia religiosa no Brasil, notadamente na cidade do Rio de Janeiro. Diante do presente cen\u00e1rio nacional, onde as liberdades (pol\u00edticas, sociais e religiosas) est\u00e3o amea\u00e7adas pelo avan\u00e7o dos conservadorismos.<\/p>\n\n\n\n<figure class=\"wp-block-image size-large\"><img width=\"1024\" height=\"1024\" src=\"https:\/\/vimagazine.com.br\/wp-content\/uploads\/2023\/01\/Padre-Omar-1024x1024.jpg\" alt=\"\" class=\"wp-image-8253\" srcset=\"https:\/\/vimagazine.com.br\/wp-content\/uploads\/2023\/01\/Padre-Omar-1024x1024.jpg 1024w, https:\/\/vimagazine.com.br\/wp-content\/uploads\/2023\/01\/Padre-Omar-300x300.jpg 300w, https:\/\/vimagazine.com.br\/wp-content\/uploads\/2023\/01\/Padre-Omar-150x150.jpg 150w, https:\/\/vimagazine.com.br\/wp-content\/uploads\/2023\/01\/Padre-Omar-768x768.jpg 768w, https:\/\/vimagazine.com.br\/wp-content\/uploads\/2023\/01\/Padre-Omar.jpg 1440w\" sizes=\"(max-width: 1024px) 100vw, 1024px\" \/><\/figure>\n\n\n\n<p>Segundo os dados apresentados no Relat\u00f3rio sobre os casos de Intoler\u00e2ncia Religiosa no Brasil, publicado em 2017 pelo CEAP em parceria com o Laborat\u00f3rio de Hist\u00f3ria das Experi\u00eancias Religiosa da UFRJ&nbsp;(LHER\/UFRJ)&nbsp;e com a editora Kl\u00edne, dos 1014 casos de intoler\u00e2ncia religiosas registradas entre abril de 2012 a agosto de 2015, pelo Centro de Promo\u00e7\u00e3o da Liberdade Religiosa &amp; Direitos Humanos (CEPLIR), 71% dos casos s\u00e3o contra adeptos das religi\u00f5es afro-brasileiras; 8% dos casos s\u00e3o contra evang\u00e9licos, 4% dos s\u00e3o casos cat\u00f3licos, 4% dos s\u00e3o casos judeus. Ainda segundo a CEPLIR, de setembro a dezembro de 2015: 32% dos casos s\u00e3o contra mu\u00e7ulmanos, 6% dos casos s\u00e3o contra ind\u00edgenas, 3% dos casos s\u00e3o contra kardecistas.<\/p>\n\n\n\n<p>E agora ser\u00e1 apresentado&nbsp;o II Relat\u00f3rio Sobre Intoler\u00e2ncia Religiosa: Brasil, Am\u00e9rica Latina e Caribe&nbsp;(Dia 19).&nbsp;Como fonte:&nbsp;casos e dados apresentados pela CCIR, pelo Minist\u00e9rio da Fam\u00edlia Mulher e Direitos Humanos (Disque 100) entre 2019, 2020 e 2021 e o Instituto de Seguran\u00e7a P\u00fablica (ISP) entre os anos de 2019, 2020 e 2021, dados sobre islamofobia, racismo e intoler\u00e2ncia religiosa contra as comunidades Kaiow\u00e1 e Guarani e antissemitas. Ou seja, primeiro e \u00fanico no mundo com dados t\u00e3o completos.<strong>PRIMEIRO DIA \u2013 QUARTA &#8211; 18 de JANEIRO&nbsp;<\/strong><\/p>\n\n\n\n<p><strong>Local: Centro Cultural da Justi\u00e7a Federal &#8211; CCJF<\/strong><\/p>\n\n\n\n<p><strong>Na Av. Rio Branco, 241 &#8211; Centro<\/strong><\/p>\n\n\n\n<p>As atividades come\u00e7am com o VI Semin\u00e1rio Liberdade Religiosa, Democracia e Direitos Humanos &amp; I Semin\u00e1rio Internacional Liberdade Religiosa, Democracia e Direitos Humanos.<\/p>\n\n\n\n<figure class=\"wp-block-image size-large\"><img width=\"779\" height=\"1024\" src=\"https:\/\/vimagazine.com.br\/wp-content\/uploads\/2023\/01\/Abdul-Karim-muculmano-779x1024.jpg\" alt=\"\" class=\"wp-image-8254\" srcset=\"https:\/\/vimagazine.com.br\/wp-content\/uploads\/2023\/01\/Abdul-Karim-muculmano-779x1024.jpg 779w, https:\/\/vimagazine.com.br\/wp-content\/uploads\/2023\/01\/Abdul-Karim-muculmano-228x300.jpg 228w, https:\/\/vimagazine.com.br\/wp-content\/uploads\/2023\/01\/Abdul-Karim-muculmano-768x1009.jpg 768w, https:\/\/vimagazine.com.br\/wp-content\/uploads\/2023\/01\/Abdul-Karim-muculmano-1024x1345.jpg 1024w, https:\/\/vimagazine.com.br\/wp-content\/uploads\/2023\/01\/Abdul-Karim-muculmano.jpg 1170w\" sizes=\"(max-width: 779px) 100vw, 779px\" \/><\/figure>\n\n\n\n<p><br><\/p>\n\n\n\n<p><strong>1) Sala de Sess\u00f5es &#8211; Mesa de abertura &#8211; 9h<\/strong><br>Prof. Ms. El\u00e9 Semog &#8211; Secret\u00e1rio Adjunto do CEAP, Prof. Dr. Babalaw\u00f4 Ivanir dos Santos &#8211; UFRJ e Interlocutor da CCIR, Dra. Nath\u00e1lia Von Rondow- Membra do Grupo Nacional de Trabalho Pol\u00edticas Etnorraciais, Dra. Simone Schreiber- Desembargadora Federal e Diretora do Centro Cultural Justi\u00e7a Federal, representante da Funda\u00e7\u00e3o Ford, Fundo Baob\u00e1, Freedom of Religion and Belief in Action Fund (FoRB Action Fund) e Unesco.<br><br>Autoridades Convidadas: Ministra da Igualdade Racial, Sra. Anielle Franco \/ Ministro dos Direitos Humanos, Prof. Dr. S\u00edlvio Almeida \/ Ministra da Cultura, a Sra. Margareth Menezes \/ Presidente da Funda\u00e7\u00e3o Palmares, Sr. Jo\u00e3o Jorge \/ Minist\u00e9rio das Rela\u00e7\u00f5es Institucionais, pela Secretaria Nacional de Assuntos Federativos, Sr. Andr\u00e9 Ceciliano.<br><strong><br>2) Sala de Sess\u00f5es &#8211; Mesa das 9h30 \u00e0s 11h<\/strong><\/p>\n\n\n\n<p>Tema &#8211; Pol\u00edtica, Religi\u00f5es e Democracia: Tem por objetivo analisar e debater as lutas pela liberdade, diversidade e pluralidade religiosa promovida pelos grupos religiosos marginalizados \u00e0 luz do di\u00e1logo inter-religioso.&nbsp;Participa\u00e7\u00e3o do Prof. Dr. Paulo Ba\u00eda \u2013 Soci\u00f3logo, Cientista Pol\u00edtico e Prof. da UFRJ,&nbsp;M\u00f4nica Francisco &#8211; Dep Estadual do RJ \/ Prof. Dr. Wallace de Moraes &#8211; Prof do Departamento de Ci\u00eancia Pol\u00edtica e dos Programas de P\u00f3s-Gradua\u00e7\u00e3o em Hist\u00f3ria Comparada (PPGHC) e de Filosofia (PPGF) &#8211; Coordena\u00e7\u00e3o da mesa: Prof. Dr. Babalaw\u00f4 Ivanir dos Santos<br><br><strong>3) Sala de Sess\u00f5es &#8211; Mesa 11h \u00e0s 12h30<\/strong><\/p>\n\n\n\n<p>Tema &#8211; Religi\u00f5es no Campo do Direito: Debater os processos construtivos das rela\u00e7\u00f5es de poder, fomentadas durante s\u00e9culos no Brasil, entre as religi\u00f5es e&nbsp;a pol\u00edtica no Campo dos Direitos.&nbsp;Com Prof. Dr. Jos\u00e9 Roberto Tambasco &#8211; Defensor P\u00fablico Federal, Representante na Regi\u00e3o Sudeste do Grupo de Trabalho Sobre Comunidades Tradicionais DPU e no Conselho Nacional dos Povos e Comunidades Tradicionais, Dr. J\u00falio Jos\u00e9 Ara\u00fajo- Procurador da Rep\u00fablica, Dr. H\u00e9dio Silva J\u00fanior &#8211; Coordenador Executivo do Instituto de Defesa dos Direitos das Religi\u00f5es Afro-Brasileiras &#8211; IDAFRO, Profa. Dra. Lusmarina Campos Garcia \u2013 Pastora e Te\u00f3loga Luterana, Doutora em Direito pela UFRJ. Coordena\u00e7\u00e3o da mesa: Deputada Estadual (RJ) Martha Rocha \u2013 Presidente da CPI contra de Intoler\u00e2ncia Religiosa<strong><br><br>4) Sala de Sess\u00f5es &#8211; Mesa das 14h \u00e0s 15h30<\/strong><\/p>\n\n\n\n<p>Tema &#8211; Religi\u00f5es nos meios de comunica\u00e7\u00e3o: Tem por objetivo fazer uma sucinta an\u00e1lise sobre os processos construtivos das rela\u00e7\u00f5es de poder entre as religi\u00f5es pol\u00edticas nos meios de comunica\u00e7\u00e3o, buscando possibilitar o entendimento dos m\u00faltiplos conflitos entre dos movimentos religiosos e institui\u00e7\u00f5es religiosas no Estado brasileiro.&nbsp;Com a Profa. A Dra. Helena Theodoro (LUPA\/CARNAVAL), Prof. Dr. S\u00edlvio Tendler &#8211; Cineasta, Profa. Dra. Diane Kuperman \u2013 Jornalista, PhD em Comunica\u00e7\u00e3o Social, representa o juda\u00edsmo nos Conselhos Estaduais de Direitos Humanos e de Promo\u00e7\u00e3o da Liberdade Religiosa, Mestranda Clarissa Monteagudo \u2013 Jornalista Especializada em Comunica\u00e7\u00e3o Comunit\u00e1ria, Dra. B\u00e1rbara Pereira &#8211; Jornalista e Doutora em Mem\u00f3ria Social. Coordena\u00e7\u00e3o: Dra M\u00f4nica Alexandre Santos<br><br><strong>5) Sala de Cinema &#8211; das 14h \u00e0s 15h30<\/strong><\/p>\n\n\n\n<p>&#8211; Mesa Rela\u00e7\u00f5es Internacionais. Tema: Prote\u00e7\u00e3o Internacional do Direito Humanos \u00e0 Liberdade Religiosa &#8211; Desafios para nova Conjuntura.&nbsp;Com a presen\u00e7a Dr. Carlos Nicodemos \u2013 Presidente da&nbsp;Comiss\u00e3o Direito Internacional OAB-RJ, Dra. S\u00edlvia Virg\u00ednia de Souza &#8211; Presidente da Comiss\u00e3o de Direitos Humanos da OAB Federal, Dr. Gustavo Proen\u00e7a \u2013 Comiss\u00e3o de Direito&nbsp;Internacional OAB-RJ. Mediador: Advogado e&nbsp;Dr. Igor Muniz<\/p>\n\n\n\n<p><br><strong>6) Sala de Sess\u00f5es &#8211; Mesa das 16h \u00e0s 17h30<\/strong><\/p>\n\n\n\n<p>Tema- Estado laico, liberdades e pluralidades: Sobre os desafios para a promo\u00e7\u00e3o do Estado laico, das liberdades e da toler\u00e2ncia diante do cen\u00e1rio atual e do avan\u00e7o do conservadorismo.&nbsp;Com Prof. Dr. Marcelo Natividade &#8211; Antrop\u00f3logo, jornalista, Coordenador da Linha de Pesquisa Gira &#8211; estudos em Religi\u00e3o, &nbsp;Direitos Humanos e Pol\u00edticas de sexo e g\u00eanero no N\u00facleo de estudos de Pol\u00edticas P\u00fablicas em Direitos Humanos (NEPP-DH) da UFRJ, Prof. Dr. Carlos Gustavo Vianna \u2013 Desembargador do TJRJ e Prof. PUC\/RJ. Coordena\u00e7\u00e3o: Profa. Dra. Rachel Aguiar \u2013 Coordenadora de Ensino do NEPP-DH, Diretora do NEABI, Membra do Coletivo de Docentes Negras e Negros da UFRJ e da APAN. &nbsp;<br><strong><br>7) Sala de Sess\u00f5es &#8211; 18h<\/strong><\/p>\n\n\n\n<p>Lan\u00e7amento da Revista Intoler\u00e2ncia Religiosa<br>Editada por KOINONIA Presen\u00e7a Ecum\u00eanica e Servi\u00e7o, de car\u00e1ter pol\u00edtico-acad\u00eamico com abordagens interdisciplinares sobre o tema intoler\u00e2ncias religiosas no Brasil e no Mundo, inserida nos par\u00e2metros dos debates em torno do Estado Laico, Diversidade e Direitos Humanos, far\u00e1 o lan\u00e7amento do seu n\u00famero 5 em 18 de janeiro de 2022:\u00a0Religi\u00f5es e Democracia: Elei\u00e7\u00f5es 2022. An\u00e1lises e artigos relativos \u00e0 conjuntura recente brasileira no ano eleitoral de 2022.<\/p>\n\n\n\n<figure class=\"wp-block-image size-large\"><img width=\"611\" height=\"1024\" src=\"https:\/\/vimagazine.com.br\/wp-content\/uploads\/2023\/01\/Hare-Krsma-611x1024.jpg\" alt=\"\" class=\"wp-image-8255\" srcset=\"https:\/\/vimagazine.com.br\/wp-content\/uploads\/2023\/01\/Hare-Krsma-611x1024.jpg 611w, https:\/\/vimagazine.com.br\/wp-content\/uploads\/2023\/01\/Hare-Krsma-179x300.jpg 179w, https:\/\/vimagazine.com.br\/wp-content\/uploads\/2023\/01\/Hare-Krsma-768x1287.jpg 768w, https:\/\/vimagazine.com.br\/wp-content\/uploads\/2023\/01\/Hare-Krsma-917x1536.jpg 917w, https:\/\/vimagazine.com.br\/wp-content\/uploads\/2023\/01\/Hare-Krsma.jpg 955w\" sizes=\"(max-width: 611px) 100vw, 611px\" \/><\/figure>\n\n\n\n<p><br><\/p>\n\n\n\n<p><strong>QUINTA &#8211; 19 de JANEIRO<\/strong><br><\/p>\n\n\n\n<p><strong>Sala de Sess\u00f5es &#8211; \u00e0s 15h<\/strong><\/p>\n\n\n\n<p>Lan\u00e7amento do V\u00eddeo: Intoler\u00e2ncia Religiosa e Racismo Religioso, um debate p\u00fablico ainda necess\u00e1rio! &#8211; Realizado por KOINONIA<br><br><strong>Lan\u00e7amento do II Relat\u00f3rio Sobre Intoler\u00e2ncia Religiosa: Brasil, Am\u00e9rica Latina e Caribe, das 16h \u00e0s 20h30, na sala de sess\u00f5es<br><\/strong><br><strong>Mesa 1 &#8211; Das 16h \u00e0s 17h30<\/strong>&nbsp;&nbsp;<\/p>\n\n\n\n<p>Mesa de lan\u00e7amento do II Relat\u00f3rio sobre Intoler\u00e2ncia Religiosa: Brasil, Am\u00e9rica Latina e Caribe. Com Prof. Ms. \u00c9le Semog \u2013 Diretor Executivo do CEAP, representante da UNESCO, Dra. Nath\u00e1lia Von Rondow &#8211; Grupo Nacional de Trabalho Pol\u00edticas Etnorraciais. Organizadores do Relat\u00f3rio: Prof. Dr. Babalaw\u00f4 Santos Ivanir dos Santos, Prof. Mestre Bruno Bonsanto Dias &#8211; Doutorando em Popula\u00e7\u00e3o, Territ\u00f3rio e Estat\u00edsticas P\u00fablicas \u2013 PPG\/ENCE\/IBGE, Prof. Luan Costa Ivanir dos Santos- Mestrando pela FEBF- UERJ-Caxias no Programa P\u00f3s-gradua\u00e7\u00e3o em Educa\u00e7\u00e3o, Cultura e Comunica\u00e7\u00e3o<br><br><strong>Mesa 2 \u2013 Das&nbsp;17h30&nbsp;\u00e0s&nbsp;19h<\/strong><\/p>\n\n\n\n<p>Apresenta\u00e7\u00e3o autores e autoras que escreveram os artigos que foram publicados no II Relat\u00f3rio sobre Intoler\u00e2ncia Religiosa: Brasil, Am\u00e9rica Latina e Caribe. Autores: Prof. Dr. Babalaw\u00f4 Santos Ivanir dos Santos, \u00a0Prof. Dr. Andr\u00e9 Leonardo Chevitarese &#8211; UFRJ, Profa. Dra. Christina Vital Cunhada &#8211; Do Programa de P\u00f3s-Gradua\u00e7\u00e3o em Sociologia da UFF e Editora da Revista Religi\u00e3o &amp; Sociedade, Prof. Dr. Jean Goldenbaum \u2013 Dr. em Musicologia pela Universidade de Augsburg, Pesquisador do Centro Europeu de M\u00fasica Judaica da Universidade de M\u00fasica de Hannover,\u00a0Profa. Dra. Francirosy Campos Barbosa-Antrop\u00f3loga, docente associada no Departamento de Psicologia da USP\/Ribeir\u00e3o Preto, p\u00f3s-doutora pela Universidade de Oxford, bolsista produtividade CNPq, orientadora nos programas de p\u00f3s em Psicologia e Antropologia da Universidade de S\u00e3o Paulo, coordenadora do GRACIAS (Grupo de Antropologia em Contextos Isl\u00e2micos e \u00c1rabes).\u00a0Profa. Dra. Camila do Valle-Doutora em Literatura, Prof. do Instituto Multidisciplinar da UFRRJ, pesquisadora de Literatura da Amaz\u00f4nia e pesquisadora do Projeto Nova Cartografia Social da Amaz\u00f4nia, Profa. Dra. Cynthia Carvalho Martins &#8211; Doutora em Antropologia, Prof. do Departamento de Ci\u00eancias Sociais e do Programa de P\u00f3s-Gradua\u00e7\u00e3o em Cartografia Social e Pol\u00edtica da Amaz\u00f4nia (PPGCSPA) na UEMA (Universidade Estadual do Maranh\u00e3o). Pesquisadora do Projeto Nova Cartografia Social da Amaz\u00f4nia e\u00a0Coordenadora do Comit\u00ea Quilombos da Associa\u00e7\u00e3o Brasileira de Antropologia (ABA), Profa. Dra. Mariana Gino &#8211; Secr\u00e9taire G\u00e9n\u00e9rale du Centre International Joseph Ki- Zerbo pour l&#8217;Afrique et sa Diaspora\/N&#8217;an laara an saara. (CIJKAD-NLAS).\u00a0Equipo Creer en Plural: Dra. Gina Romero, Alejandra Santos Cubides, Diana Carolina Silva, Felipe Caicedo, Daniel Prieto, Dr. Prof. Nicol\u00e1s Panotto, Loreto Massicot, Prof. Dr. Humberto Ramos de Oliveira J\u00fanior, Prof. Ms. Bruno Bonsanto Dias &#8211; Doutorando em Popula\u00e7\u00e3o, Territ\u00f3rio e Estat\u00edsticas P\u00fablicas \u2013 PPG\/ENCE\/IBGE, Profa. Msa. Tayn\u00e1 Louise de Maria &#8211; Doutoranda em Hist\u00f3ria Comparada pela UFRJ, Pesquisadora do Laborat\u00f3rio de Hist\u00f3ria das Experi\u00eancias Religiosas (LHER) e do N\u00facleo de Pesquisas Educa\u00e7\u00e3o, Corpos, Hist\u00f3rias e Mem\u00f3rias Negras (UERJ), Prof. Luan Costa Ivanir dos Santos- Mestrando pela FEBF-UERJ-Caxias no Programa P\u00f3s-gradua\u00e7\u00e3o em Educa\u00e7\u00e3o, Cultura e Comunica\u00e7\u00e3o.<\/p>\n\n\n\n<figure class=\"wp-block-image size-large\"><img width=\"1024\" height=\"1024\" src=\"https:\/\/vimagazine.com.br\/wp-content\/uploads\/2023\/01\/Filme-Tenho-Fe-1024x1024.png\" alt=\"\" class=\"wp-image-8256\" srcset=\"https:\/\/vimagazine.com.br\/wp-content\/uploads\/2023\/01\/Filme-Tenho-Fe-1024x1024.png 1024w, https:\/\/vimagazine.com.br\/wp-content\/uploads\/2023\/01\/Filme-Tenho-Fe-300x300.png 300w, https:\/\/vimagazine.com.br\/wp-content\/uploads\/2023\/01\/Filme-Tenho-Fe-150x150.png 150w, https:\/\/vimagazine.com.br\/wp-content\/uploads\/2023\/01\/Filme-Tenho-Fe-768x768.png 768w, https:\/\/vimagazine.com.br\/wp-content\/uploads\/2023\/01\/Filme-Tenho-Fe-1536x1536.png 1536w, https:\/\/vimagazine.com.br\/wp-content\/uploads\/2023\/01\/Filme-Tenho-Fe.png 1920w\" sizes=\"(max-width: 1024px) 100vw, 1024px\" \/><\/figure>\n\n\n\n<p><br>Coquetel de lan\u00e7amento \u00e0s 19h &#8211; No&nbsp;Hall da sala de Sess\u00f5es do CCJF<strong>SEXTA &#8211; 20 de JANEIRO<\/strong><br>Sala de Cinema do CCJF<br>Exibi\u00e7\u00e3o do Document\u00e1rio F\u00e9 e F\u00faria &#8211; Diretor e cineasta Marcos Pimentel<br>Das&nbsp;14h&nbsp;&#8211;&nbsp;&nbsp;<a href=\"https:\/\/www.youtube.com\/watch?v=9zBd16mezds\" target=\"_blank\" rel=\"noreferrer noopener\">trailer &#8211; F\u00e9 e F\u00faria &#8211; YouTube<\/a><br>Exibi\u00e7\u00e3o do document\u00e1rio Bangbala &#8211; Que eu Receba Riqueza&nbsp;&#8211;&nbsp;produ\u00e7\u00e3o e dire\u00e7\u00e3o de T\u00e2nia Amorim e M\u00e1rcio Nobre, roteiro Marcio Nobre.&nbsp;O document\u00e1rio trata da vida do Og\u00e1n mais antigo vivo do Brasil.&nbsp;<\/p>\n\n\n\n<p>Das 15h30 \u00e0s 17h30&nbsp;&#8211;&nbsp;<a href=\"https:\/\/youtu.be\/lP6aR7l-Wa8\" target=\"_blank\" rel=\"noreferrer noopener\">https:\/\/youtu.be\/lP6aR7l-Wa8<\/a><br>Exibi\u00e7\u00e3o do Document\u00e1rio Tenho F\u00e9 &#8211; Diretor, roteirista, produtor executivo &#8211; Rian C\u00f3rdova. Das 18h30 \u00e0s 20h30.&nbsp;trailer:&nbsp;<a href=\"https:\/\/www.youtube.com\/watch?v=T5BztQulgMY\" target=\"_blank\" rel=\"noreferrer noopener\">Tenho F\u00e9 \u2013 Trailer &#8211; YouTube<\/a><br>* Participa\u00e7\u00e3o de Professores e alunos da Universidade de Princeton, do diretor e cineasta Marcos Pimentel, do Prof. Dr. Babalaw\u00f4 Ivanir dos Santos, Kleber Lucas, e pesquisadores dos document\u00e1rios.<\/p>\n\n\n\n<p><strong>S\u00c1BADO &#8211; 21 de JANEIRO<\/strong><strong>Festival Cultural Inter-religioso&nbsp;<\/strong><strong>\u201cCantando a Gente se Entende\u201d,<\/strong><strong>na Pra\u00e7a da Cinel\u00e2ndia.<\/strong><br>* Das&nbsp;9h \u00e0s 20h<\/p>\n\n\n\n<p>Uma grande festa acontece na Pra\u00e7a da Cinel\u00e2ndia&nbsp;\/&nbsp;Centro. Contar\u00e1 com uma feira cultural inter-religiosa,&nbsp;com em torno de 12 tentas, trazendo viv\u00eancias religiosas de diversos&nbsp;segmentos. Rodas de conversa durante o dia, shows entre outras&nbsp;atra\u00e7\u00f5es culturais e religiosas, que fecham a Semana Nacional de Combate \u00e0 Intoler\u00e2ncia Religiosa.<br>*&nbsp;\u00c0s 10h<br>Arrast\u00e3o saindo da Lapa at\u00e9 a Cinel\u00e2ndia, com os grupos: Santu\u00e1rio do Z\u00e9 Pelintra, Orquestra de Atabaques e Batuque de Mulheres +<br>*&nbsp;Atra\u00e7\u00f5es religiosas no decorrer do dia. Apresenta\u00e7\u00e3o do Movimento Negro Evang\u00e9lico com as cantoras Andressa Oliveira da Silva, acompanhadas pelo violonista Hilem Mois\u00e9s de Souza Rodrigues, apresenta\u00e7\u00e3o do Mul\u00e7umano Abdul Karim, Uni\u00e3o Cigana do Brasil, Hare Krsna \u2013 Dan\u00e7a Yasoda Gopirani Devi Dasi, comunidade judaica com o Maestro Ricardo Szpilman e a Orquestra de Rancho&nbsp;tamb\u00e9m marcam presen\u00e7a.*&nbsp;Show principais a partir das 16h:&nbsp;Grupo Awur\u00ea&nbsp;&#8211;&nbsp;&nbsp;O Grupo foi criado com o objetivo de exaltar e resgatar a import\u00e2ncia da influ\u00eancia africana em nossa cultura, identidade e a consci\u00eancia ancestral, atrav\u00e9s da m\u00fasica, c\u00e2nticos, poesia, gastronomia e dan\u00e7a, contribuindo para o resgate e manuten\u00e7\u00e3o da identidade negra, afirmando o papel da representatividade negra e o seu protagonismo, cultural e social.Pastor Kleber Lucas&nbsp;&#8211; Quem n\u00e3o conhece as m\u00fasicas&nbsp;&#8220;Aos P\u00e9s Da Cruz&#8221;, &#8220;Vou Deixar Na Cruz&#8221;, &#8220;Deus Cuida de Mim&#8221;?&nbsp;Religioso, nascido em S\u00e3o Gon\u00e7alo, \u00e9 cantor e compositor com 10 Discos de Ouro, tr\u00eas Discos de Platina e dois DVDs de Ouro. Em 2013, ganhou o Grammy Latino de Melhor \u00c1lbum de M\u00fasica Crist\u00e3 em L\u00edngua Portuguesa.&nbsp;&nbsp;Padre Omar&nbsp;&#8211;&nbsp;\u201cNOSSA VOZ\u201d COM PADRE OMAR E D\u00d3 R\u00c9 MI&nbsp;&#8211;&nbsp;A parceria entre Padre Omar Raposo e D\u00f3 R\u00e9 Mi, que deu origem ao&nbsp;espet\u00e1culo \u201cNossa Voz\u201d, produz frutos e realiza grande show.<br>A semana Semana Nacional de Combate \u00e0 Intoler\u00e2ncia Religiosa \u00e9 uma organiza\u00e7\u00e3o do Centro de Articula\u00e7\u00e3o de Popula\u00e7\u00f5es Marginalizadas (CEAP) Comiss\u00e3o de Combate \u00e0 Intoler\u00e2ncia Religiosa (CCIR), Programa de P\u00f3s-Gradua\u00e7\u00e3o em Hist\u00f3ria Comparada da UFRJ (PPGHC), Laborat\u00f3rio de Hist\u00f3ria das Experi\u00eancias Religiosas da UFRJ (LHER\/UFRJ), Coordenadoria de Experi\u00eancias Religiosas Africanas, Afro-brasileiras, Racismo e Intoler\u00e2ncia Religiosa (ERARIR\/LHER\/UFRJ) e Coletivo Mait\u00ea Ferreira.<\/p>\n\n\n\n<p>Apoio do Centro Cultural Justi\u00e7a Federal (CCJF) Defensoria P\u00fablica da Uni\u00e3o (DPU) \/ Funda\u00e7\u00e3o Ford Fundo Baob\u00e1 \/ Freedom of Religion and Belief in Action Fund (FoRB Action Fund) e Rede Globo de Televis\u00e3o. Em coopera\u00e7\u00e3o com UNESCO<\/p>\n\n\n\n<figure class=\"wp-block-table\"><table><tbody><tr><td><\/td><\/tr><\/tbody><\/table><\/figure>\n\n\n\n<figure class=\"wp-block-table\"><table><tbody><tr><td><strong>Rozangela Silva<\/strong>Assessoria de Imprensa&nbsp;<\/td><\/tr><\/tbody><\/table><\/figure>\n\n\n\n<figure class=\"wp-block-image size-large\"><img width=\"1024\" height=\"768\" src=\"https:\/\/vimagazine.com.br\/wp-content\/uploads\/2023\/01\/Rancho-Praca-Onze-Klezmer-Carioca-1-1024x768.jpg\" alt=\"\" class=\"wp-image-8257\" srcset=\"https:\/\/vimagazine.com.br\/wp-content\/uploads\/2023\/01\/Rancho-Praca-Onze-Klezmer-Carioca-1-1024x768.jpg 1024w, https:\/\/vimagazine.com.br\/wp-content\/uploads\/2023\/01\/Rancho-Praca-Onze-Klezmer-Carioca-1-300x225.jpg 300w, https:\/\/vimagazine.com.br\/wp-content\/uploads\/2023\/01\/Rancho-Praca-Onze-Klezmer-Carioca-1-768x576.jpg 768w, https:\/\/vimagazine.com.br\/wp-content\/uploads\/2023\/01\/Rancho-Praca-Onze-Klezmer-Carioca-1-1536x1152.jpg 1536w, https:\/\/vimagazine.com.br\/wp-content\/uploads\/2023\/01\/Rancho-Praca-Onze-Klezmer-Carioca-1.jpg 1920w\" sizes=\"(max-width: 1024px) 100vw, 1024px\" \/><\/figure>\n","protected":false},"excerpt":{"rendered":"<p>Semana Nacional de Combate \u00e0 Intoler\u00e2ncia Religiosa De 18 a 21 de janeiro No CCJF&#8230;<\/p>\n","protected":false},"author":3,"featured_media":8252,"comment_status":"closed","ping_status":"open","sticky":false,"template":"","format":"standard","meta":{"om_disable_all_campaigns":false,"_monsterinsights_skip_tracking":false,"_monsterinsights_sitenote_active":false,"_monsterinsights_sitenote_note":"","_monsterinsights_sitenote_category":0,"spay_email":""},"categories":[1],"tags":[],"jetpack_featured_media_url":"https:\/\/vimagazine.com.br\/wp-content\/uploads\/2023\/01\/Awure-Foto-Cris-Vicente-e1674398834770.jpeg","_links":{"self":[{"href":"https:\/\/vimagazine.com.br\/index.php?rest_route=\/wp\/v2\/posts\/8251"}],"collection":[{"href":"https:\/\/vimagazine.com.br\/index.php?rest_route=\/wp\/v2\/posts"}],"about":[{"href":"https:\/\/vimagazine.com.br\/index.php?rest_route=\/wp\/v2\/types\/post"}],"author":[{"embeddable":true,"href":"https:\/\/vimagazine.com.br\/index.php?rest_route=\/wp\/v2\/users\/3"}],"replies":[{"embeddable":true,"href":"https:\/\/vimagazine.com.br\/index.php?rest_route=%2Fwp%2Fv2%2Fcomments&post=8251"}],"version-history":[{"count":1,"href":"https:\/\/vimagazine.com.br\/index.php?rest_route=\/wp\/v2\/posts\/8251\/revisions"}],"predecessor-version":[{"id":8258,"href":"https:\/\/vimagazine.com.br\/index.php?rest_route=\/wp\/v2\/posts\/8251\/revisions\/8258"}],"wp:featuredmedia":[{"embeddable":true,"href":"https:\/\/vimagazine.com.br\/index.php?rest_route=\/wp\/v2\/media\/8252"}],"wp:attachment":[{"href":"https:\/\/vimagazine.com.br\/index.php?rest_route=%2Fwp%2Fv2%2Fmedia&parent=8251"}],"wp:term":[{"taxonomy":"category","embeddable":true,"href":"https:\/\/vimagazine.com.br\/index.php?rest_route=%2Fwp%2Fv2%2Fcategories&post=8251"},{"taxonomy":"post_tag","embeddable":true,"href":"https:\/\/vimagazine.com.br\/index.php?rest_route=%2Fwp%2Fv2%2Ftags&post=8251"}],"curies":[{"name":"wp","href":"https:\/\/api.w.org\/{rel}","templated":true}]}}