{"id":8274,"date":"2023-01-24T17:30:41","date_gmt":"2023-01-24T20:30:41","guid":{"rendered":"https:\/\/vimagazine.com.br\/?p=8274"},"modified":"2023-01-24T17:30:47","modified_gmt":"2023-01-24T20:30:47","slug":"fundo-de-quintal-o-som-que-mudou-a-historia-do-samba","status":"publish","type":"post","link":"https:\/\/vimagazine.com.br\/?p=8274","title":{"rendered":"Fundo de Quintal \u2013 \u201cO Som Que Mudou a Hist\u00f3ria do Samba\u201d"},"content":{"rendered":"\n<p><strong><em>A sess\u00e3o de aut\u00f3grafos ser\u00e1 no dia 23, a partir das 18h, na Blooks de Botafogo<\/em><\/strong><\/p>\n\n\n\n<p><strong><em>A obra, escrita pelo jornalista Marcos Salles, chega \u00e0s livrarias pela Editora Mal\u00ea<\/em><\/strong><\/p>\n\n\n\n<p>O nome de Marcos Salles \u2013 jornalista, escritor, produtor, roteirista e diretor de shows \u2013 foi unanimidade entre os integrantes do Fundo de Quintal para escrever a biografia do grupo. S\u00f3 ele poderia ser o respons\u00e1vel pela tarefa de contar as quase cinco d\u00e9cadas de carreira daquela turma que come\u00e7ou se reunindo na quadra do bloco Cacique de Ramos, debaixo da frondosa e mais famosa tamarineira do sub\u00farbio carioca. Afinal de contas, Salles acompanhou de perto a trajet\u00f3ria do Fundo de Quintal e com ele trabalhou desde o quarto LP. No dia 23, a partir das 16h, na Blooks Livraria de Botafogo, autor e integrantes do grupo estar\u00e3o na tarde de aut\u00f3grafos do livro \u201cFundo de Quintal \u2013 O som que mudou a hist\u00f3ria do samba\u201d, lan\u00e7amento da Editora Mal\u00ea.\u00a0<\/p>\n\n\n\n<figure class=\"wp-block-image size-large\"><img width=\"1024\" height=\"1024\" src=\"https:\/\/vimagazine.com.br\/wp-content\/uploads\/2023\/01\/WhatsApp-Image-2023-01-16-at-19.32.04-1024x1024.jpeg\" alt=\"\" class=\"wp-image-8276\" srcset=\"https:\/\/vimagazine.com.br\/wp-content\/uploads\/2023\/01\/WhatsApp-Image-2023-01-16-at-19.32.04.jpeg 1024w, https:\/\/vimagazine.com.br\/wp-content\/uploads\/2023\/01\/WhatsApp-Image-2023-01-16-at-19.32.04-300x300.jpeg 300w, https:\/\/vimagazine.com.br\/wp-content\/uploads\/2023\/01\/WhatsApp-Image-2023-01-16-at-19.32.04-150x150.jpeg 150w, https:\/\/vimagazine.com.br\/wp-content\/uploads\/2023\/01\/WhatsApp-Image-2023-01-16-at-19.32.04-768x768.jpeg 768w\" sizes=\"(max-width: 1024px) 100vw, 1024px\" \/><\/figure>\n\n\n\n<p>Marcos Salles come\u00e7ou o trabalho em mar\u00e7o de 2017 e terminou em dezembro de 2020, mas, com a morte de Ubirany, integrante e fundador do Fundo de Quintal, no dia 11 daquele mesmo m\u00eas, teve de rever a parte que falava do criador do repique de m\u00e3o. O texto foi entregue \u00e0 Editora Mal\u00ea em fevereiro de 2021, mas a pandemia acabou atrasando tudo. Foram 161 entrevistas em 116 horas de grava\u00e7\u00f5es. Entre os entrevistados, est\u00e3o nomes como Beth Carvalho, Zeca Pagodinho, Rildo Hora, Leci Brand\u00e3o (que assina a apresenta\u00e7\u00e3o do livro), Anderson Leonardo, Elza Soares, Jairzinho, L\u00edber Gadelha, M\u00edlton Manh\u00e3es, Mauro Diniz, Nei Lopes, Ricardo Cravo Albin, T\u00falio Feliciano, al\u00e9m de muitos m\u00fasicos, compositores, integrantes e familiares.&nbsp;<\/p>\n\n\n\n<p>O autor conta que n\u00e3o fez pesquisa anterior: \u201cn\u00e3o precisei, estou dentro dessa hist\u00f3ria, convivendo com eles, tendo escrito a contracapa e encarte do LP de 1984, \u201cSeja sambista tamb\u00e9m\u201d, sido coordenador de produ\u00e7\u00e3o no LP de 1985, \u201cDivina luz\u201d \u2013 primeiro a conquistar o Disco de Ouro \u2013 e dirigido uma temporada deles em 1992, no Asa Branca, ent\u00e3o importante casa de shows localizada na Lapa, bairro bo\u00eamio carioca\u201d. Salles j\u00e1 conhecia boa parte da hist\u00f3ria e, por isso, n\u00e3o encontrou dificuldade em montar o roteiro.<\/p>\n\n\n\n<p>O livro conta a hist\u00f3ria desde o in\u00edcio do Fundo de Quintal na quadra do Cacique de Ramos e como o nome foi escolhido; fala dos instrumentos criados ou usados pelo grupo de forma inovadora, da madrinha Beth Carvalho, das v\u00e1rias forma\u00e7\u00f5es do grupo e de ex-integrantes que fizeram hist\u00f3ria \u2013 como Neoci, Jorge Arag\u00e3o, Arlindo Cruz, Sombrinha, Cl\u00e9ber Augusto e M\u00e1rio S\u00e9rgio \u2013, al\u00e9m da bossa dos irm\u00e3os Bira e Ubirany dan\u00e7ando o miudinho, da censura e de como o grupo \u201cfurou a bolha\u201d e derrubou o preconceito da m\u00eddia, abrindo as portas para o samba. Est\u00e3o no livro tamb\u00e9m, claro, os sucessos, os pr\u00eamios, muitas curiosidades e at\u00e9 temas pol\u00eamicos, como as drogas.<\/p>\n\n\n\n<p><\/p>\n\n\n\n<figure class=\"wp-block-image\"><img alt=\"\" \/><\/figure>\n\n\n\n<p>\u201cO Fundo de Quintal \u00e9 fundamental para a hist\u00f3ria do samba. Al\u00e9m de terem trazido de volta a cultura dos pagodes, que Bira, Ubirany, Sereno, Neoci, Sombrinha aprenderam com seus pais, sempre com m\u00fasica em casa, os integrantes trouxeram para o samba, descompromissadamente, novos instrumentos. Enquanto Sereno adaptou a tambora de conjuntos de bolero como Los Panchos para ser o seu tant\u00e3; Ubirany criou o repique de m\u00e3o; e Almir Guineto trouxe o banjo. A partir da\u00ed o samba mudou e muito tamb\u00e9m na forma de compor e cantar\u201d, exalta Salles.<\/p>\n\n\n\n<p>Sobre o tal banjo, ali\u00e1s, o livro conta a verdadeira hist\u00f3ria do instrumento levado por Almir. J\u00e1 a madrinha Beth Carvalho mereceu um cap\u00edtulo \u00e0 parte \u2013 e com justi\u00e7a! Levada \u00e0 quadra do Cacique por Alcyr Capita, na \u00e9poca capit\u00e3o do time do Vasco da Gama, Beth foi a grande respons\u00e1vel pela descoberta. Ela levou o grupo, pela primeira vez, a um est\u00fadio de grava\u00e7\u00e3o, indicou-o \u00e0 gravadora RGE e ainda melhorou o primeiro contrato dele. A partir dali, a cantora passou a levar o Fundo de Quintal para v\u00e1rios programas de TV e sempre esteve de perto.<\/p>\n\n\n\n<p>\u201cFundo de Quintal \u2013 O som que mudou a hist\u00f3ria do samba\u201d \u00e9 obra fundamental para quem gosta de samba e quer saber mais sobre a import\u00e2ncia dele para a cultura carioca. Um \u00f3timo<\/p>\n\n\n\n<p><strong>Sobre a Editora Mal\u00ea<\/strong><\/p>\n\n\n\n<p>Inaugurada em 2015, a Editora Mal\u00ea tem como objetivo aumentar a visibilidade de escritores negros contempor\u00e2neos, ampliar o acesso a suas obras, contribuindo para maior diversidade no mercado editorial brasileiro, al\u00e9m de promover uma mudan\u00e7a em ideias pr\u00e9-concebidas sobre os indiv\u00edduos negros no Brasil. Entre seus autores, est\u00e3o nomes consagrados na literatura afro-brasileira, como Concei\u00e7\u00e3o Evaristo, Cuti Silva, Geni Guimar\u00e3es, Martinho da Vila, Muniz Sodr\u00e9, al\u00e9m de novos talentos como Eliana Alves Cruz, Cristiane Sobral, Ernesto Xavier, F\u00e1bio Kabral. A editora tamb\u00e9m promove seu pr\u00f3prio pr\u00eamio de literatura \u2013 voltado a jovens escritores negros \u2013 e, a cada ano, publica uma colet\u00e2nea com os textos vencedores do concurso.<\/p>\n\n\n\n<p><strong>Servi\u00e7o&nbsp;&nbsp;&nbsp;&nbsp;&nbsp;&nbsp;&nbsp;&nbsp;&nbsp;&nbsp;&nbsp;&nbsp;&nbsp;&nbsp;&nbsp;&nbsp;&nbsp;&nbsp;&nbsp;&nbsp;&nbsp;&nbsp;&nbsp;&nbsp;&nbsp;&nbsp;&nbsp;&nbsp;&nbsp;&nbsp;&nbsp;&nbsp;&nbsp;&nbsp;&nbsp;&nbsp;&nbsp;&nbsp;&nbsp;&nbsp;&nbsp;&nbsp;&nbsp;&nbsp;&nbsp;&nbsp;&nbsp;&nbsp;&nbsp;&nbsp;&nbsp;&nbsp;&nbsp;&nbsp;&nbsp;&nbsp;&nbsp;&nbsp;&nbsp;&nbsp;&nbsp;&nbsp;&nbsp;&nbsp;&nbsp;&nbsp;&nbsp;&nbsp;&nbsp;&nbsp;&nbsp;&nbsp;&nbsp;&nbsp;&nbsp;&nbsp;&nbsp;&nbsp;&nbsp;<\/strong><\/p>\n\n\n\n<p><strong>Tarde de aut\u00f3grafos do livro<\/strong>&nbsp;\u201cFundo de Quintal \u2013 O Som Que Mudou a Hist\u00f3ria do Samba\u201d<\/p>\n\n\n\n<p><strong>Data:<\/strong>&nbsp;23 de janeiro de 2023<\/p>\n\n\n\n<p><strong>Hor\u00e1rio:<\/strong>&nbsp;18h<\/p>\n\n\n\n<p><strong>Local:<\/strong>&nbsp;Blooks Livraria de Botafogo<\/p>\n\n\n\n<p><strong>Endere\u00e7o:<\/strong>&nbsp;Praia de Botafogo, 316, na galeria do Espa\u00e7o Ita\u00fa de Cinema<\/p>\n\n\n\n<p><strong>Autor:<\/strong>&nbsp;Marcos Salles<\/p>\n\n\n\n<p><strong>Assunto:<\/strong>&nbsp;Biografia<\/p>\n\n\n\n<p><strong>Editora Mal\u00ea<\/strong><\/p>\n\n\n\n<p><strong>P\u00e1ginas:<\/strong>&nbsp;448<\/p>\n\n\n\n<p><strong>Formato:<\/strong>&nbsp;16&#215;23<\/p>\n\n\n\n<p><strong>ISBN:<\/strong>&nbsp;9786587746920<\/p>\n\n\n\n<p><strong>Valor:<\/strong>\u00a0R$ 84,90\u00a0<\/p>\n\n\n\n<p><strong>SG Assessoria de Imprensa<\/strong><\/p>\n\n\n\n<p>Sheila Gomes <\/p>\n\n\n\n<p>Luciano Oliveira <\/p>\n","protected":false},"excerpt":{"rendered":"<p>A sess\u00e3o de aut\u00f3grafos ser\u00e1 no dia 23, a partir das 18h, na Blooks de&#8230;<\/p>\n","protected":false},"author":3,"featured_media":8275,"comment_status":"closed","ping_status":"open","sticky":false,"template":"","format":"standard","meta":{"om_disable_all_campaigns":false,"_monsterinsights_skip_tracking":false,"_monsterinsights_sitenote_active":false,"_monsterinsights_sitenote_note":"","_monsterinsights_sitenote_category":0,"spay_email":""},"categories":[1],"tags":[],"jetpack_featured_media_url":"https:\/\/vimagazine.com.br\/wp-content\/uploads\/2023\/01\/image003.jpg","_links":{"self":[{"href":"https:\/\/vimagazine.com.br\/index.php?rest_route=\/wp\/v2\/posts\/8274"}],"collection":[{"href":"https:\/\/vimagazine.com.br\/index.php?rest_route=\/wp\/v2\/posts"}],"about":[{"href":"https:\/\/vimagazine.com.br\/index.php?rest_route=\/wp\/v2\/types\/post"}],"author":[{"embeddable":true,"href":"https:\/\/vimagazine.com.br\/index.php?rest_route=\/wp\/v2\/users\/3"}],"replies":[{"embeddable":true,"href":"https:\/\/vimagazine.com.br\/index.php?rest_route=%2Fwp%2Fv2%2Fcomments&post=8274"}],"version-history":[{"count":1,"href":"https:\/\/vimagazine.com.br\/index.php?rest_route=\/wp\/v2\/posts\/8274\/revisions"}],"predecessor-version":[{"id":8277,"href":"https:\/\/vimagazine.com.br\/index.php?rest_route=\/wp\/v2\/posts\/8274\/revisions\/8277"}],"wp:featuredmedia":[{"embeddable":true,"href":"https:\/\/vimagazine.com.br\/index.php?rest_route=\/wp\/v2\/media\/8275"}],"wp:attachment":[{"href":"https:\/\/vimagazine.com.br\/index.php?rest_route=%2Fwp%2Fv2%2Fmedia&parent=8274"}],"wp:term":[{"taxonomy":"category","embeddable":true,"href":"https:\/\/vimagazine.com.br\/index.php?rest_route=%2Fwp%2Fv2%2Fcategories&post=8274"},{"taxonomy":"post_tag","embeddable":true,"href":"https:\/\/vimagazine.com.br\/index.php?rest_route=%2Fwp%2Fv2%2Ftags&post=8274"}],"curies":[{"name":"wp","href":"https:\/\/api.w.org\/{rel}","templated":true}]}}