{"id":8287,"date":"2023-01-24T18:05:59","date_gmt":"2023-01-24T21:05:59","guid":{"rendered":"https:\/\/vimagazine.com.br\/?p=8287"},"modified":"2023-01-24T18:06:01","modified_gmt":"2023-01-24T21:06:01","slug":"edital-100-anos-de-darcy-ribeiro","status":"publish","type":"post","link":"https:\/\/vimagazine.com.br\/?p=8287","title":{"rendered":"Edital &#8220;100 anos de Darcy Ribeiro&#8221;"},"content":{"rendered":"\n<p><strong>Edital &#8220;100 anos de Darcy Ribeiro&#8221; divulga resultado e abre exposi\u00e7\u00e3o na Biblioteca Parque Estadual &#8211; Mostra ficar\u00e1 aberta ao p\u00fablico at\u00e9 o dia 3 de mar\u00e7o<\/strong><\/p>\n\n\n\n<p>O resultado do edital &#8220;100 Anos Darcy Ribeiro&#8221; foi divulgado nesta segunda-feira (23), durante cerim\u00f4nia realizada na Biblioteca Parque Estadual (BPE), no Centro do Rio, premiando cinco propostas com o valor de R$ 50 mil cada.<\/p>\n\n\n\n<p>O evento contou ainda com a inaugura\u00e7\u00e3o oficial da exposi\u00e7\u00e3o sobre o centen\u00e1rio do antrop\u00f3logo, educador e indigenista brasileiro, que ficar\u00e1 aberta para visita\u00e7\u00e3o at\u00e9 o dia 3 de mar\u00e7o.<\/p>\n\n\n\n<p><em>&#8220;Esse projeto contempla diversas vertentes, fomentando a economia criativa atrav\u00e9s do edital, e homenageando um grande personagem brasileiro com a exposi\u00e7\u00e3o. Os visitantes v\u00e3o poder vivenciar um pouco da import\u00e2ncia de um dos nossos maiores referenciais, que \u00e9 o Darcy, uma pessoa que empoderou a cultura ind\u00edgena e negra em todo o pa\u00eds. O edital \u00e9 um refor\u00e7o que potencializa e celebra o legado deste grande brasileiro&#8221;<\/em>, destaca a Secret\u00e1ria de Estado de Cultura e Economia Criativa do Rio de Janeiro, Danielle Barros.<\/p>\n\n\n\n<p>Ao todo, o j\u00fari recebeu e avaliou 191 propostas criativas de produtores culturais fluminenses, todas envolvendo a figura, a vida e a obra de Darcy. A representatividade foi um dos crit\u00e9rios utilizados no processo de sele\u00e7\u00e3o e refletiu no perfil dos candidatos \u00e0s vagas, uma vez que 94,2% dos projetos inscritos contavam com mulheres; 78%, com negros; 61,3%, com representantes LGBTQIA+; e 15,7%, com pessoas com defici\u00eancia. Outros 42 tinham ind\u00edgenas dentro de sua equipe.<\/p>\n\n\n\n<p><em>&#8220;A avalia\u00e7\u00e3o e an\u00e1lise das propostas foi uma tarefa \u00e1rdua, ao mesmo tempo emocionante e muito recompensadora. S\u00f3 de perceber o quanto este edital estimulou fazedores de cultura de todos os cantos do Estado do Rio de Janeiro a pensarem projetos envolvendo Darcy Ribeiro, pesquisando a sua obra, ressaltando seus feitos e enaltecendo suas ideias e pensamentos, j\u00e1 come\u00e7amos a nos sentir com o dever cumprido com rela\u00e7\u00e3o aos objetivos que nos propusemos dentro do nosso projeto cultural&#8221;,<\/em>\u00a0afirma Julio Zucca, coprodutor do edital e da exposi\u00e7\u00e3o.<\/p>\n\n\n\n<figure class=\"wp-block-image size-large\"><img width=\"1024\" height=\"683\" src=\"https:\/\/vimagazine.com.br\/wp-content\/uploads\/2023\/01\/MostraDarcyRibeiro_FotoLeonardoFerraz2-1024x683.jpg\" alt=\"\" class=\"wp-image-8289\" srcset=\"https:\/\/vimagazine.com.br\/wp-content\/uploads\/2023\/01\/MostraDarcyRibeiro_FotoLeonardoFerraz2-1024x683.jpg 1024w, https:\/\/vimagazine.com.br\/wp-content\/uploads\/2023\/01\/MostraDarcyRibeiro_FotoLeonardoFerraz2-300x200.jpg 300w, https:\/\/vimagazine.com.br\/wp-content\/uploads\/2023\/01\/MostraDarcyRibeiro_FotoLeonardoFerraz2-768x512.jpg 768w, https:\/\/vimagazine.com.br\/wp-content\/uploads\/2023\/01\/MostraDarcyRibeiro_FotoLeonardoFerraz2-1536x1024.jpg 1536w, https:\/\/vimagazine.com.br\/wp-content\/uploads\/2023\/01\/MostraDarcyRibeiro_FotoLeonardoFerraz2.jpg 1920w\" sizes=\"(max-width: 1024px) 100vw, 1024px\" \/><\/figure>\n\n\n\n<p>Um dos cinco projetos contemplados foi o espet\u00e1culo teatral &#8220;Cartas de Darcy&#8221;, do grupo Poeira da Hist\u00f3ria. Na pe\u00e7a, Darcy acorda de um sono profundo e se pergunta: &#8220;Em que ano estamos?&#8221;. Ao se deparar com as informa\u00e7\u00f5es, ele precisa lidar com um novo pa\u00eds e decide escrever cartas ao Brasil de hoje.<\/p>\n\n\n\n<p><em>&#8220;As reuni\u00f5es do Poeira da Hist\u00f3ria, que come\u00e7aram h\u00e1 quatro anos de forma on-line, agora se transformaram em ativa\u00e7\u00f5es e apresenta\u00e7\u00f5es presenciais, unindo hist\u00f3ria e teatro. Poder ter o nosso trabalho reconhecido, ainda mais em um projeto em homenagem a um nome como Darcy, \u00e9 uma honra muito grande&#8221;,<\/em>&nbsp;ressalta Max Oliveira, diretor e int\u00e9rprete de Darcy na pe\u00e7a.<\/p>\n\n\n\n<p>Os outros projetos vencedores foram &#8220;Cortejo Favela &#8211; Os Brasis de Darcy&#8221;, &#8220;Darcy Ribeiro do Brasil &#8211; Um Documento Narrado&#8221;, &#8220;Mural Darcy Ribeiro e o Povo Brasileiro&#8221; e &#8220;O Brasil de Darcy Ribeiro para Crian\u00e7as&#8221;.&nbsp;<\/p>\n\n\n\n<p>O conjunto de a\u00e7\u00f5es, incluindo edital e exposi\u00e7\u00e3o, est\u00e1 sendo realizado pela Muriqui Cultural, em coprodu\u00e7\u00e3o com a Zucca Produ\u00e7\u00f5es, apoio do Oi Futuro e patroc\u00ednio da Oi, Governo do Estado do Rio de Janeiro, Secretaria de Estado de Cultura e Economia Criativa, atrav\u00e9s da Lei Estadual de Incentivo \u00e0 Cultura.<\/p>\n\n\n\n<p><strong>Nova exposi\u00e7\u00e3o apresenta cronologia de Darcy<\/strong><\/p>\n\n\n\n<p>A exposi\u00e7\u00e3o &#8220;100 anos Darcy Ribeiro&#8221; ficar\u00e1 em cartaz de 23 de janeiro a 3 de mar\u00e7o, na Secretaria de Estado de Cultura e Economia Criativa (Sececrj), que fica no segundo andar da Biblioteca Parque Estadual, em uma instala\u00e7\u00e3o in\u00e9dita que foi criada por Matheus Amorim e incorporada \u00e0s festividades em torno do polivalente Darcy. Em formato circular e com 24 quadros, a estrutura de ferro receber\u00e1 uma linha do tempo cronol\u00f3gica com texto biogr\u00e1fico e fotografias de momentos de destaque na trajet\u00f3ria do homenageado.<\/p>\n\n\n\n<p>Uma TV transmitir\u00e1 extratos do Quarup, uma homenagem ind\u00edgena p\u00f3stuma recebida por Darcy, com curadoria de Milton Guran, o criador e respons\u00e1vel pelo FotoRio, maior evento de fotografia da cidade desde 2003. A entrada \u00e9 gratuita.<\/p>\n\n\n\n<p><em>&#8220;Procurei estudar como fazer uma arquitetura que destacasse e unisse o car\u00e1ter did\u00e1tico de Darcy dentro de um projeto arquitet\u00f4nico. Foi assim que surgiu a ideia da galeria em homenagem. Em conjunto com a H\u00e9lice, a empresa parceira que construiu a obra, imaginamos um projeto que deixasse claro ao p\u00fablico, de forma quase pedag\u00f3gica, como ela foi feita. Ao circular a estrutura, o p\u00fablico observar\u00e1 desde como ela se prende \u00e0 viga at\u00e9 como ela \u00e9 tensionada pelo peso de concreto, n\u00e3o escondendo a forma em que foi feita. A parte expositiva em si \u00e9 um grande suporte de chapa perfurada onde os quadros s\u00e3o facilmente aparafusados e podem ganhar a conforma\u00e7\u00e3o que o expositor achar melhor&#8221;,<\/em>\u00a0explica Matheus Amorim, arquiteto\u00a0e colaborador do AIA Est\u00fadio.<\/p>\n\n\n\n<figure class=\"wp-block-image size-large\"><img width=\"1024\" height=\"683\" src=\"https:\/\/vimagazine.com.br\/wp-content\/uploads\/2023\/01\/MostraDarcyRibeiro_FotoLeonardoFerraz1-1024x683.jpg\" alt=\"\" class=\"wp-image-8290\" srcset=\"https:\/\/vimagazine.com.br\/wp-content\/uploads\/2023\/01\/MostraDarcyRibeiro_FotoLeonardoFerraz1-1024x683.jpg 1024w, https:\/\/vimagazine.com.br\/wp-content\/uploads\/2023\/01\/MostraDarcyRibeiro_FotoLeonardoFerraz1-300x200.jpg 300w, https:\/\/vimagazine.com.br\/wp-content\/uploads\/2023\/01\/MostraDarcyRibeiro_FotoLeonardoFerraz1-768x512.jpg 768w, https:\/\/vimagazine.com.br\/wp-content\/uploads\/2023\/01\/MostraDarcyRibeiro_FotoLeonardoFerraz1-1536x1024.jpg 1536w, https:\/\/vimagazine.com.br\/wp-content\/uploads\/2023\/01\/MostraDarcyRibeiro_FotoLeonardoFerraz1.jpg 1920w\" sizes=\"(max-width: 1024px) 100vw, 1024px\" \/><\/figure>\n\n\n\n<p><strong>Servi\u00e7o da visita\u00e7\u00e3o \u00e0 mostra<\/strong><\/p>\n\n\n\n<p><strong>LOCAL:<\/strong>&nbsp;Biblioteca Parque Estadual &#8211; Rua Presidente Vargas, 1261, Centro<\/p>\n\n\n\n<p><strong>VISITA\u00c7\u00c3O<\/strong>: De 23 de janeiro a 3 de mar\u00e7o<\/p>\n\n\n\n<p><strong>OBS:<\/strong><em>\u00a0<\/em>Para participar da visita guiada, basta solicitar no balc\u00e3o de atendimento da BPE ou agendar com anteced\u00eancia atrav\u00e9s do e-mail (<a href=\"mailto:agendavisitabpe@cultura.rj.gov.br\" target=\"_blank\" rel=\"noreferrer noopener\">agendavisitabpe@cultura.rj.gov.br<\/a>) ou pelo telefone (21) 2216-8501. Os hor\u00e1rios dispon\u00edveis s\u00e3o: de segunda a sexta, \u00e0s 11h, \u00e0s 14h e \u00e0s 16h.<\/p>\n\n\n\n<p><strong>SG Assessoria de Imprensa<\/strong><\/p>\n\n\n\n<p>Sheila Gomes <\/p>\n\n\n\n<p>Luciano Oliveira <\/p>\n","protected":false},"excerpt":{"rendered":"<p>Edital &#8220;100 anos de Darcy Ribeiro&#8221; divulga resultado e abre exposi\u00e7\u00e3o na Biblioteca Parque Estadual&#8230;<\/p>\n","protected":false},"author":3,"featured_media":8288,"comment_status":"closed","ping_status":"open","sticky":false,"template":"","format":"standard","meta":{"om_disable_all_campaigns":false,"_monsterinsights_skip_tracking":false,"_monsterinsights_sitenote_active":false,"_monsterinsights_sitenote_note":"","_monsterinsights_sitenote_category":0,"spay_email":""},"categories":[1],"tags":[],"jetpack_featured_media_url":"https:\/\/vimagazine.com.br\/wp-content\/uploads\/2023\/01\/MostraDarcyRibeiro_FotoLeonardoFerraz3-e1674593988181.jpg","_links":{"self":[{"href":"https:\/\/vimagazine.com.br\/index.php?rest_route=\/wp\/v2\/posts\/8287"}],"collection":[{"href":"https:\/\/vimagazine.com.br\/index.php?rest_route=\/wp\/v2\/posts"}],"about":[{"href":"https:\/\/vimagazine.com.br\/index.php?rest_route=\/wp\/v2\/types\/post"}],"author":[{"embeddable":true,"href":"https:\/\/vimagazine.com.br\/index.php?rest_route=\/wp\/v2\/users\/3"}],"replies":[{"embeddable":true,"href":"https:\/\/vimagazine.com.br\/index.php?rest_route=%2Fwp%2Fv2%2Fcomments&post=8287"}],"version-history":[{"count":1,"href":"https:\/\/vimagazine.com.br\/index.php?rest_route=\/wp\/v2\/posts\/8287\/revisions"}],"predecessor-version":[{"id":8293,"href":"https:\/\/vimagazine.com.br\/index.php?rest_route=\/wp\/v2\/posts\/8287\/revisions\/8293"}],"wp:featuredmedia":[{"embeddable":true,"href":"https:\/\/vimagazine.com.br\/index.php?rest_route=\/wp\/v2\/media\/8288"}],"wp:attachment":[{"href":"https:\/\/vimagazine.com.br\/index.php?rest_route=%2Fwp%2Fv2%2Fmedia&parent=8287"}],"wp:term":[{"taxonomy":"category","embeddable":true,"href":"https:\/\/vimagazine.com.br\/index.php?rest_route=%2Fwp%2Fv2%2Fcategories&post=8287"},{"taxonomy":"post_tag","embeddable":true,"href":"https:\/\/vimagazine.com.br\/index.php?rest_route=%2Fwp%2Fv2%2Ftags&post=8287"}],"curies":[{"name":"wp","href":"https:\/\/api.w.org\/{rel}","templated":true}]}}