{"id":8325,"date":"2023-01-27T14:15:11","date_gmt":"2023-01-27T17:15:11","guid":{"rendered":"https:\/\/vimagazine.com.br\/?p=8325"},"modified":"2023-01-27T14:15:19","modified_gmt":"2023-01-27T17:15:19","slug":"mafe-mossini-integra-o-elenco-do-musical-joao-e-maria","status":"publish","type":"post","link":"https:\/\/vimagazine.com.br\/?p=8325","title":{"rendered":"Maf\u00ea Mossini integra o elenco do musical \u201cJo\u00e3o e Maria\u201d"},"content":{"rendered":"\n<p><em>A atriz Maf\u00ea Mossini est\u00e1 de volta ao palco, desta vez integrando o elenco do musical \u201cJo\u00e3o e Maria\u201d, em cartaz em curt\u00edssima temporada no Teatro Santander, em S\u00e3o Paulo. Inspirado no cl\u00e1ssico dos Irm\u00e3os Grimm, o musical tem dire\u00e7\u00e3o de Fernanda Chamma e Daniela Stirbulov, que tamb\u00e9m assina a adapta\u00e7\u00e3o, dire\u00e7\u00e3o musical de Willian Sancar, m\u00fasica, arranjos e trilha sonora de Fred Silveira e coreografias de Mariana Barros. J\u00e1 o elenco re\u00fane 25 talentos do teatro musical brasileiro, como Ivan Parente e Adriano Fanti.<\/em><\/p>\n\n\n\n<p>Com uma atmosfera bem misteriosa e engra\u00e7ada, Jo\u00e3o e Maria, o Musical cria uma vers\u00e3o in\u00e9dita para o conto cl\u00e1ssico dos Irm\u00e3os Grimm, escrito em 1812. A montagem conta a hist\u00f3ria dos irm\u00e3os Jo\u00e3o e Maria, que moram com seu pai Cl\u00f3vis, que vende vassouras, e com a madrasta C\u00e9lia, que \u00e9 vaidosa, dissimulada e obcecada pela Disney. Ela faz de tudo para se livrar dos enteados que finge adorar. E, numa noite escura, abandona as crian\u00e7as na floresta. Como num pesadelo, os irm\u00e3os chegam a uma sonhada casa de doces, onde tudo tem vida: pirulitos falam, bolos cantam e biscoitos gargalham. L\u00e1, Jo\u00e3o e Maria se deparam com a Bruxa Gric\u00e9lia, muito parecida com C\u00e9lia. Ser\u00e1 um sonho? Ser\u00e1 realidade? E, depois de devorarem bancos, mesas e paredes feitas de marshmallow e chocolate, descobrem que a dona daquele lugar n\u00e3o quer o bem deles e a enfrentam. F\u00e1bula e realidade se misturam, e os contos de fadas se confundem com a atualidade.<\/p>\n\n\n\n<p>O misterioso Jo\u00e3o e Maria, o Musical \u00e9 inspirado na \u00f3pera \u201cHansel and Gretel\u201d (1893), de Engelbert Humperdinck, e no filme de Tim Burton de 1983. Com cenas divertidas e emocionantes, o espet\u00e1culo lan\u00e7a um olhar diferente para esse conto, resgatando o clima original e obscuro dos contos de fadas, mas com uma pitada do mundo contempor\u00e2neo. A narrativa, universalmente conhecida, traz s\u00edmbolos do medo e da coragem, dos sonhos e dos pesadelos, mantendo atual o conto alem\u00e3o do s\u00e9culo 19. Com m\u00fasicas in\u00e9ditas, o p\u00fablico canta e dan\u00e7a vivenciando um momento revigorante de alegria e emo\u00e7\u00e3o. O musical mostra, atrav\u00e9s do suspense e da comicidade, que a vida nem sempre \u00e9 doce, mas transform\u00e1-la em amarga n\u00e3o \u00e9 a solu\u00e7\u00e3o. O importante \u00e9 sabermos lidar com a situa\u00e7\u00e3o e enfrentar o que est\u00e1 por vir.<\/p>\n\n\n\n<p>Maf\u00ea Mossini iniciou 2023 como Gabriela, seu primeiro trabalho no audiovisual, na miniss\u00e9rie \u201cOLHAR INDISCRETO\u201d na Netflix. No teatro musical, estreou em 2017, em \u201cA MEGERA DOMADA, O MUSICAL\u201d, sob dire\u00e7\u00e3o de Cininha de Paula e Fernanda Chamma. Em 2018 foi a \u00f3rf\u00e3 Tessie em \u201cANNIE O MUSICAL\u201d, com dire\u00e7\u00e3o de Miguel Falabella. Em 2019 fez o musical \u201cESCOLA DO ROCK\u201d como Katie, a baixista da banda, sob dire\u00e7\u00e3o Mariano Detry. Em 2020, foi a Menina Maluquinha no musical \u201cACHADOS E PERDIDOS\u201d, com dire\u00e7\u00e3o de Cininha de Paula. Em 2021 fez \u201cAO SOM DE UM VIOLINO\u201d, como a vil\u00e3 Kiara, com dire\u00e7\u00e3o de Caroline Verban. Faz teatro, TV e cinema na CNArtes\/SP &#8211; Cynthia Falabella\/Cininha de Paula; teatro musical e dan\u00e7a no Est\u00fadio Broadway &#8211; supervis\u00e3o Fernanda Chamma; al\u00e9m de sapateado e canto. Toca baixo, guitarra e ukulel\u00ea.<\/p>\n\n\n\n<p><strong>Ficha T\u00e9cnica<\/strong><\/p>\n\n\n\n<p>Dire\u00e7\u00e3o Geral: Fernanda Chamma<\/p>\n\n\n\n<p>Dire\u00e7\u00e3o e adapta\u00e7\u00e3o: Daniela Stirbulov<\/p>\n\n\n\n<p>Supervis\u00e3o de texto: Emilio Boechat<\/p>\n\n\n\n<p>Letras, m\u00fasica e trilha original: Fred Silveira<\/p>\n\n\n\n<p>Letras, prepara\u00e7\u00e3o vocal e dire\u00e7\u00e3o musical: Willian Sancar<\/p>\n\n\n\n<p>Coreografias: Mariana Barros<\/p>\n\n\n\n<p>Coreografia: Mariana Barros<\/p>\n\n\n\n<p>Cenografia: Carmem Guerra<\/p>\n\n\n\n<p>Assist\u00eancia de dire\u00e7\u00e3o e coreografia: Victoria Ariante<\/p>\n\n\n\n<p>Stage management: Eduardo Munhoz<\/p>\n\n\n\n<p>Assessoria de imprensa: Pombo Correio<\/p>\n\n\n\n<p>Estagi\u00e1ria de dire\u00e7\u00e3o e produ\u00e7\u00e3o: Manuela Casado<\/p>\n\n\n\n<p>Produ\u00e7\u00e3o: Dom\u00ednio P\u00fablico<\/p>\n\n\n\n<p><strong>Elenco:<\/strong><\/p>\n\n\n\n<p>Atores Convidados:<\/p>\n\n\n\n<p>ADRIANO FANTI &#8211; Papai Cl\u00f3vis<\/p>\n\n\n\n<p>IVAN PARENTE &#8211; Mam\u00e3e C\u00e9lia \/ Bruxa Gric\u00e9lia<\/p>\n\n\n\n<p>ERIN BORGES &#8211; Maria<\/p>\n\n\n\n<p>LORENZO GALLI \u2013 Jo\u00e3o<\/p>\n\n\n\n<p>GIGI MINATO \u2013 Maria<\/p>\n\n\n\n<p>MEL MORENO \u2013 Maria<\/p>\n\n\n\n<p>RODRIGO SPINOSA \u2013 Jo\u00e3o<\/p>\n\n\n\n<p>DAVI MARTINS \u2013 Jo\u00e3o<\/p>\n\n\n\n<p>ANDREAS TROTTA, ANNA BEATRIZ SIM\u00d5ES, BEATRIZ BOLANHO, CHRISTIAN JULIOS, FERNANDO GARCIA, GUSTAVO FERREIRA, GUSTAVO SPINOSA, HENRIQUE CAMARGO, ISABELA DANELUZ, JULIA BERLIM, LETICIA ANRY, LUCY DALLE, MAF\u00ca BENEDUZZI, MAF\u00ca MOSSINI, MALU LOZANO, MARIANA ALMEIDA, MIGUEL RYAN, MILENA BLANK, NICOLE BLANK, PAULA SERRA, PEDRO MEIRELLES, SOPHIA CORREIA, SOPHIA MARIE, TETEU CABRERA e VITTORIA TOSI.<\/p>\n\n\n\n<p><strong>Servi\u00e7o<\/strong><\/p>\n\n\n\n<p><em>Jo\u00e3o e Maria, o Musical<\/em><\/p>\n\n\n\n<p>Curta temporada: at\u00e9 29 de janeiro de 2023<\/p>\n\n\n\n<p>Sextas-feiras, \u00e0s 19h; e aos s\u00e1bados e aos domingos, \u00e0s 15h e \u00e0s 18h<\/p>\n\n\n\n<p>Teatro Santander \u2013 Complexo JK Iguatemi &#8211; Avenida Pres. Juscelino Kubitschek, 2041, Itaim Bibi<\/p>\n\n\n\n<p>Ingressos: Plateia vip &#8211; R$ 180,00 | Plateia superior &#8211; R$ 150,00 | Frisa plateia superior &#8211; R$ 120,00 | Balc\u00e3o &#8211; R$ 120,00 | Frisa balc\u00e3o &#8211; R$ 100, 00<\/p>\n\n\n\n<p>Internet (com taxa de conveni\u00eancia):&nbsp;<a href=\"https:\/\/www.sympla.com.br\/\" target=\"_blank\" rel=\"noreferrer noopener\">https:\/\/www.sympla.com.br\/<\/a><\/p>\n\n\n\n<p>Bilheteria f\u00edsica (sem taxa de conveni\u00eancia):Todos os dias, das 12h \u00e0s 18h. Em dias de espet\u00e1culos, a bilheteria permanece aberta at\u00e9 o in\u00edcio da apresenta\u00e7\u00e3o.<\/p>\n\n\n\n<p>Autoatendimento: A bilheteria do Teatro Santander possui um totem de autoatendimento para compras de ingressos sem taxa de conveni\u00eancia 24h por dia.<\/p>\n\n\n\n<p>Classifica\u00e7\u00e3o et\u00e1ria: Livre, menores de 12 anos acompanhados dos pais ou respons\u00e1veis legais.<\/p>\n\n\n\n<p>Dura\u00e7\u00e3o: 60 minutos<\/p>\n\n\n\n<p>May Calixto | Unic\u00f3rnio Assessoria e M\u00eddia<\/p>\n","protected":false},"excerpt":{"rendered":"<p>A atriz Maf\u00ea Mossini est\u00e1 de volta ao palco, desta vez integrando o elenco do&#8230;<\/p>\n","protected":false},"author":3,"featured_media":8326,"comment_status":"closed","ping_status":"open","sticky":false,"template":"","format":"standard","meta":{"om_disable_all_campaigns":false,"_monsterinsights_skip_tracking":false,"_monsterinsights_sitenote_active":false,"_monsterinsights_sitenote_note":"","_monsterinsights_sitenote_category":0,"spay_email":""},"categories":[1],"tags":[],"jetpack_featured_media_url":"https:\/\/vimagazine.com.br\/wp-content\/uploads\/2023\/01\/mafe-mossini.jpeg","_links":{"self":[{"href":"https:\/\/vimagazine.com.br\/index.php?rest_route=\/wp\/v2\/posts\/8325"}],"collection":[{"href":"https:\/\/vimagazine.com.br\/index.php?rest_route=\/wp\/v2\/posts"}],"about":[{"href":"https:\/\/vimagazine.com.br\/index.php?rest_route=\/wp\/v2\/types\/post"}],"author":[{"embeddable":true,"href":"https:\/\/vimagazine.com.br\/index.php?rest_route=\/wp\/v2\/users\/3"}],"replies":[{"embeddable":true,"href":"https:\/\/vimagazine.com.br\/index.php?rest_route=%2Fwp%2Fv2%2Fcomments&post=8325"}],"version-history":[{"count":1,"href":"https:\/\/vimagazine.com.br\/index.php?rest_route=\/wp\/v2\/posts\/8325\/revisions"}],"predecessor-version":[{"id":8327,"href":"https:\/\/vimagazine.com.br\/index.php?rest_route=\/wp\/v2\/posts\/8325\/revisions\/8327"}],"wp:featuredmedia":[{"embeddable":true,"href":"https:\/\/vimagazine.com.br\/index.php?rest_route=\/wp\/v2\/media\/8326"}],"wp:attachment":[{"href":"https:\/\/vimagazine.com.br\/index.php?rest_route=%2Fwp%2Fv2%2Fmedia&parent=8325"}],"wp:term":[{"taxonomy":"category","embeddable":true,"href":"https:\/\/vimagazine.com.br\/index.php?rest_route=%2Fwp%2Fv2%2Fcategories&post=8325"},{"taxonomy":"post_tag","embeddable":true,"href":"https:\/\/vimagazine.com.br\/index.php?rest_route=%2Fwp%2Fv2%2Ftags&post=8325"}],"curies":[{"name":"wp","href":"https:\/\/api.w.org\/{rel}","templated":true}]}}