{"id":8343,"date":"2023-01-30T02:54:49","date_gmt":"2023-01-30T05:54:49","guid":{"rendered":"https:\/\/vimagazine.com.br\/?p=8343"},"modified":"2023-01-30T02:54:53","modified_gmt":"2023-01-30T05:54:53","slug":"eduardo-martini-fala-da-sua-carreira-e-do-seu-espetaculo-simplesmente-clo","status":"publish","type":"post","link":"https:\/\/vimagazine.com.br\/?p=8343","title":{"rendered":"Eduardo Martini fala da sua carreira e do seu espet\u00e1culo Simplesmente Cl\u00f4"},"content":{"rendered":"\n<p><\/p>\n\n\n\n<p><strong>\u00a0\u00a0\u00a0 Carlos Eduardo Porta Martini<\/strong>, mais conhecido como <strong>Eduardo Martini<\/strong> \u00e9 ator, dan\u00e7arino, e diretor brasileiro. Ele atua nos palcos desde os 16 anos e com uma carreira de mais de 40 anos. Formou-se no Tablado ao lado de nomes como Fernanda Torres e Eliz\u00e2ngela.\u00a0 Em\u00a02022 ele venceu o seu primeiro\u00a0Pr\u00eamio Bibi Ferreira na categoria de Melhor Ator de Pe\u00e7a Teatral, por seu papel como\u00a0Clodovil Hernandes em o mon\u00f3logo \u2018Simplesmente Cl\u00f4\u2019.<\/p>\n\n\n\n<figure class=\"wp-block-image size-large\"><img width=\"1024\" height=\"683\" src=\"https:\/\/vimagazine.com.br\/wp-content\/uploads\/2023\/01\/simplesmente_clo_-_credito_claudia_martini_3-1024x683.webp\" alt=\"\" class=\"wp-image-8344\" srcset=\"https:\/\/vimagazine.com.br\/wp-content\/uploads\/2023\/01\/simplesmente_clo_-_credito_claudia_martini_3-1024x683.webp 1024w, https:\/\/vimagazine.com.br\/wp-content\/uploads\/2023\/01\/simplesmente_clo_-_credito_claudia_martini_3-300x200.webp 300w, https:\/\/vimagazine.com.br\/wp-content\/uploads\/2023\/01\/simplesmente_clo_-_credito_claudia_martini_3-768x512.webp 768w, https:\/\/vimagazine.com.br\/wp-content\/uploads\/2023\/01\/simplesmente_clo_-_credito_claudia_martini_3-1536x1024.webp 1536w, https:\/\/vimagazine.com.br\/wp-content\/uploads\/2023\/01\/simplesmente_clo_-_credito_claudia_martini_3.webp 1920w\" sizes=\"(max-width: 1024px) 100vw, 1024px\" \/><figcaption>Imagem: Claudia Martini <\/figcaption><\/figure>\n\n\n\n<p>&nbsp;&nbsp; A prop\u00f3sito do sucesso do espet\u00e1culo \u2018Simplesmente Cl\u00f4\u2019 e com o intuito de saber mais sobre a carreira e as a\u00e7\u00f5es sociais, que eu entrevistei com exclusividade, o ator <strong>Eduardo Martini<\/strong>.<\/p>\n\n\n\n<p><strong><em>Como e quando surgiu o seu amor pelo teatro?<\/em><\/strong><\/p>\n\n\n\n<p>&nbsp;<strong>R:<\/strong> N\u00e3o sei explicar. Desde cedo, j\u00e1 no col\u00e9gio estadual Oswaldo Aranha eu tinha a mat\u00e9ria de teatro. Acho que foi uma coisa chamada EDUCA\u00c7\u00c3O!<\/p>\n\n\n\n<p><strong><em>Em todos os seus trabalhos \u00e9 percebido um grau de entrega sem igual. O que voc\u00ea faz para fazer esta imers\u00e3o no personagem?<\/em><\/strong><\/p>\n\n\n\n<p>&nbsp;<strong>R:<\/strong>&nbsp; Antes de qualquer coisa o meu respeito ao palco, \u00e0 plateia e a mim mesmo! O comprometimento com o trabalho \u00e9 uma coisa que aprendemos em casa desde cedo, no meu caso, obtive este ensinamento atrav\u00e9s dos meus pais. Depois a observa\u00e7\u00e3o do SER HUMANO&#8230;. Isso me ajuda muito a compor aquele \u201cser\u201d e a dar verdade \u00e0 hist\u00f3ria que vai ser contada!<\/p>\n\n\n\n<p><strong><em>Como e quando surgiu a ideia de interpretar o saudoso estilista Clodovil Hernandes?&nbsp; Qual foi e tem sido a experi\u00eancia em faz\u00ea-lo?<\/em><\/strong><\/p>\n\n\n\n<p><strong>R:<\/strong>&nbsp; H\u00e1 10 anos j\u00e1 queria fazer. Mas o meu amado, <strong>LUIZ CARLOS GOES<\/strong>, que iria escrever, foi para andar de cima e a\u00ed&#8230;&#8230;. mas tudo chega no momento certo!! &nbsp;Hoje estou mais maduro para poder entender a personalidade de Clodovil Hernandes, que \u00e9 pol\u00eamica e controversa e mesmo t\u00e3o rica!! a cada dia eu me surpreendo com a plateia, com coment\u00e1rios e rea\u00e7\u00f5es&#8230; \u00c9 maravilhosamente rico poder realizar esse sonho que se tornou uma feliz realidade!<\/p>\n\n\n\n<p><strong><em>&nbsp;Voc\u00ea ganhou o trof\u00e9u Bibi Ferreira de Melhor Ator. Como foi esse dia para a sua vida?<\/em><\/strong><\/p>\n\n\n\n<p><strong>R:<\/strong>&nbsp; \u00danico! Emocionante! um sentimento de gratid\u00e3o sem saber como explicar me invadiu&#8230; ver seu trabalho, seu esfor\u00e7o, todo seu comprometimento ser reconhecido por pessoas de relev\u00e2ncia no mercado \u00e9 incr\u00edvel.<\/p>\n\n\n\n<p><strong><em>Voc\u00ea participa de projetos sociais e a renda de alguns dos seus espet\u00e1culos \u00e9 revertida em prol dessas a\u00e7\u00f5es? Qual a relev\u00e2ncia disso para voc\u00ea?<\/em><\/strong><\/p>\n\n\n\n<p><strong>R:<\/strong>&nbsp; O teatro tamb\u00e9m tem essa fun\u00e7\u00e3o. O mundo e principalmente o Brasil est\u00e1 louco. As pessoas se descabelam por m\u00eddia, por likes e fazem qualquer coisa pra isso ter um resultado. Falam sobre arte, mas cancelam que n\u00e3o anda no mesmo trilho, ainda fazem panelinhas e falam de democracia, enfim&#8230;. eu fa\u00e7o aquilo que meu cora\u00e7\u00e3o se sente bem em fazer: ajudo! quem precisa de ajuda precisa AGORA e n\u00e3o quando a gente pode ajudar&#8230; acho que \u00e9 isso&#8230; amor ao pr\u00f3ximo&#8230;<\/p>\n\n\n\n<p><strong><em>Como voc\u00ea conheceu Sylva Pacheco e como \u00e9 ser parceiro dela na manuten\u00e7\u00e3o da&nbsp;Unidade Pedi\u00e1trica de Hemodi\u00e1lise da UNIFESP?<\/em><\/strong><\/p>\n\n\n\n<p><strong>R:<\/strong>&nbsp; Ela me procurou e me contou tudo sobre a UNIFESP. fui ao encontro dela e puder perceber que fal\u00e1vamos a mesma l\u00edngua&#8230; a l\u00edngua do AMOR&#8230; O resultado \u00e9 incrivelmente satisfat\u00f3rio&#8230;. divers\u00e3o, arte, amor ao pr\u00f3ximo, ajuda real, e resultado de um trabalho mega relevante<\/p>\n\n\n\n<p><strong><em>Qual a sua an\u00e1lise acerca da relev\u00e2ncia dos projetos sociais como forma de transformar vidas?<\/em><\/strong><\/p>\n\n\n\n<p><strong>&nbsp; R:<\/strong>&nbsp; \u00c9 o \u00fanico caminho. Abrir portas, mostrar a quem n\u00e3o tem acesso que TUDO \u00e9 poss\u00edvel. Capacitar, ensinar, mostrar e aprender ao mesmo tempo. \u00c9 muito bonito postar coisas, frases de efeito, mas FAZER \u00e9 sensacional&#8230;.<\/p>\n\n\n\n<p><strong><em>&nbsp;Qual ou quais as pe\u00e7as que voc\u00ea est\u00e1 em cartaz e qual o site no qual as pessoas podem adquirir os ingressos?<\/em><\/strong><\/p>\n\n\n\n<p><strong>R:<\/strong>&nbsp;&nbsp; <a href=\"https:\/\/www.sympla.com.br\/\">https:\/\/www.sympla.com.br\/<\/a> ou <a href=\"https:\/\/www.sampaingressos.com.br\/\">https:\/\/www.sampaingressos.com.br\/<\/a> . Tamb\u00e9m na bilheteria do teatro 1h30 antes do hor\u00e1rio da pe\u00e7a come\u00e7ar!<\/p>\n\n\n\n<p><strong><em>&nbsp;Quais as suas p\u00e1ginas para que as pessoas conhe\u00e7am mais sobre o seu trabalho?<\/em><\/strong><\/p>\n\n\n\n<p><strong>R:<\/strong>&nbsp; Instagram: <a href=\"https:\/\/www.instagram.com\/eduardomartini\/\">@eduardomartini<\/a> &nbsp;Facebook e <a href=\"https:\/\/www.instagram.com\/teatrouniaoculturaloficial\/\">@teatrouniaoculturaloficial<\/a> .<\/p>\n","protected":false},"excerpt":{"rendered":"<p>\u00a0\u00a0\u00a0 Carlos Eduardo Porta Martini, mais conhecido como Eduardo Martini \u00e9 ator, dan\u00e7arino, e diretor&#8230;<\/p>\n","protected":false},"author":2,"featured_media":8345,"comment_status":"closed","ping_status":"open","sticky":false,"template":"","format":"standard","meta":{"om_disable_all_campaigns":false,"_monsterinsights_skip_tracking":false,"_monsterinsights_sitenote_active":false,"_monsterinsights_sitenote_note":"","_monsterinsights_sitenote_category":0,"spay_email":""},"categories":[31],"tags":[555,557,350,556],"jetpack_featured_media_url":"https:\/\/vimagazine.com.br\/wp-content\/uploads\/2023\/01\/266806_10150258946190139_3143349_o-e1593802649231.jpg","_links":{"self":[{"href":"https:\/\/vimagazine.com.br\/index.php?rest_route=\/wp\/v2\/posts\/8343"}],"collection":[{"href":"https:\/\/vimagazine.com.br\/index.php?rest_route=\/wp\/v2\/posts"}],"about":[{"href":"https:\/\/vimagazine.com.br\/index.php?rest_route=\/wp\/v2\/types\/post"}],"author":[{"embeddable":true,"href":"https:\/\/vimagazine.com.br\/index.php?rest_route=\/wp\/v2\/users\/2"}],"replies":[{"embeddable":true,"href":"https:\/\/vimagazine.com.br\/index.php?rest_route=%2Fwp%2Fv2%2Fcomments&post=8343"}],"version-history":[{"count":1,"href":"https:\/\/vimagazine.com.br\/index.php?rest_route=\/wp\/v2\/posts\/8343\/revisions"}],"predecessor-version":[{"id":8346,"href":"https:\/\/vimagazine.com.br\/index.php?rest_route=\/wp\/v2\/posts\/8343\/revisions\/8346"}],"wp:featuredmedia":[{"embeddable":true,"href":"https:\/\/vimagazine.com.br\/index.php?rest_route=\/wp\/v2\/media\/8345"}],"wp:attachment":[{"href":"https:\/\/vimagazine.com.br\/index.php?rest_route=%2Fwp%2Fv2%2Fmedia&parent=8343"}],"wp:term":[{"taxonomy":"category","embeddable":true,"href":"https:\/\/vimagazine.com.br\/index.php?rest_route=%2Fwp%2Fv2%2Fcategories&post=8343"},{"taxonomy":"post_tag","embeddable":true,"href":"https:\/\/vimagazine.com.br\/index.php?rest_route=%2Fwp%2Fv2%2Ftags&post=8343"}],"curies":[{"name":"wp","href":"https:\/\/api.w.org\/{rel}","templated":true}]}}