{"id":8358,"date":"2023-01-31T17:24:41","date_gmt":"2023-01-31T20:24:41","guid":{"rendered":"https:\/\/vimagazine.com.br\/?p=8358"},"modified":"2023-01-31T17:25:16","modified_gmt":"2023-01-31T20:25:16","slug":"voltas-as-aulas-exige-atencao-dos-pais-em-relacao-a-visao","status":"publish","type":"post","link":"https:\/\/vimagazine.com.br\/?p=8358","title":{"rendered":"Voltas \u00e0s aulas exige aten\u00e7\u00e3o dos pais em rela\u00e7\u00e3o \u00e0 vis\u00e3o"},"content":{"rendered":"\n<p>A poucos dias as aulas iniciam em Santa Catarina. Este momento \u00e9 uma oportunidade para colocar o check-up oftalmol\u00f3gico da garotada em dia, uma vez que problemas oculares podem afetar o aprendizado. Dentre os erros de refra\u00e7\u00e3o que mais atingem a inf\u00e2ncia est\u00e3o o astigmatismo, a hipermetropia e a miopia. De acordo com o Conselho Brasileiro de Oftalmologia (CBO), 30% das crian\u00e7as em idade escolar no Brasil apresentam problemas de vis\u00e3o, enquanto 10% dos brasileiros, de sete a dez anos, precisam usar \u00f3culos.<\/p>\n\n\n\n<p>\u201cO desinteresse pelas aulas e a dificuldade de aprendizado podem estar associados \u00e0 dificuldade de enxergar, j\u00e1 que pode levar a crian\u00e7a a perder o interesse em estudar e socializar, comprometendo o seu desenvolvimento. Para evitar isso, \u00e9 importante levar os filhos para um exame oftalmol\u00f3gico no in\u00edcio da alfabetiza\u00e7\u00e3o e, depois, fazer um acompanhamento anualmente\u201d, explica o oftalmologista Renato Machado Toscano do Dr. Vis Centro Oftalmol\u00f3gico, empresa do Grupo Opty.<\/p>\n\n\n\n<figure class=\"wp-block-image alignleft size-full\"><img width=\"268\" height=\"400\" src=\"https:\/\/vimagazine.com.br\/wp-content\/uploads\/2023\/01\/dr-renato-toscano.webp\" alt=\"\" class=\"wp-image-8366\" srcset=\"https:\/\/vimagazine.com.br\/wp-content\/uploads\/2023\/01\/dr-renato-toscano.webp 268w, https:\/\/vimagazine.com.br\/wp-content\/uploads\/2023\/01\/dr-renato-toscano-201x300.webp 201w\" sizes=\"(max-width: 268px) 100vw, 268px\" \/><figcaption> Renato Machado Toscano do Dr. Vis Centro Oftalmol\u00f3gico<\/figcaption><\/figure>\n\n\n\n<p>O m\u00e9dico ressalta, no entanto, que desde a maternidade, os olhos merecem cuidados especiais, a exemplo do Teste do Olhinho. \u201cTrata-se do primeiro exame oftalmol\u00f3gico na inf\u00e2ncia. Simples, r\u00e1pido e indolor, pode detectar problemas mais graves, que precisam de um exame mais espec\u00edfico para verificar precocemente eventuais doen\u00e7as oculares, como catarata, glaucoma, opacidades da c\u00f3rnea, e tumores, a exemplo do retinoblastoma, bastante noticiado na imprensa nos \u00faltimos dias\u201d, esclarece.<\/p>\n\n\n\n<p>A partir de seis meses de idade, a primeira consulta oftalmol\u00f3gica j\u00e1 pode ser feita. Nessa primeira avalia\u00e7\u00e3o, ainda de acordo com o m\u00e9dico, \u00e9 poss\u00edvel observar a presen\u00e7a de estrabismo, malforma\u00e7\u00f5es cong\u00eanitas ou presen\u00e7a de ametropias (grau) que necessitem de corre\u00e7\u00e3o com \u00f3culos. A acuidade visual pode ser medida, se necess\u00e1rio, por exame complementar, chamado de Teller. \u201cJ\u00e1 a partir dos tr\u00eas anos, quando a crian\u00e7a consegue informar e identificar desenhos, \u00e9 poss\u00edvel obter a acuidade visual. Dessa forma, o exame oftalmol\u00f3gico \u00e9 muito mais preciso. Por isso, uma nova consulta nesta idade \u00e9 de extrema import\u00e2ncia. Por fim, temos o in\u00edcio da alfabetiza\u00e7\u00e3o para buscar o oftalmologista novamente e, ap\u00f3s esse momento, fazer um acompanhamento anual\u201d, detalha.<\/p>\n\n\n\n<p><strong>Sinais e Sintomas<\/strong><\/p>\n\n\n\n<p>O m\u00e9dico faz um alerta sobre a import\u00e2ncia dos pais e professores estarem atentos aos sintomas, j\u00e1 que quanto mais cedo for detectado o problema, maiores s\u00e3o as chances de tratamento. Ele cita alguns dos comportamentos que devem ser observados, sendo eles:<\/p>\n\n\n\n<p>1. Queda do n\u00edvel de rendimento escolar. Lembre-se que a vis\u00e3o \u00e9 respons\u00e1vel por 70% do nosso contato com o mundo exterior, portanto, se a crian\u00e7a apresenta alguma dificuldade para enxergar, \u00e9 natural que seu aprendizado seja comprometido, j\u00e1 que ela n\u00e3o reconhece formas e letras.<\/p>\n\n\n\n<p>2. Apertar os olhos ou entortar a cabe\u00e7a na hora de ler ou assistir televis\u00e3o. O ato significa que a crian\u00e7a est\u00e1 for\u00e7ando os olhos a enxergar com maior nitidez, j\u00e1 que, ao apert\u00e1-los, criamos uma fenda menor nas p\u00e1lpebras (pinhole), eliminando os raios perif\u00e9ricos e concentrando somente os raios centrais da vis\u00e3o.<\/p>\n\n\n\n<p>3. Sentir dores de cabe\u00e7a frequentes na regi\u00e3o frontal. Nesse caso, mais do que um problema de vis\u00e3o, se a crian\u00e7a passa horas em frente ao computador, tablet ou videogame, ela provavelmente apresentar\u00e1 vista cansada. O uso de telas, que \u00e9 bastante comum em tempos de f\u00e9rias, deve ser evitado para crian\u00e7as com at\u00e9 dois anos de idade. Para crian\u00e7as maiores o tempo \u00e9 limitado e vari\u00e1vel, de acordo com a idade. Os pais devem conversar com um oftalmologista para ver qual a melhor recomenda\u00e7\u00e3o para seu filho e incentivar brincadeiras ao ar livre para estimular a vis\u00e3o \u00e0 longa dist\u00e2ncia.<\/p>\n\n\n\n<p>4. Se aproximar muito dos objetos que quer ver ou lev\u00e1-los at\u00e9 bem pr\u00f3ximo ao rosto, para poder enxerg\u00e1-los melhor.<\/p>\n\n\n\n<p>5. Ter dificuldade em reconhecer pessoas e at\u00e9 trope\u00e7ar em objetos enquanto anda.<\/p>\n\n\n\n<p>6. Lacrimejamento frequentemente dos olhos. As causas podem variar desde conjuntivites al\u00e9rgicas ou virais, que s\u00e3o facilmente tratadas, at\u00e9 problemas na forma\u00e7\u00e3o do canal lacrimal, que n\u00e3o se desenvolveu adequadamente durante a gesta\u00e7\u00e3o.<\/p>\n\n\n\n<p><strong>Problemas mais comuns<\/strong><\/p>\n\n\n\n<p>Ainda de acordo com o oftalmologista, entre as doen\u00e7as oculares mais corriqueiras na inf\u00e2ncia est\u00e3o as ametropias (altos graus de miopia, astigmatismo e hipermetropia), anisometropias (diferen\u00e7a de grau entre os olhos), estrabismo (\u201colho torto\u201d), ambliopia (\u201colho pregui\u00e7oso\u201d) e conjuntivites al\u00e9rgicas.<\/p>\n\n\n\n<p>As ametropias ou erros refracionais, como a hipermetropia (dificuldade para enxergar de perto), o astigmatismo (imperfei\u00e7\u00e3o na curvatura do olho) e a miopia (dificuldade para enxergar ao longe), provocam sintomas como emba\u00e7amento, dores de cabe\u00e7a e cansa\u00e7o visual, mas que podem ser facilmente corrigidos com o uso de \u00f3culos de grau.<\/p>\n\n\n\n<p>O estrabismo (desalinhamento dos olhos) normalmente \u00e9 percept\u00edvel em fotografias ou mesmo durante atividades do cotidiano. Ao suspeitar sobre sua exist\u00eancia, os pais devem levar a crian\u00e7a ao oftalmologista.<\/p>\n\n\n\n<p>A ambliopia, tamb\u00e9m conhecida como olho pregui\u00e7oso, \u00e9 a diminui\u00e7\u00e3o da capacidade visual, que ocorre, principalmente, pela falta de est\u00edmulo ao olho afetado durante o desenvolvimento da vis\u00e3o. Ocorre em 2% da popula\u00e7\u00e3o infantil e pode se manifestar do nascimento at\u00e9 os 8 anos de idade. Quanto mais precoce aparecer, maior sua gravidade. O uso de tamp\u00e3o no olho sadio \u00e9 recomendado pelo oftalmologista como forma de ativar o desenvolvimento do olho pregui\u00e7oso. Quanto mais precoce o tratamento, melhores as chances de recupera\u00e7\u00e3o do olho ambl\u00edope.<\/p>\n\n\n\n<p>Por fim, problema passageiro, mas que tamb\u00e9m pode prejudicar a vis\u00e3o, a conjuntivite al\u00e9rgica \u00e9 bem comum nas crian\u00e7as e pode se manifestar com coceira frequente, olhos vermelhos, piscar frequente e secre\u00e7\u00e3o ocular. Deve ser tratada, pois o co\u00e7ar constante dos olhos na inf\u00e2ncia pode acarretar altera\u00e7\u00f5es corneanas como o ceratocone no futuro.<\/p>\n\n\n\n<p>Foto: <a href=\"https:\/\/br.freepik.com\/fotos-gratis\/a-menina-de-sorriso-na-escola_852145.htm\">Imagem de pressfoto<\/a> no Freepik<\/p>\n\n\n\n<p><\/p>\n","protected":false},"excerpt":{"rendered":"<p>A poucos dias as aulas iniciam em Santa Catarina. Este momento \u00e9 uma oportunidade para&#8230;<\/p>\n","protected":false},"author":20,"featured_media":8367,"comment_status":"closed","ping_status":"open","sticky":false,"template":"","format":"standard","meta":{"om_disable_all_campaigns":false,"_monsterinsights_skip_tracking":false,"_monsterinsights_sitenote_active":false,"_monsterinsights_sitenote_note":"","_monsterinsights_sitenote_category":0,"spay_email":""},"categories":[27],"tags":[],"jetpack_featured_media_url":"https:\/\/vimagazine.com.br\/wp-content\/uploads\/2023\/01\/girl-smiling-at-school.jpg","_links":{"self":[{"href":"https:\/\/vimagazine.com.br\/index.php?rest_route=\/wp\/v2\/posts\/8358"}],"collection":[{"href":"https:\/\/vimagazine.com.br\/index.php?rest_route=\/wp\/v2\/posts"}],"about":[{"href":"https:\/\/vimagazine.com.br\/index.php?rest_route=\/wp\/v2\/types\/post"}],"author":[{"embeddable":true,"href":"https:\/\/vimagazine.com.br\/index.php?rest_route=\/wp\/v2\/users\/20"}],"replies":[{"embeddable":true,"href":"https:\/\/vimagazine.com.br\/index.php?rest_route=%2Fwp%2Fv2%2Fcomments&post=8358"}],"version-history":[{"count":1,"href":"https:\/\/vimagazine.com.br\/index.php?rest_route=\/wp\/v2\/posts\/8358\/revisions"}],"predecessor-version":[{"id":8368,"href":"https:\/\/vimagazine.com.br\/index.php?rest_route=\/wp\/v2\/posts\/8358\/revisions\/8368"}],"wp:featuredmedia":[{"embeddable":true,"href":"https:\/\/vimagazine.com.br\/index.php?rest_route=\/wp\/v2\/media\/8367"}],"wp:attachment":[{"href":"https:\/\/vimagazine.com.br\/index.php?rest_route=%2Fwp%2Fv2%2Fmedia&parent=8358"}],"wp:term":[{"taxonomy":"category","embeddable":true,"href":"https:\/\/vimagazine.com.br\/index.php?rest_route=%2Fwp%2Fv2%2Fcategories&post=8358"},{"taxonomy":"post_tag","embeddable":true,"href":"https:\/\/vimagazine.com.br\/index.php?rest_route=%2Fwp%2Fv2%2Ftags&post=8358"}],"curies":[{"name":"wp","href":"https:\/\/api.w.org\/{rel}","templated":true}]}}