{"id":8371,"date":"2023-02-01T10:06:03","date_gmt":"2023-02-01T13:06:03","guid":{"rendered":"https:\/\/vimagazine.com.br\/?p=8371"},"modified":"2023-02-01T10:06:04","modified_gmt":"2023-02-01T13:06:04","slug":"cantor-viny-zullino-celebra-novos-projetos-em-carreira-solo","status":"publish","type":"post","link":"https:\/\/vimagazine.com.br\/?p=8371","title":{"rendered":"CANTOR VINY ZULLINO CELEBRA NOVOS PROJETOS EM CARREIRA SOLO"},"content":{"rendered":"\n<p><\/p>\n\n\n\n<p class=\"has-medium-font-size\">Viny Zullino, cantor e compositor, tem uma grande bagagem profissional de 25 anos no ramo da m\u00fasica.<\/p>\n\n\n\n<p class=\"has-medium-font-size\">Participou de v\u00e1rios grupos de samba e pagode: Grupo Real Valor, Grupo Puro Talento, Grupo Gama\u00e7\u00e3o, Grupo Akaso, Grupo Batucada SP e Grupo Doce Encontro.<\/p>\n\n\n\n<p class=\"has-medium-font-size\">Em sua discografia podemos destacar tr\u00eas CDs gravados, sendo dois com o grupo Akaso e um com o grupo Doce Encontro gravados e um DVD intitulado &#8220;DVD Doce Encontro ao vivo&#8221;.<\/p>\n\n\n\n<p class=\"has-medium-font-size\">Na Televis\u00e3o se apresentou em v\u00e1rios programas e emissoras renomadas como: \u201cDomingo Legal\u201d e Programa \u201cSilvio Santos\u201d (ambos no&nbsp; SBT), Programa \u201c Bem amigos\u201d da Rede Globo, Programa\u201d Raul Gil\u201d na TV Record e Bandeirantes, Programa \u201d Super Pop com Luciana Gimenez\u201d&nbsp; e o Programa \u201cSabada\u00e7o\u201d da Rede TV.&nbsp; Na TV Gazeta, teve a oportunidade de participar do \u201cPrograma Mulheres\u201d e tamb\u00e9m em diversas emissoras filiais regionais.<\/p>\n\n\n\n<p class=\"has-medium-font-size\">Sempre presente na m\u00eddia, foi entrevistado pelo portal Uol, participou das r\u00e1dios Transcontinental, Bandeirantes e R\u00e1dio Globo por Analice Jatob\u00e1 entre outros \u00f3rg\u00e3os de imprensa.<\/p>\n\n\n\n<p class=\"has-medium-font-size\">Destaque para sua carreira, onde dividiu o palco com grandes nomes do samba e pagode, entre eles: Chrigor, M\u00e1rcio Arte, P\u00e9ricles, Almir Guineto dentre outros.<\/p>\n\n\n\n<p class=\"has-medium-font-size\">Desde 2016 segue em carreira solo apresentando seu projeto &#8220;Pagode do Viny&#8221; em bares e casas de Shows, com um repert\u00f3rio&nbsp; amplo e variado de sambas e pagodes de v\u00e1rias \u00e9pocas. Ele vem se destacando pela sua maneira divertida e carism\u00e1tica de ser, al\u00e9m de fazer uma apresenta\u00e7\u00e3o muito vibrante, din\u00e2mica e assertiva no palco.<\/p>\n\n\n\n<p class=\"has-medium-font-size\">\u201cEstou bastante feliz e otimista com esse novo projeto, acredito que seja um novo momento. Ciclos come\u00e7am e se encerram. S\u00f3 tenho boas recorda\u00e7\u00f5es do per\u00edodo que passei no grupo Doce Encontro. Sou movido a desafios. Em breve minha m\u00fasica de trabalho \u00a0&#8211; Eu mere\u00e7o ser feliz- estar\u00e1 dispon\u00edvel nas melhores plataforma digitais\u201d, declara Viny.<\/p>\n\n\n\n<figure class=\"wp-container-2 wp-block-gallery-1 wp-block-gallery has-nested-images columns-2 is-cropped\">\n<figure class=\"wp-block-image size-large\"><img width=\"842\" height=\"1325\" data-id=\"8372\"  src=\"https:\/\/vimagazine.com.br\/wp-content\/uploads\/2023\/02\/WhatsApp-Image-2023-01-31-at-21.42.49-1.jpeg\" alt=\"\" class=\"wp-image-8372\" srcset=\"https:\/\/vimagazine.com.br\/wp-content\/uploads\/2023\/02\/WhatsApp-Image-2023-01-31-at-21.42.49-1.jpeg 842w, https:\/\/vimagazine.com.br\/wp-content\/uploads\/2023\/02\/WhatsApp-Image-2023-01-31-at-21.42.49-1-191x300.jpeg 191w, https:\/\/vimagazine.com.br\/wp-content\/uploads\/2023\/02\/WhatsApp-Image-2023-01-31-at-21.42.49-1-651x1024.jpeg 651w, https:\/\/vimagazine.com.br\/wp-content\/uploads\/2023\/02\/WhatsApp-Image-2023-01-31-at-21.42.49-1-768x1209.jpeg 768w\" sizes=\"(max-width: 842px) 100vw, 842px\" \/><\/figure>\n\n\n\n<figure class=\"wp-block-image size-large\"><img width=\"1600\" height=\"1067\" data-id=\"8373\"  src=\"https:\/\/vimagazine.com.br\/wp-content\/uploads\/2023\/02\/WhatsApp-Image-2023-01-31-at-21.42.48.jpeg\" alt=\"\" class=\"wp-image-8373\" srcset=\"https:\/\/vimagazine.com.br\/wp-content\/uploads\/2023\/02\/WhatsApp-Image-2023-01-31-at-21.42.48.jpeg 1600w, https:\/\/vimagazine.com.br\/wp-content\/uploads\/2023\/02\/WhatsApp-Image-2023-01-31-at-21.42.48-300x200.jpeg 300w, https:\/\/vimagazine.com.br\/wp-content\/uploads\/2023\/02\/WhatsApp-Image-2023-01-31-at-21.42.48-1024x683.jpeg 1024w, https:\/\/vimagazine.com.br\/wp-content\/uploads\/2023\/02\/WhatsApp-Image-2023-01-31-at-21.42.48-768x512.jpeg 768w, https:\/\/vimagazine.com.br\/wp-content\/uploads\/2023\/02\/WhatsApp-Image-2023-01-31-at-21.42.48-1536x1024.jpeg 1536w\" sizes=\"(max-width: 1600px) 100vw, 1600px\" \/><\/figure>\n\n\n\n<figure class=\"wp-block-image size-large\"><img width=\"1280\" height=\"853\" data-id=\"8374\"  src=\"https:\/\/vimagazine.com.br\/wp-content\/uploads\/2023\/02\/WhatsApp-Image-2023-01-31-at-21.42.47.jpeg\" alt=\"\" class=\"wp-image-8374\" srcset=\"https:\/\/vimagazine.com.br\/wp-content\/uploads\/2023\/02\/WhatsApp-Image-2023-01-31-at-21.42.47.jpeg 1280w, https:\/\/vimagazine.com.br\/wp-content\/uploads\/2023\/02\/WhatsApp-Image-2023-01-31-at-21.42.47-300x200.jpeg 300w, https:\/\/vimagazine.com.br\/wp-content\/uploads\/2023\/02\/WhatsApp-Image-2023-01-31-at-21.42.47-1024x682.jpeg 1024w, https:\/\/vimagazine.com.br\/wp-content\/uploads\/2023\/02\/WhatsApp-Image-2023-01-31-at-21.42.47-768x512.jpeg 768w\" sizes=\"(max-width: 1280px) 100vw, 1280px\" \/><\/figure>\n<\/figure>\n\n\n\n<p class=\"has-medium-font-size\">Para shows e eventos, apresenta um formato de banda completa e pocket show com dura\u00e7\u00e3o de duas horas , podendo ser ampliada de acordo com a necessidade do contratante.<\/p>\n\n\n\n<p><strong>CONTATOS PARA SHOWS:<\/strong><\/p>\n\n\n\n<p>INSTAGRAM : @vinyzullinooficial&nbsp; &#8211; 11 948152351<\/p>\n\n\n\n<p>ASSESSORIA&nbsp; DE IMPRENSA: @cristianeolliiveiira &#8211; 11 984920055<\/p>\n","protected":false},"excerpt":{"rendered":"<p>Viny Zullino, cantor e compositor, tem uma grande bagagem profissional de 25 anos no ramo&#8230;<\/p>\n","protected":false},"author":1,"featured_media":8375,"comment_status":"closed","ping_status":"open","sticky":false,"template":"","format":"standard","meta":{"om_disable_all_campaigns":false,"_monsterinsights_skip_tracking":false,"_monsterinsights_sitenote_active":false,"_monsterinsights_sitenote_note":"","_monsterinsights_sitenote_category":0,"spay_email":""},"categories":[1],"tags":[],"jetpack_featured_media_url":"https:\/\/vimagazine.com.br\/wp-content\/uploads\/2023\/02\/WhatsApp-Image-2023-01-31-at-21.42.49.jpeg","_links":{"self":[{"href":"https:\/\/vimagazine.com.br\/index.php?rest_route=\/wp\/v2\/posts\/8371"}],"collection":[{"href":"https:\/\/vimagazine.com.br\/index.php?rest_route=\/wp\/v2\/posts"}],"about":[{"href":"https:\/\/vimagazine.com.br\/index.php?rest_route=\/wp\/v2\/types\/post"}],"author":[{"embeddable":true,"href":"https:\/\/vimagazine.com.br\/index.php?rest_route=\/wp\/v2\/users\/1"}],"replies":[{"embeddable":true,"href":"https:\/\/vimagazine.com.br\/index.php?rest_route=%2Fwp%2Fv2%2Fcomments&post=8371"}],"version-history":[{"count":1,"href":"https:\/\/vimagazine.com.br\/index.php?rest_route=\/wp\/v2\/posts\/8371\/revisions"}],"predecessor-version":[{"id":8376,"href":"https:\/\/vimagazine.com.br\/index.php?rest_route=\/wp\/v2\/posts\/8371\/revisions\/8376"}],"wp:featuredmedia":[{"embeddable":true,"href":"https:\/\/vimagazine.com.br\/index.php?rest_route=\/wp\/v2\/media\/8375"}],"wp:attachment":[{"href":"https:\/\/vimagazine.com.br\/index.php?rest_route=%2Fwp%2Fv2%2Fmedia&parent=8371"}],"wp:term":[{"taxonomy":"category","embeddable":true,"href":"https:\/\/vimagazine.com.br\/index.php?rest_route=%2Fwp%2Fv2%2Fcategories&post=8371"},{"taxonomy":"post_tag","embeddable":true,"href":"https:\/\/vimagazine.com.br\/index.php?rest_route=%2Fwp%2Fv2%2Ftags&post=8371"}],"curies":[{"name":"wp","href":"https:\/\/api.w.org\/{rel}","templated":true}]}}