{"id":8377,"date":"2023-02-02T03:41:05","date_gmt":"2023-02-02T06:41:05","guid":{"rendered":"https:\/\/vimagazine.com.br\/?p=8377"},"modified":"2023-02-02T03:41:07","modified_gmt":"2023-02-02T06:41:07","slug":"cantor-abre-o-coracao-e-faz-revelacoes-marcantes","status":"publish","type":"post","link":"https:\/\/vimagazine.com.br\/?p=8377","title":{"rendered":"Cantor abre o cora\u00e7\u00e3o e faz revela\u00e7\u00f5es marcantes"},"content":{"rendered":"\n<p><\/p>\n\n\n\n<p>&nbsp;&nbsp; <strong>Derruam Souza<\/strong> \u00e9 cantor, Multi-instrumentista e desde crian\u00e7a faz shows h\u00e1 anos encantando milhares de pessoas pelo pa\u00eds.<\/p>\n\n\n\n<p>&nbsp;&nbsp; Em raz\u00e3o de seu grande sucesso, cantor resolve abrir o cora\u00e7\u00e3o e falar um pouco sobre sua hist\u00f3ria de vida e de seu sucesso. Na oportunidade, o cantor fala do seu amor pela m\u00fasica e de sua habilidade com os instrumentos musicais.<\/p>\n\n\n\n<p><strong><em>&nbsp;Como foi a sua inf\u00e2ncia?<\/em><\/strong><\/p>\n\n\n\n<p><strong>R:<\/strong> Minha inf\u00e2ncia, foi um misto de muitas fases, nas quais vivi o que uma crian\u00e7a tem direito de viver.&nbsp; Em outras palavras, diria que sim, foi uma inf\u00e2ncia Feliz, e sou grato a Deus por todos os momentos, sejam os bons ou ruins, pois todos colaboraram para eu me tornasse o homem que sou hoje.<\/p>\n\n\n\n<p><strong><em>&nbsp;Quando e como surgiu o seu amor pela m\u00fasica?<\/em><\/strong><\/p>\n\n\n\n<p><strong>R: <\/strong>Quando eu tinha por volta dos meuscinco anos de idade, eu encontrei meu primeiro viol\u00e3o em um container de lixo e ali se iniciou uma paix\u00e3o, eu diria, um amor pela m\u00fasica.<\/p>\n\n\n\n<p><strong><em>&nbsp;Voc\u00ea aprendeu a tocar instrumentos musicais sozinho. A que voc\u00ea atribui todo esse seu talento?<\/em><\/strong><\/p>\n\n\n\n<p>&nbsp;<strong>R: <\/strong>Gosto de dizer que Deus me deu esse dom, agregado ao meu esfor\u00e7o e dedica\u00e7\u00e3o, o que me fez chegar at\u00e9 aqui.<\/p>\n\n\n\n<p><strong><em>&nbsp;Quais s\u00e3o os instrumentos musicais que voc\u00ea toca?<\/em><\/strong><\/p>\n\n\n\n<p><strong>R: <\/strong>Toco viol\u00e3o, baixo, guitarra, teclado e bateria. Sem falar que toco alguns outros instrumentos que comecei a aprender como violino. Contudo, por conta da prioridade do meu como chamo companheiro e amigo viol\u00e3o, acabei deixando de lado os outros instrumentos.<\/p>\n\n\n\n<p><strong><em>&nbsp;Voc\u00ea lan\u00e7ou recentemente o sucesso \u201cEspetacular\u201d. A que voc\u00ea acha que se deve o sucesso desse hit?<\/em><\/strong><\/p>\n\n\n\n<p>&nbsp;&nbsp;<strong>R: \u201cEspetacular<\/strong>\u201d foi um dos sucessos e, uma das chaves, que abriu as portas para mais visibilidade do meu trabalho por parte do p\u00fablico, que consequentemente, come\u00e7ou a impulsionar mais o meu trabalho.<\/p>\n\n\n\n<p>&nbsp;&nbsp; \u201cEspetacular\u201d, como tamb\u00e9m, <strong>\u00c9 HORA DE IR<\/strong>, <strong>AMOR ATUAL<\/strong> e muitas outras, foi um mesclado de horas de trabalho, grava\u00e7\u00e3o, adapta\u00e7\u00e3o para ser o sucesso que s\u00e3o. Logo, o sucesso desse Hit, se deve ao fato de eu acreditar at\u00e9 o fim, que sou capaz e que realizarei os meus sonhos, metas e objetivos com muito esfor\u00e7o e dedica\u00e7\u00e3o.<\/p>\n\n\n\n<p><strong><em>&nbsp;Quais s\u00e3o as suas perspectivas para o futuro?<\/em><\/strong><\/p>\n\n\n\n<p>&nbsp;<strong>R: &nbsp;<\/strong>Meus maiores sonhos est\u00e3o em proporcionar a minha fam\u00edlia, tudo o que um dia n\u00e3o pod\u00edamos ter. Desta forma, pretendo me dedicar ainda mais no que fa\u00e7o e com f\u00e9 em Deus, para concretizar meus sonhos e d\u00e1 o melhor para eles.<\/p>\n\n\n\n<p><strong><em>Qual ou quais as p\u00e1ginas nas quais as pessoas podem saber e acompanhar mais sobre a sua carreira?<\/em><\/strong><\/p>\n\n\n\n<p>&nbsp;<strong>R: <\/strong>Sigam-me no Instagram, no Tik Tok, fanpage&nbsp; <a href=\"https:\/\/www.instagram.com\/derruam\/\">@DERRUAM<\/a> e se inscrevam no meu canal no YouTube. Clique <a href=\"https:\/\/www.youtube.com\/@DERRUAM\">aqui<\/a>.<\/p>\n","protected":false},"excerpt":{"rendered":"<p>&nbsp;&nbsp; Derruam Souza \u00e9 cantor, Multi-instrumentista e desde crian\u00e7a faz shows h\u00e1 anos encantando milhares&#8230;<\/p>\n","protected":false},"author":2,"featured_media":8378,"comment_status":"closed","ping_status":"open","sticky":false,"template":"","format":"standard","meta":{"om_disable_all_campaigns":false,"_monsterinsights_skip_tracking":false,"_monsterinsights_sitenote_active":false,"_monsterinsights_sitenote_note":"","_monsterinsights_sitenote_category":0,"spay_email":""},"categories":[31],"tags":[560,562,563,561],"jetpack_featured_media_url":"https:\/\/vimagazine.com.br\/wp-content\/uploads\/2023\/02\/f2735c08-65a7-4a0d-a771-e6de12291e45.jpg","_links":{"self":[{"href":"https:\/\/vimagazine.com.br\/index.php?rest_route=\/wp\/v2\/posts\/8377"}],"collection":[{"href":"https:\/\/vimagazine.com.br\/index.php?rest_route=\/wp\/v2\/posts"}],"about":[{"href":"https:\/\/vimagazine.com.br\/index.php?rest_route=\/wp\/v2\/types\/post"}],"author":[{"embeddable":true,"href":"https:\/\/vimagazine.com.br\/index.php?rest_route=\/wp\/v2\/users\/2"}],"replies":[{"embeddable":true,"href":"https:\/\/vimagazine.com.br\/index.php?rest_route=%2Fwp%2Fv2%2Fcomments&post=8377"}],"version-history":[{"count":1,"href":"https:\/\/vimagazine.com.br\/index.php?rest_route=\/wp\/v2\/posts\/8377\/revisions"}],"predecessor-version":[{"id":8379,"href":"https:\/\/vimagazine.com.br\/index.php?rest_route=\/wp\/v2\/posts\/8377\/revisions\/8379"}],"wp:featuredmedia":[{"embeddable":true,"href":"https:\/\/vimagazine.com.br\/index.php?rest_route=\/wp\/v2\/media\/8378"}],"wp:attachment":[{"href":"https:\/\/vimagazine.com.br\/index.php?rest_route=%2Fwp%2Fv2%2Fmedia&parent=8377"}],"wp:term":[{"taxonomy":"category","embeddable":true,"href":"https:\/\/vimagazine.com.br\/index.php?rest_route=%2Fwp%2Fv2%2Fcategories&post=8377"},{"taxonomy":"post_tag","embeddable":true,"href":"https:\/\/vimagazine.com.br\/index.php?rest_route=%2Fwp%2Fv2%2Ftags&post=8377"}],"curies":[{"name":"wp","href":"https:\/\/api.w.org\/{rel}","templated":true}]}}