{"id":8380,"date":"2023-02-02T10:23:50","date_gmt":"2023-02-02T13:23:50","guid":{"rendered":"https:\/\/vimagazine.com.br\/?p=8380"},"modified":"2023-02-02T10:23:54","modified_gmt":"2023-02-02T13:23:54","slug":"carnaval-de-balneario-camboriu-tera-baile-do-nego-veio-com-alexandre-pires","status":"publish","type":"post","link":"https:\/\/vimagazine.com.br\/?p=8380","title":{"rendered":"Carnaval de Balne\u00e1rio Cambori\u00fa ter\u00e1 Baile do Nego V\u00e9io com Alexandre Pires"},"content":{"rendered":"\n<p><\/p>\n\n\n\n<p class=\"has-medium-font-size\">Dia 17 de fevereiro, o Expocentro Balne\u00e1rio Cambori\u00fa J\u00falio Tedesco vai ferver no carnaval com o Baile do Nego V\u00e9io de Alexandre Pires, ser\u00e3o tr\u00eas horas de show, com uma cenografia impec\u00e1vel, efeitos especiais e um jogo de luzes \u00fanicos. A turn\u00ea de Alexandre pires desembarca na cidade para um grande espet\u00e1culo durante o carnaval.\u00a0O show de abertura ser\u00e1 do\u00a0m\u00fasico\u00a0Edu Farias, a partir das 21h30min.<br>Ecl\u00e9tico o artista aposta em diversos g\u00eaneros musicais que marcaram \u00e9poca, como por exemplo, o ax\u00e9\u0301 music, o sertanejo, o forr\u00f3, al\u00e9m, \u00e9 claro, do melhor do pagode, com hits de quando o cantor era vocalista do grupo S\u00f3 Pra Contrariar e emplacou os sucessos \u201cMineirinho\u201d, \u201cDepois Do Prazer\u201d e \u201cEssa Tal Liberdade\u201d.\u00a0<br>Entre os hits que estar\u00e3o na playlist do show est\u00e3o sucessos de diversas \u00e9pocas, como \u201cT\u00e1 Afim De Sambar\u201d do grupo Os Morenos e \u201cMal-Acostumado\u201d de Araketu, algumas do ax\u00e9 que s\u00e3o verdadeiros hinos como: \u201cBeleza Rara\u201d e \u201cMe Abra\u00e7a\u201d, ambas da Banda Eva e \u201cCarrinho de M\u00e3o\u201d do grupo Terra Samba.\u00a0\u201cNem Dormindo Consigo Te Esquecer\u201d, \u201cEstrela Perdida\u201d, \u201cCora\u00e7\u00e3o Est\u00e1 Em Peda\u00e7os\u201d, \u201cTemporal De Amor\u201d, \u201cFricote\u201d e \u201cBrincar De Ser Feliz\u201d, s\u00e3o alguns dos sucessos do sertanejo interpretados por Alexandre Pires durante o show.\u00a0No forr\u00f3 o artista canta: \u201cRindo \u00c0 Toa\u201d e \u201cXote Dos Milagres\u201d do Falamansa e o espet\u00e1culo ainda tem muito pagode com m\u00fasicas como: \u201cDeixa A Vida Me Levar\u201d que ficou conhecida na voz de Zeca Pagodinho, \u201cSamba de Arer\u00ea\u201d do grupo Revela\u00e7\u00e3o e a inesquec\u00edvel \u201cA Barata\u201d do S\u00f3 Pra Contrariar.\u00a0<\/p>\n\n\n\n<figure class=\"wp-block-image size-large\"><img width=\"683\" height=\"1024\" src=\"https:\/\/vimagazine.com.br\/wp-content\/uploads\/2023\/02\/Copia-de-Copia-de-DSC03057-683x1024.jpg\" alt=\"\" class=\"wp-image-8381\" srcset=\"https:\/\/vimagazine.com.br\/wp-content\/uploads\/2023\/02\/Copia-de-Copia-de-DSC03057-683x1024.jpg 683w, https:\/\/vimagazine.com.br\/wp-content\/uploads\/2023\/02\/Copia-de-Copia-de-DSC03057-200x300.jpg 200w, https:\/\/vimagazine.com.br\/wp-content\/uploads\/2023\/02\/Copia-de-Copia-de-DSC03057-768x1152.jpg 768w, https:\/\/vimagazine.com.br\/wp-content\/uploads\/2023\/02\/Copia-de-Copia-de-DSC03057-1024x1536.jpg 1024w, https:\/\/vimagazine.com.br\/wp-content\/uploads\/2023\/02\/Copia-de-Copia-de-DSC03057.jpg 1280w\" sizes=\"(max-width: 683px) 100vw, 683px\" \/><\/figure>\n\n\n\n<p class=\"has-medium-font-size\"><br>\u00a0Os ingressos est\u00e3o a venda no site Ingresso Nacional.<\/p>\n\n\n\n<p><br><strong>Data:\u00a0<\/strong>17 de fevereiro<br><strong>Abertura dos port\u00f5es:<\/strong>\u00a020 horas<br><strong>In\u00edcio do show:<\/strong>\u00a021h30min<br><strong>Venda de ingressos:<\/strong>\u00a0Ingresso Nacional<br><strong>Expocentro Balne\u00e1rio Cambori\u00fa J\u00falio Tedesco<\/strong><br><strong>Contato:<\/strong><br>47 &#8211; 3228-1700<br>47 &#8211; 3228-1701<br>Av. Marginal Oeste- Balne\u00e1rio Cambori\u00fa-SC<br>@expocentrobc<br><a>www.expocentrobc.com.br<\/a><\/p>\n","protected":false},"excerpt":{"rendered":"<p>Dia 17 de fevereiro, o Expocentro Balne\u00e1rio Cambori\u00fa J\u00falio Tedesco vai ferver no carnaval com&#8230;<\/p>\n","protected":false},"author":1,"featured_media":8382,"comment_status":"closed","ping_status":"open","sticky":false,"template":"","format":"standard","meta":{"om_disable_all_campaigns":false,"_monsterinsights_skip_tracking":false,"_monsterinsights_sitenote_active":false,"_monsterinsights_sitenote_note":"","_monsterinsights_sitenote_category":0,"spay_email":""},"categories":[27],"tags":[],"jetpack_featured_media_url":"https:\/\/vimagazine.com.br\/wp-content\/uploads\/2023\/02\/Copia-de-DSC03243.jpg","_links":{"self":[{"href":"https:\/\/vimagazine.com.br\/index.php?rest_route=\/wp\/v2\/posts\/8380"}],"collection":[{"href":"https:\/\/vimagazine.com.br\/index.php?rest_route=\/wp\/v2\/posts"}],"about":[{"href":"https:\/\/vimagazine.com.br\/index.php?rest_route=\/wp\/v2\/types\/post"}],"author":[{"embeddable":true,"href":"https:\/\/vimagazine.com.br\/index.php?rest_route=\/wp\/v2\/users\/1"}],"replies":[{"embeddable":true,"href":"https:\/\/vimagazine.com.br\/index.php?rest_route=%2Fwp%2Fv2%2Fcomments&post=8380"}],"version-history":[{"count":1,"href":"https:\/\/vimagazine.com.br\/index.php?rest_route=\/wp\/v2\/posts\/8380\/revisions"}],"predecessor-version":[{"id":8383,"href":"https:\/\/vimagazine.com.br\/index.php?rest_route=\/wp\/v2\/posts\/8380\/revisions\/8383"}],"wp:featuredmedia":[{"embeddable":true,"href":"https:\/\/vimagazine.com.br\/index.php?rest_route=\/wp\/v2\/media\/8382"}],"wp:attachment":[{"href":"https:\/\/vimagazine.com.br\/index.php?rest_route=%2Fwp%2Fv2%2Fmedia&parent=8380"}],"wp:term":[{"taxonomy":"category","embeddable":true,"href":"https:\/\/vimagazine.com.br\/index.php?rest_route=%2Fwp%2Fv2%2Fcategories&post=8380"},{"taxonomy":"post_tag","embeddable":true,"href":"https:\/\/vimagazine.com.br\/index.php?rest_route=%2Fwp%2Fv2%2Ftags&post=8380"}],"curies":[{"name":"wp","href":"https:\/\/api.w.org\/{rel}","templated":true}]}}