{"id":8384,"date":"2023-02-02T10:39:29","date_gmt":"2023-02-02T13:39:29","guid":{"rendered":"https:\/\/vimagazine.com.br\/?p=8384"},"modified":"2023-02-02T10:39:30","modified_gmt":"2023-02-02T13:39:30","slug":"rede-windsor-hoteis-promove-a-sua-tradicional-feijoada-carnavalesca","status":"publish","type":"post","link":"https:\/\/vimagazine.com.br\/?p=8384","title":{"rendered":"Rede Windsor Hoteis promove a sua tradicional Feijoada Carnavalesca"},"content":{"rendered":"\n<p><\/p>\n\n\n\n<p><\/p>\n\n\n\n<p class=\"has-text-align-center\" style=\"font-size:22px\"><em><strong>Mangueira e Cord\u00e3o da Bola Preta est\u00e3o entre as atra\u00e7\u00f5es do evento que ser\u00e1 realizado na Barra da Tijuca<\/strong><\/em><\/p>\n\n\n\n<p><\/p>\n\n\n\n<p class=\"has-medium-font-size\">Ap\u00f3s o sucesso da feijoada pr\u00e9-carnavalesca, em janeiro, a folia vai continuar na Rede Windsor Hoteis. No s\u00e1bado, dia 18 de fevereiro, \u00e0s 13h, acontecer\u00e1 a Feijoada Carnavalesca do Windsor Barra. Assim como foi no primeiro evento do ano, haver\u00e1 apresenta\u00e7\u00f5es da Escola de Samba Esta\u00e7\u00e3o Primeira de Mangueira, Cord\u00e3o da Bola Preta, roda de samba e DJ, al\u00e9m da presen\u00e7a da musa Renata Santos.<\/p>\n\n\n\n<p class=\"has-medium-font-size\">Para cair na folia a car\u00e1ter, os participantes ainda contar\u00e3o com customiza\u00e7\u00e3o de camisetas e maquiagem, tudo com muito brilho, assim como pede o momento. As crian\u00e7as ter\u00e3o \u00e0 disposi\u00e7\u00e3o o espa\u00e7o Kid\u00b4s Club com piscina de bolinhas, cabana com t\u00fanel, brinquedos e mesinhas para colorir. Os menores de 4 anos precisam da companhia de um respons\u00e1vel. J\u00e1 os maiores v\u00e3o encontrar jogos de videogame, dados e de tabuleiro, sempre acompanhados por monitores especializados.<\/p>\n\n\n\n<p class=\"has-medium-font-size\">Durante o evento ser\u00e1 servido um buffet completo de feijoada com variedade de carnes, servidas separadamente, al\u00e9m de saladas, pratos quentes e deliciosas sobremesas, tudo preparado pelos experientes chefs da Rede.<\/p>\n\n\n\n<p class=\"has-medium-font-size\">Entre os petiscos, o famoso caldinho de feij\u00e3o, costelinha assada, bolinhos de aipim e de feijoada. No pacote de bebidas est\u00e3o inclu\u00eddos \u00e1gua, refrigerante, cerveja e caipirinha. E ser\u00e1 oferecida uma op\u00e7\u00e3o vegana para as pessoas que n\u00e3o consumem produtos de origem animal. A vers\u00e3o leva feij\u00e3o vermelho, tofu defumado e ab\u00f3bora, acompanhados de farofa de beterraba.<\/p>\n\n\n\n<p class=\"has-medium-font-size\">&nbsp;&#8220;Ficamos muito felizes com a repercuss\u00e3o da nossa feijoada pr\u00e9-carnavalesca e a expectativa \u00e9 ainda maior para o s\u00e1bado de carnaval. O nosso evento j\u00e1 faz parte da tradi\u00e7\u00e3o da folia carioca, reunindo em um \u00fanico ambiente, um dos maiores blocos de rua e ainda o espet\u00e1culo da Sapuca\u00ed com uma das mais aclamadas escolas de samba, fazendo com que cariocas e turistas possam vivenciar uma das festas mais populares do Brasil&#8221;, aponta Vitor Almeida, gerente de Marketing da Rede.<\/p>\n\n\n\n<p class=\"has-medium-font-size\">A Feijoada Carnavalesca custa R$ 600 por pessoa e os convidados receber\u00e3o um abad\u00e1, que garantir\u00e1 a entrada no evento. Cada crian\u00e7a at\u00e9 5 anos ser\u00e1 cortesia desde que acompanhada de um adulto pagante. Para crian\u00e7as de seis a 10 anos, o desconto ser\u00e1 de 50% do valor aplicado para o adulto. A partir de 11 anos j\u00e1 pagam o valor integral.<\/p>\n\n\n\n<p class=\"has-medium-font-size\">O evento conta como apoio da\u00a0Granfino, Johnnie Walker Blonde, Perdig\u00e3o e Ventury.<\/p>\n\n\n\n<figure class=\"wp-block-image size-large is-resized\"><img src=\"https:\/\/vimagazine.com.br\/wp-content\/uploads\/2023\/02\/Feijoada-Windsor-Barra-Mangueira-e-musa-Renata-Santos-Ariel-Guevara-1024x681.jpg\" alt=\"\" class=\"wp-image-8385\" width=\"676\" height=\"449\" srcset=\"https:\/\/vimagazine.com.br\/wp-content\/uploads\/2023\/02\/Feijoada-Windsor-Barra-Mangueira-e-musa-Renata-Santos-Ariel-Guevara-1024x681.jpg 1024w, https:\/\/vimagazine.com.br\/wp-content\/uploads\/2023\/02\/Feijoada-Windsor-Barra-Mangueira-e-musa-Renata-Santos-Ariel-Guevara-300x200.jpg 300w, https:\/\/vimagazine.com.br\/wp-content\/uploads\/2023\/02\/Feijoada-Windsor-Barra-Mangueira-e-musa-Renata-Santos-Ariel-Guevara-768x511.jpg 768w, https:\/\/vimagazine.com.br\/wp-content\/uploads\/2023\/02\/Feijoada-Windsor-Barra-Mangueira-e-musa-Renata-Santos-Ariel-Guevara-1536x1022.jpg 1536w, https:\/\/vimagazine.com.br\/wp-content\/uploads\/2023\/02\/Feijoada-Windsor-Barra-Mangueira-e-musa-Renata-Santos-Ariel-Guevara.jpg 1920w\" sizes=\"(max-width: 676px) 100vw, 676px\" \/><\/figure>\n\n\n\n<p class=\"has-medium-font-size\"><\/p>\n\n\n\n<p class=\"has-medium-font-size\"><strong>Feijoada Carnavalesca do Windsor Barra:<\/strong><strong><\/strong><\/p>\n\n\n\n<p class=\"has-medium-font-size\">Dia: 18 de fevereiro \u2013 s\u00e1bado<\/p>\n\n\n\n<p class=\"has-medium-font-size\">R$ 600 (por pessoa)<\/p>\n\n\n\n<p class=\"has-medium-font-size\">Hor\u00e1rio: 13h \u00e0s 18h<\/p>\n\n\n\n<p class=\"has-medium-font-size\">Local:&nbsp;&nbsp;Windsor Oceanico<\/p>\n\n\n\n<p class=\"has-medium-font-size\">Endere\u00e7o: Rua Martinho de Mesquita, 129 \u2013 Barra da Tijuca<\/p>\n\n\n\n<p class=\"has-medium-font-size\">Reservas: (21)&nbsp;<a><\/a>96606-8470 (whatsapp)<\/p>\n\n\n\n<p class=\"has-medium-font-size\"><strong>Pol\u00edtica para Crian\u00e7as:<\/strong><\/p>\n\n\n\n<p class=\"has-medium-font-size\">At\u00e9 cinco anos, acompanhada de um adulto pagante &#8211; gr\u00e1tis<\/p>\n\n\n\n<p class=\"has-medium-font-size\">De seis a dez anos \u2013 50% do valor total<\/p>\n\n\n\n<p class=\"has-medium-font-size\">A partir de 11 anos &#8211; valor integral.&nbsp;<\/p>\n\n\n\n<p class=\"has-medium-font-size\"><strong>Sobre a Rede Windsor Hoteis<\/strong><\/p>\n\n\n\n<p class=\"has-medium-font-size\">H\u00e1 36 anos como refer\u00eancia no setor de turismo, a Rede Windsor possui 17 hot\u00e9is de tr\u00eas a cinco estrelas. Dona de um dos maiores grupos hoteleiros independentes do pa\u00eds, tem 15 unidades no Rio de Janeiro \u2013 entre Zona Sul, Barra da Tijuca e Centro \u2013, al\u00e9m de duas unidades em Bras\u00edlia.<\/p>\n\n\n\n<p class=\"has-medium-font-size\">A rede carioca conta ainda com o Centro de Conven\u00e7\u00f5es &amp; Hot\u00e9is Windsor, o maior centro integrado de hot\u00e9is e eventos da capital fluminense, onde est\u00e3o o Windsor Barra, Windsor Oceanico e o Windsor Tower, al\u00e9m do Centro de Conven\u00e7\u00f5es. O espa\u00e7o tem 23 mil metros quadrados, 90 sal\u00f5es multi\u00fasos, a maior plen\u00e1ria comporta at\u00e9 2.500 pessoas, com capacidade de atender a um p\u00fablico flutuante de at\u00e9 sete mil pessoas. Como reconhecimento por excel\u00eancia em presta\u00e7\u00e3o de servi\u00e7os de hospedagem, gastronomia e eventos, figura em premia\u00e7\u00f5es nacionais e internacionais.<\/p>\n\n\n\n<p class=\"has-medium-font-size\">Al\u00e9m disso,&nbsp;a Rede Windsor pretende investir em novas frentes que refor\u00e7am a sua solidez no mercado, assim como o cuidado com os h\u00f3spedes e com o aspecto social. Com esse posicionamento, a empresa refor\u00e7a alguns dos seus principais valores, como excel\u00eancia, sustentabilidade e solidariedade. E com o objetivo de atrair mais h\u00f3spedes e por acreditar em novas modalidades de comercializa\u00e7\u00e3o, buscando sempre uma personaliza\u00e7\u00e3o no atendimento, a \u00e1rea de Vendas da Rede Windsor adotou uma&nbsp;flexibiliza\u00e7\u00e3o nas tarifas dos seus hot\u00e9is, disponibilizando valores das di\u00e1rias com e sem caf\u00e9 da manh\u00e3 inclu\u00eddo.<\/p>\n","protected":false},"excerpt":{"rendered":"<p>Mangueira e Cord\u00e3o da Bola Preta est\u00e3o entre as atra\u00e7\u00f5es do evento que ser\u00e1 realizado&#8230;<\/p>\n","protected":false},"author":1,"featured_media":8386,"comment_status":"closed","ping_status":"open","sticky":false,"template":"","format":"standard","meta":{"om_disable_all_campaigns":false,"_monsterinsights_skip_tracking":false,"_monsterinsights_sitenote_active":false,"_monsterinsights_sitenote_note":"","_monsterinsights_sitenote_category":0,"spay_email":""},"categories":[27],"tags":[],"jetpack_featured_media_url":"https:\/\/vimagazine.com.br\/wp-content\/uploads\/2023\/02\/Feijoada-Carnavalesca-Credito-Cleomir-Tavares-1.jpg","_links":{"self":[{"href":"https:\/\/vimagazine.com.br\/index.php?rest_route=\/wp\/v2\/posts\/8384"}],"collection":[{"href":"https:\/\/vimagazine.com.br\/index.php?rest_route=\/wp\/v2\/posts"}],"about":[{"href":"https:\/\/vimagazine.com.br\/index.php?rest_route=\/wp\/v2\/types\/post"}],"author":[{"embeddable":true,"href":"https:\/\/vimagazine.com.br\/index.php?rest_route=\/wp\/v2\/users\/1"}],"replies":[{"embeddable":true,"href":"https:\/\/vimagazine.com.br\/index.php?rest_route=%2Fwp%2Fv2%2Fcomments&post=8384"}],"version-history":[{"count":1,"href":"https:\/\/vimagazine.com.br\/index.php?rest_route=\/wp\/v2\/posts\/8384\/revisions"}],"predecessor-version":[{"id":8387,"href":"https:\/\/vimagazine.com.br\/index.php?rest_route=\/wp\/v2\/posts\/8384\/revisions\/8387"}],"wp:featuredmedia":[{"embeddable":true,"href":"https:\/\/vimagazine.com.br\/index.php?rest_route=\/wp\/v2\/media\/8386"}],"wp:attachment":[{"href":"https:\/\/vimagazine.com.br\/index.php?rest_route=%2Fwp%2Fv2%2Fmedia&parent=8384"}],"wp:term":[{"taxonomy":"category","embeddable":true,"href":"https:\/\/vimagazine.com.br\/index.php?rest_route=%2Fwp%2Fv2%2Fcategories&post=8384"},{"taxonomy":"post_tag","embeddable":true,"href":"https:\/\/vimagazine.com.br\/index.php?rest_route=%2Fwp%2Fv2%2Ftags&post=8384"}],"curies":[{"name":"wp","href":"https:\/\/api.w.org\/{rel}","templated":true}]}}