{"id":8389,"date":"2023-02-02T13:13:56","date_gmt":"2023-02-02T16:13:56","guid":{"rendered":"https:\/\/vimagazine.com.br\/?p=8389"},"modified":"2023-02-02T13:13:57","modified_gmt":"2023-02-02T16:13:57","slug":"lu-fernandez-celebra-a-pratica-do-ballet-no-espaco-vibre-em-ipanema","status":"publish","type":"post","link":"https:\/\/vimagazine.com.br\/?p=8389","title":{"rendered":"Lu Fernandez celebra a pr\u00e1tica do Ballet no Espa\u00e7o Vibre, em Ipanema"},"content":{"rendered":"\n<p><\/p>\n\n\n\n<p class=\"has-medium-font-size\">Na tarde da \u00faltima ter\u00e7a-feira, a empres\u00e1ria do segmento de vestu\u00e1rio para dan\u00e7a, Lu Fernandez, celebrou 1 ano de pr\u00e1tica de ballet, em uma animada aula no espa\u00e7o Vibre, em Ipanema. Ela, que ao completar 60 anos, resolveu iniciar na arte do ballet, criou uma p\u00e1gina no Instagram, com o nome&nbsp;<strong>@balletaos60,<\/strong>&nbsp;a princ\u00edpio para se auto incentivar, e hoje, divide sua experi\u00eancia com outras mulheres maduras, que desejam romper limites.&nbsp;<\/p>\n\n\n\n<p class=\"has-medium-font-size\">A celebra\u00e7\u00e3o da p\u00e1gina de Instagram e do seu primeiro ano entre as barras do ballet, contou com a presen\u00e7a de Ana Botafogo, sua prima e parceira de neg\u00f3cios na Maison Ana Botafogo, as professoras e bailarinas Claudia Freitas e Mirian Lobo, al\u00e9m de alunas entre as idades de 10 a 60 anos.<\/p>\n\n\n\n<p class=\"has-medium-font-size\">Lu revela que sempre teve vontade de dan\u00e7ar ballet, mas, n\u00e3o tinha coragem. Hoje uma das maiores alegrias \u00e9 poder inspirar mulheres adultas de todas as idades, que se julgam velhas para fazer alguma coisa rotulada para jovens, como o ballet, a se lan\u00e7arem sem medo.<\/p>\n\n\n\n<p class=\"has-medium-font-size\">&#8220;Nada melhor do que receber o carinho e apoio de amigos, assim como receber mensagens de mulheres que partilham comigo estar sendo inspiradas por minhas postagens sobre o ballet na fase adulta. Minha p\u00e1gina tem mulheres de 20 e poucos anos, como de 70, e amo me conectar com todas&#8221;, conta.<\/p>\n\n\n\n<figure class=\"wp-container-2 wp-block-gallery-1 wp-block-gallery has-nested-images columns-default is-cropped\">\n<figure class=\"wp-block-image size-large\"><img width=\"683\" height=\"1024\" data-id=\"8391\"  src=\"https:\/\/vimagazine.com.br\/wp-content\/uploads\/2023\/02\/Lu-Fernandes_Balletaos60_-Fotos-de-Mariana-Salles-1.jpeg\" alt=\"\" class=\"wp-image-8391\" srcset=\"https:\/\/vimagazine.com.br\/wp-content\/uploads\/2023\/02\/Lu-Fernandes_Balletaos60_-Fotos-de-Mariana-Salles-1.jpeg 683w, https:\/\/vimagazine.com.br\/wp-content\/uploads\/2023\/02\/Lu-Fernandes_Balletaos60_-Fotos-de-Mariana-Salles-1-200x300.jpeg 200w\" sizes=\"(max-width: 683px) 100vw, 683px\" \/><\/figure>\n\n\n\n<figure class=\"wp-block-image size-large\"><img width=\"682\" height=\"1024\" data-id=\"8392\"  src=\"https:\/\/vimagazine.com.br\/wp-content\/uploads\/2023\/02\/Lu-Fernandes_Balletaos60_-Fotos-de-Mariana-Salles-3.jpeg\" alt=\"\" class=\"wp-image-8392\" srcset=\"https:\/\/vimagazine.com.br\/wp-content\/uploads\/2023\/02\/Lu-Fernandes_Balletaos60_-Fotos-de-Mariana-Salles-3.jpeg 682w, https:\/\/vimagazine.com.br\/wp-content\/uploads\/2023\/02\/Lu-Fernandes_Balletaos60_-Fotos-de-Mariana-Salles-3-200x300.jpeg 200w\" sizes=\"(max-width: 682px) 100vw, 682px\" \/><\/figure>\n\n\n\n<figure class=\"wp-block-image size-large\"><img width=\"1024\" height=\"683\" data-id=\"8393\"  src=\"https:\/\/vimagazine.com.br\/wp-content\/uploads\/2023\/02\/Lu-Fernandes_Balletaos60_-Fotos-de-Mariana-Salles-6.jpeg\" alt=\"\" class=\"wp-image-8393\" srcset=\"https:\/\/vimagazine.com.br\/wp-content\/uploads\/2023\/02\/Lu-Fernandes_Balletaos60_-Fotos-de-Mariana-Salles-6.jpeg 1024w, https:\/\/vimagazine.com.br\/wp-content\/uploads\/2023\/02\/Lu-Fernandes_Balletaos60_-Fotos-de-Mariana-Salles-6-300x200.jpeg 300w, https:\/\/vimagazine.com.br\/wp-content\/uploads\/2023\/02\/Lu-Fernandes_Balletaos60_-Fotos-de-Mariana-Salles-6-768x512.jpeg 768w\" sizes=\"(max-width: 1024px) 100vw, 1024px\" \/><\/figure>\n\n\n\n<figure class=\"wp-block-image size-large\"><img width=\"1024\" height=\"683\" data-id=\"8394\"  src=\"https:\/\/vimagazine.com.br\/wp-content\/uploads\/2023\/02\/Lu-Fernandes_Balletaos60_-Fotos-de-Mariana-Salles-4.jpeg\" alt=\"\" class=\"wp-image-8394\" srcset=\"https:\/\/vimagazine.com.br\/wp-content\/uploads\/2023\/02\/Lu-Fernandes_Balletaos60_-Fotos-de-Mariana-Salles-4.jpeg 1024w, https:\/\/vimagazine.com.br\/wp-content\/uploads\/2023\/02\/Lu-Fernandes_Balletaos60_-Fotos-de-Mariana-Salles-4-300x200.jpeg 300w, https:\/\/vimagazine.com.br\/wp-content\/uploads\/2023\/02\/Lu-Fernandes_Balletaos60_-Fotos-de-Mariana-Salles-4-768x512.jpeg 768w\" sizes=\"(max-width: 1024px) 100vw, 1024px\" \/><\/figure>\n<\/figure>\n\n\n\n<p><strong>A p\u00e1gina de Instagram pode ser conferida em @balletaos60.<\/strong><br>Fotos: Mariana Salles\u00a0<\/p>\n","protected":false},"excerpt":{"rendered":"<p>Na tarde da \u00faltima ter\u00e7a-feira, a empres\u00e1ria do segmento de vestu\u00e1rio para dan\u00e7a, Lu Fernandez,&#8230;<\/p>\n","protected":false},"author":1,"featured_media":8390,"comment_status":"closed","ping_status":"open","sticky":false,"template":"","format":"standard","meta":{"om_disable_all_campaigns":false,"_monsterinsights_skip_tracking":false,"_monsterinsights_sitenote_active":false,"_monsterinsights_sitenote_note":"","_monsterinsights_sitenote_category":0,"spay_email":""},"categories":[1],"tags":[],"jetpack_featured_media_url":"https:\/\/vimagazine.com.br\/wp-content\/uploads\/2023\/02\/image007.jpg","_links":{"self":[{"href":"https:\/\/vimagazine.com.br\/index.php?rest_route=\/wp\/v2\/posts\/8389"}],"collection":[{"href":"https:\/\/vimagazine.com.br\/index.php?rest_route=\/wp\/v2\/posts"}],"about":[{"href":"https:\/\/vimagazine.com.br\/index.php?rest_route=\/wp\/v2\/types\/post"}],"author":[{"embeddable":true,"href":"https:\/\/vimagazine.com.br\/index.php?rest_route=\/wp\/v2\/users\/1"}],"replies":[{"embeddable":true,"href":"https:\/\/vimagazine.com.br\/index.php?rest_route=%2Fwp%2Fv2%2Fcomments&post=8389"}],"version-history":[{"count":1,"href":"https:\/\/vimagazine.com.br\/index.php?rest_route=\/wp\/v2\/posts\/8389\/revisions"}],"predecessor-version":[{"id":8395,"href":"https:\/\/vimagazine.com.br\/index.php?rest_route=\/wp\/v2\/posts\/8389\/revisions\/8395"}],"wp:featuredmedia":[{"embeddable":true,"href":"https:\/\/vimagazine.com.br\/index.php?rest_route=\/wp\/v2\/media\/8390"}],"wp:attachment":[{"href":"https:\/\/vimagazine.com.br\/index.php?rest_route=%2Fwp%2Fv2%2Fmedia&parent=8389"}],"wp:term":[{"taxonomy":"category","embeddable":true,"href":"https:\/\/vimagazine.com.br\/index.php?rest_route=%2Fwp%2Fv2%2Fcategories&post=8389"},{"taxonomy":"post_tag","embeddable":true,"href":"https:\/\/vimagazine.com.br\/index.php?rest_route=%2Fwp%2Fv2%2Ftags&post=8389"}],"curies":[{"name":"wp","href":"https:\/\/api.w.org\/{rel}","templated":true}]}}