{"id":8396,"date":"2023-02-02T13:26:21","date_gmt":"2023-02-02T16:26:21","guid":{"rendered":"https:\/\/vimagazine.com.br\/?p=8396"},"modified":"2023-02-02T13:26:25","modified_gmt":"2023-02-02T16:26:25","slug":"giselle-alfano-integra-o-elenco-de-wicked","status":"publish","type":"post","link":"https:\/\/vimagazine.com.br\/?p=8396","title":{"rendered":"Giselle Alfano integra o elenco de &#8220;Wicked&#8221;"},"content":{"rendered":"\n<p><\/p>\n\n\n\n<p class=\"has-text-align-center\" style=\"font-size:22px\"><em><strong>Com sess\u00f5es esgotadas e recorde de vendas, a atriz Gisele Alfano integra o elenco de nova superprodu\u00e7\u00e3o do maior fen\u00f4meno da Broadway, que chega a S\u00e3o Paulo em mar\u00e7o no Teatro Santander.<\/strong><\/em><\/p>\n\n\n\n<p>&#8220;Wicked&#8221; \u00e9 o maior sucesso da Broadway escrito no s\u00e9culo 21, \u00e9 a hist\u00f3ria n\u00e3o contada das bruxas do M\u00e1gico de Oz, em refer\u00eancia ao cl\u00e1ssico filme de 1939. Muito antes de Dorothy ser levada por um tornado ao mundo esmeralda, Elphaba e Glinda vivem uma das melhores hist\u00f3rias do teatro musical. O musical conta a hist\u00f3ria dessa extraordin\u00e1ria odisseia e a amizade improv\u00e1vel de Elphaba, a Bruxa M\u00e1 do Oeste, e Glinda, a Bruxa Boa do Norte. Abordando quest\u00f5es ligadas \u00e0 injusti\u00e7a e ao preconceito; \u00e9 c\u00f4mico e emocionante ao expor que h\u00e1 sempre pelo menos dois pontos de vista para uma mesma hist\u00f3ria.<\/p>\n\n\n\n<p>A jovem atriz Gisele Alfano integra o elenco do espet\u00e1culo. Ela iniciou seus estudos na \u00e1rea art\u00edstica aos 5 anos, com a Dan\u00e7a Cl\u00e1ssica, sendo graduada pela Royal Academy of Dance. Aos 12 anos iniciou sua trajet\u00f3ria no Teatro Musical na Escola All\u00e9gresse Morumbi, onde viveu grandes protagonistas como &#8220;Fantine&#8221; em Les Mis\u00e9rables e &#8220;Janis Ian&#8221; em Mean Girls. Realizou o Summer Program em Teatro Musical na AMDA &#8211; American Dramatic Arts College de Nova York, e em sua constante forma\u00e7\u00e3o teve como coaches grandes nomes do Teatro Musical como Cleto Baccic (Acting), Andreia Vitfer, Carlos Jr e Paulo Nogueira (Preparadores Vocais), Jhafiny Lima (Ballet e Jazz Musical) e Cinzia Alvarez (Arte Circense). Fez parte do elenco Fabi e Myra Broadway in Concert e est\u00e1 estreando em seu primeiro musical profissionalmente.<\/p>\n\n\n\n<figure class=\"wp-container-2 wp-block-gallery-1 wp-block-gallery has-nested-images columns-default is-cropped\">\n<figure class=\"wp-block-image size-large\"><img width=\"1280\" height=\"1920\" data-id=\"8398\"  src=\"https:\/\/vimagazine.com.br\/wp-content\/uploads\/2023\/02\/4kX1gNbA.jpeg\" alt=\"\" class=\"wp-image-8398\" srcset=\"https:\/\/vimagazine.com.br\/wp-content\/uploads\/2023\/02\/4kX1gNbA.jpeg 1280w, https:\/\/vimagazine.com.br\/wp-content\/uploads\/2023\/02\/4kX1gNbA-200x300.jpeg 200w, https:\/\/vimagazine.com.br\/wp-content\/uploads\/2023\/02\/4kX1gNbA-683x1024.jpeg 683w, https:\/\/vimagazine.com.br\/wp-content\/uploads\/2023\/02\/4kX1gNbA-768x1152.jpeg 768w, https:\/\/vimagazine.com.br\/wp-content\/uploads\/2023\/02\/4kX1gNbA-1024x1536.jpeg 1024w\" sizes=\"(max-width: 1280px) 100vw, 1280px\" \/><\/figure>\n\n\n\n<figure class=\"wp-block-image size-large\"><img width=\"1280\" height=\"1920\" data-id=\"8397\"  src=\"https:\/\/vimagazine.com.br\/wp-content\/uploads\/2023\/02\/RV4riGqU.jpeg\" alt=\"\" class=\"wp-image-8397\" srcset=\"https:\/\/vimagazine.com.br\/wp-content\/uploads\/2023\/02\/RV4riGqU.jpeg 1280w, https:\/\/vimagazine.com.br\/wp-content\/uploads\/2023\/02\/RV4riGqU-200x300.jpeg 200w, https:\/\/vimagazine.com.br\/wp-content\/uploads\/2023\/02\/RV4riGqU-683x1024.jpeg 683w, https:\/\/vimagazine.com.br\/wp-content\/uploads\/2023\/02\/RV4riGqU-768x1152.jpeg 768w, https:\/\/vimagazine.com.br\/wp-content\/uploads\/2023\/02\/RV4riGqU-1024x1536.jpeg 1024w\" sizes=\"(max-width: 1280px) 100vw, 1280px\" \/><\/figure>\n<\/figure>\n\n\n\n<p>Batendo recorde de vendas de ingressos nas primeiras 24 horas de an\u00fancio, a nova montagem de &#8220;Wicked&#8221; faz hist\u00f3ria antes mesmo de estrear, com 30 mil ingressos vendidos at\u00e9 agora, a produ\u00e7\u00e3o do Instituto Artium de Cultura, em parceria com o Atelier de Cultura, anuncia a temporada at\u00e9 25 de junho de 2023, no Teatro Santander, em S\u00e3o Paulo.<\/p>\n\n\n\n<p><strong>Ficha T\u00e9cnica:<\/strong><\/p>\n\n\n\n<p>Apresentado por Minist\u00e9rio da Cultura e Comg\u00e1s<\/p>\n\n\n\n<p>Patroc\u00ednio: Esfera, Santander Seguros e Previd\u00eancia, Sem Parar, Eurofarma e Prosegur<\/p>\n\n\n\n<p>Apoio: Hyundai Financiamentos, Unisys, Sensodyne e Rio Branco<\/p>\n\n\n\n<p>Hotelaria Oficial: Radisson Blu S\u00e3o Paulo<\/p>\n\n\n\n<p>Catering Oficial: Dona De\u00f4la<\/p>\n\n\n\n<p>Uma coprodu\u00e7\u00e3o Atelier de Cultura<\/p>\n\n\n\n<p>Realiza\u00e7\u00e3o: Instituto Artium de Cultura, Minist\u00e9rio da Cultura e Governo Federal<\/p>\n\n\n\n<p>Letras e M\u00fasicas: STEPHEN SCHWARTZ<\/p>\n\n\n\n<p>Texto: WINNIE HOLZMAN<\/p>\n\n\n\n<p>Baseado no romance de GREGORY MAGUIRE<\/p>\n\n\n\n<p>Produ\u00e7\u00e3o original na Broadway de MARC PLATT, DAVID STONE &amp; UNIVERSAL STAGE PRODUCTIONS<\/p>\n\n\n\n<p>Produ\u00e7\u00e3o original na Broadway dirigida por JOE MANTELLO<\/p>\n\n\n\n<p>Orquestra\u00e7\u00e3o: WILLIAM DAVID BROHN<\/p>\n\n\n\n<p>Arranjos Musicais: ALEX LACAMOIRE &amp; STEPHEN OREMUS<\/p>\n\n\n\n<p>Dire\u00e7\u00e3o Geral: JOHN STEFANIUK<\/p>\n\n\n\n<p>Dire\u00e7\u00e3o Musical: V\u00c2NIA PAJARES<\/p>\n\n\n\n<p>Cen\u00e1rio e Figurino: MORGAN LARGE<\/p>\n\n\n\n<p>Coreografia e Dire\u00e7\u00e3o Associada: FLORIANO NOGUEIRA<\/p>\n\n\n\n<p>Design de Luz: BEN CRACKNELL<\/p>\n\n\n\n<p>Design de V\u00eddeo: AARON RHYNE<\/p>\n\n\n\n<p>Design de Som: GAST\u00d3N BRISKI<\/p>\n\n\n\n<p>M\u00e1gica e Ilusionismo: SKYLAR FOX<\/p>\n\n\n\n<p>Design de Maquiagem: JOE DULUDE II<\/p>\n\n\n\n<p>Design de Perucas: FELICIANO SAN ROMAN<\/p>\n\n\n\n<p>Vers\u00e3o Brasileira: MARIANA ELISABETSKY &amp; VICTOR M\u00dcHLETHALER<\/p>\n\n\n\n<p><strong>Servi\u00e7o:<\/strong><\/p>\n\n\n\n<p><strong>&#8220;Wicked&#8221;<\/strong><\/p>\n\n\n\n<p>Estreia: 09 de mar\u00e7o de 2023<\/p>\n\n\n\n<p>Temporada at\u00e9 25 de junho de 2023<\/p>\n\n\n\n<p>Teatro Santander &#8211;&nbsp;Av. Pres. Juscelino Kubitschek, 2041 &#8211; Itaim Bibi, S\u00e3o Paulo \u2013 SP<\/p>\n\n\n\n<p>Sess\u00f5es: Quinta-feira \u00e0s 19h30 | Sexta-feira \u00e0s 19h30 | S\u00e1bado \u00e0s 15h e 19h30 | Domingo \u00e0s 15h00 e 19h30<\/p>\n\n\n\n<p>Ingressos: entre R$25,00 e R$400,00<\/p>\n\n\n\n<p>Vendas online:&nbsp;<a href=\"http:\/\/wickedbrasil.com\/\" target=\"_blank\" rel=\"noreferrer noopener\">wickedbrasil.com<\/a><\/p>\n\n\n\n<p>Classifica\u00e7\u00e3o et\u00e1ria: Livre. Menores de 12 anos acompanhados de respons\u00e1vel.<\/p>\n\n\n\n<p>Capacidade: 1.080 pessoas<\/p>\n\n\n\n<p>G\u00eanero: Teatro Musical<\/p>\n\n\n\n<p>Dura\u00e7\u00e3o: 150 minutos e 15 minutos de intervalo<\/p>\n\n\n\n<p>Bilheteria f\u00edsica (sem taxa de conveni\u00eancia): Teatro Santander. Hor\u00e1rio de funcionamento: Todos os dias das 12h00 \u00e0s 18h00. Em dias de espet\u00e1culos, a bilheteria permanece aberta at\u00e9 o in\u00edcio da apresenta\u00e7\u00e3o. A bilheteria do Teatro Santander possui um totem de autoatendimento para compras de ingressos sem taxa de conveni\u00eancia 24h por dia. Endere\u00e7o: Av. Pres. Juscelino Kubitschek, 2041.<\/p>\n","protected":false},"excerpt":{"rendered":"<p>Com sess\u00f5es esgotadas e recorde de vendas, a atriz Gisele Alfano integra o elenco de&#8230;<\/p>\n","protected":false},"author":1,"featured_media":8400,"comment_status":"closed","ping_status":"open","sticky":false,"template":"","format":"standard","meta":{"om_disable_all_campaigns":false,"_monsterinsights_skip_tracking":false,"_monsterinsights_sitenote_active":false,"_monsterinsights_sitenote_note":"","_monsterinsights_sitenote_category":0,"spay_email":""},"categories":[27],"tags":[],"jetpack_featured_media_url":"https:\/\/vimagazine.com.br\/wp-content\/uploads\/2023\/02\/IMG_4293-1.jpg","_links":{"self":[{"href":"https:\/\/vimagazine.com.br\/index.php?rest_route=\/wp\/v2\/posts\/8396"}],"collection":[{"href":"https:\/\/vimagazine.com.br\/index.php?rest_route=\/wp\/v2\/posts"}],"about":[{"href":"https:\/\/vimagazine.com.br\/index.php?rest_route=\/wp\/v2\/types\/post"}],"author":[{"embeddable":true,"href":"https:\/\/vimagazine.com.br\/index.php?rest_route=\/wp\/v2\/users\/1"}],"replies":[{"embeddable":true,"href":"https:\/\/vimagazine.com.br\/index.php?rest_route=%2Fwp%2Fv2%2Fcomments&post=8396"}],"version-history":[{"count":1,"href":"https:\/\/vimagazine.com.br\/index.php?rest_route=\/wp\/v2\/posts\/8396\/revisions"}],"predecessor-version":[{"id":8401,"href":"https:\/\/vimagazine.com.br\/index.php?rest_route=\/wp\/v2\/posts\/8396\/revisions\/8401"}],"wp:featuredmedia":[{"embeddable":true,"href":"https:\/\/vimagazine.com.br\/index.php?rest_route=\/wp\/v2\/media\/8400"}],"wp:attachment":[{"href":"https:\/\/vimagazine.com.br\/index.php?rest_route=%2Fwp%2Fv2%2Fmedia&parent=8396"}],"wp:term":[{"taxonomy":"category","embeddable":true,"href":"https:\/\/vimagazine.com.br\/index.php?rest_route=%2Fwp%2Fv2%2Fcategories&post=8396"},{"taxonomy":"post_tag","embeddable":true,"href":"https:\/\/vimagazine.com.br\/index.php?rest_route=%2Fwp%2Fv2%2Ftags&post=8396"}],"curies":[{"name":"wp","href":"https:\/\/api.w.org\/{rel}","templated":true}]}}