{"id":8402,"date":"2023-02-02T14:28:05","date_gmt":"2023-02-02T17:28:05","guid":{"rendered":"https:\/\/vimagazine.com.br\/?p=8402"},"modified":"2023-02-02T14:28:08","modified_gmt":"2023-02-02T17:28:08","slug":"a-igreja-do-diabo-um-musical-imoral-e-hilario","status":"publish","type":"post","link":"https:\/\/vimagazine.com.br\/?p=8402","title":{"rendered":"A Igreja do Diabo \u2013 Um Musical Imoral e Hil\u00e1rio"},"content":{"rendered":"\n<p><\/p>\n\n\n\n<p class=\"has-text-align-center\" style=\"font-size:22px\"><\/p>\n\n\n\n<p class=\"has-text-align-center\" style=\"font-size:22px\"><em><strong>Baseado no conto de Machado de Assis &#8220;A Igreja do Diabo \u2013 Um Musical Imoral e Hil\u00e1rio&#8221;, de Guilherme Gila, estreia em fevereiro no N\u00facleo Experimental, em S\u00e3o Paulo, e os ingressos j\u00e1 est\u00e3o \u00e0 venda.<\/strong><\/em><\/p>\n\n\n\n<p><\/p>\n\n\n\n<p>&#8220;A Igreja do Diabo \u2013 Um Musical Imoral e Hil\u00e1rio&#8221; \u00e9 um espet\u00e1culo pop, inspirado no conto de Machado de Assis, no qual cansada de uma falta de organiza\u00e7\u00e3o a Diaba decide fundar sua pr\u00f3pria igreja. A humanidade, aos poucos, adere a nova religi\u00e3o onde fazer atos de maldade \u00e9 corajoso, e ser uma pessoa boa \u00e9 a pior coisa que se pode ser. Logo, todos aprendem sobre &#8220;os sete ditados capitais&#8221; e come\u00e7am a transformar o mundo em um lugar pior. No elenco est\u00e3o Edyelle Brand\u00e3o, Rupa Figueira, Jorge William, Samir Alves, Giovana Brand\u00e3o, Olivia Lopes e Ana Carolina Batista.<\/p>\n\n\n\n<p>Atrav\u00e9s da com\u00e9dia e com m\u00fasicas pop e pop-funk, o espet\u00e1culo conta a hist\u00f3ria do conto em tr\u00eas partes distintas, em um \u00fanico ato. A primeira sendo a ideia da Diaba e a cria\u00e7\u00e3o da Igreja; a segunda em um dia na Igreja do Diabo j\u00e1 criada; e a terceira mostrando os efeitos da Igreja a longo prazo, tanto no c\u00e9u quanto no inferno. A moral \u00e9 o ponto central deste musical, e as m\u00fasicas do estilo pop, acompanhadas por coreografias de linguagem queer, representam a sonoridade dominada por artistas mulheres e LGBTQ+ (que ao longo da hist\u00f3ria sempre foram vistos como imorais), al\u00e9m de dar versatilidade \u00e0 narrativa.<\/p>\n\n\n\n<p>Para realizar a produ\u00e7\u00e3o, o espet\u00e1culo est\u00e1 com cotas abertas na Benfeitoria. As cotas v\u00e3o de R$20,00 a R$1.000,00 e as recompensas variam entre nome no programa da pe\u00e7a, edi\u00e7\u00e3o f\u00edsica do conto de Machado de Assis, ingressos para a estreia do musical, poster autografado pela equipe e elenco do espet\u00e1culo, roteiro personalizado do musical, tarde de bate-papo com a equipe criativa, caneca e camiseta com logo da pe\u00e7a, al\u00e9m do nome ou logomarca como apoiador do espet\u00e1culo.<\/p>\n\n\n\n<p>O musical tem estreia prevista para 27 de fevereiro, no Teatro do N\u00facleo Experimental, com sess\u00f5es \u00e0s segundas e ter\u00e7as-feiras, \u00e0s 20h30, em curta temporada. Os ingressos est\u00e3o \u00e0 venda pela Sympla.com e o valor ser\u00e1 de R$70,00 (inteira) e R$35,00 (meia).<\/p>\n\n\n\n<p><strong>Ficha T\u00e9cnica:<\/strong><\/p>\n\n\n\n<p>Texto, Letras e M\u00fasicas: Guilherme Gila<\/p>\n\n\n\n<p>Dire\u00e7\u00e3o Geral: Guilherme Gila<\/p>\n\n\n\n<p>Prepara\u00e7\u00e3o de Elenco: Maria Clara Haro<\/p>\n\n\n\n<p>Dire\u00e7\u00e3o Musical: Samir Alves<\/p>\n\n\n\n<p>Coreografia: Gabriella Medeiros<\/p>\n\n\n\n<p>Elenco: Edyelle Brand\u00e3o, Rupa Figueira, Jorge William, Samir Alves, Giovana Brand\u00e3o, Olivia Lopes e Ana Carolina Batista.<\/p>\n\n\n\n<p>Produ\u00e7\u00e3o Executiva: Jorge William e Eduarda Zafra<\/p>\n\n\n\n<p>Produ\u00e7\u00e3o: A Casa que Fala<\/p>\n\n\n\n<p>Assistente de Produ\u00e7\u00e3o: Lucca Capoleto<\/p>\n\n\n\n<p>Figurinos: Grazi Bastos<\/p>\n\n\n\n<p>Cenografia: Isis Patacho e La\u00eds Damato<\/p>\n\n\n\n<p>Design de Luz &#8211; Fran Barros<\/p>\n\n\n\n<p>Identidade Visual: Dan Maschio<\/p>\n\n\n\n<p>Apoio: N\u00facleo Experimental<\/p>\n\n\n\n<p>Assessoria de Imprensa: May Calixto por Unic\u00f3rnio Assessoria e M\u00eddia<\/p>\n\n\n\n<p><strong>Servi\u00e7o:<\/strong><\/p>\n\n\n\n<p><em>&#8220;A Igreja do Diabo \u2013 Um Musical Imoral e Hil\u00e1rio&#8221;<\/em><\/p>\n\n\n\n<p>Estreia: 27 de fevereiro<\/p>\n\n\n\n<p>Curta temporada<\/p>\n\n\n\n<p>Segundas e Ter\u00e7as-Feiras, \u00e0s 20h30<\/p>\n\n\n\n<p>Teatro do N\u00facleo Experimental &#8211; R. Barra Funda, 637 &#8211; Barra Funda, S\u00e3o Paulo \u2013 SP<\/p>\n\n\n\n<p>Ingressos: R$70,00 (inteira) e R$35,00 (meia)<\/p>\n\n\n\n<p>Vendas online:&nbsp;<a href=\"http:\/\/www.sympla.com.br\/nucleoexperimental\" target=\"_blank\" rel=\"noreferrer noopener\">www.sympla.com.br\/nucleoexperimental<\/a><\/p>\n\n\n\n<p>Classifica\u00e7\u00e3o indicativa: 14 anos<\/p>\n\n\n\n<p>Dura\u00e7\u00e3o: 90 minutos (sem intervalo)<\/p>\n\n\n\n<p>Benfeitoria:&nbsp;<a href=\"https:\/\/benfeitoria.com\/projeto\/aigrejadodiabomusical\" target=\"_blank\" rel=\"noreferrer noopener\">https:\/\/benfeitoria.com\/projeto\/aigrejadodiabomusical<\/a><\/p>\n\n\n\n<p class=\"has-medium-font-size\"><strong>Sobre o autor \u2013 Guilherme Gila<\/strong><\/p>\n\n\n\n<p>Guilherme Gila \u00e9 ator, dramaturgo, compositor, e diretor musical. \u00c9 formado em Cinema pela Anhembi Morumbi, M\u00fasica pelo Conservat\u00f3rio Musical Andr\u00e9 da Silva Gomes e p\u00f3s-graduado em M\u00fasica e Imagem pela Faculdade Santa Marcelina. Atualmente \u00e9 p\u00f3s-graduando em Can\u00e7\u00e3o Popular Brasileira, tamb\u00e9m pela FASM. Realizou oficinas de interpreta\u00e7\u00e3o teatral na SP Escola de Teatro. Estudou Interpreta\u00e7\u00e3o e An\u00e1lise do Texto Teatral com Z\u00e9 Henrique de Paula e fez tr\u00eas m\u00f3dulos da Oficina de Cria\u00e7\u00e3o de Musicais com Fernanda Maia (todas atrav\u00e9s do N\u00facleo Experimental), al\u00e9m de ter se formado no Col\u00e9gio \u00c1baco, em S\u00e3o Bernardo do Campo, reconhecido no meio pelo investimento em Teatro Musical (com aulas ministradas por Rog\u00e9rio Matias e Jeferson Ventura). Como ator participou do espet\u00e1culo &#8220;Chaves &#8211; um tributo musical&#8221; (2022, Del Claro Produ\u00e7\u00f5es Art\u00edsticas, como Seu Barriga\/Nhonho), &#8220;A Bela e a Fera&#8221; (2022, Palavra &amp; Som Entretenimento, como Le Fou). Realizou a Dire\u00e7\u00e3o Musical dos espet\u00e1culos &#8220;Opera\u00e7\u00e3o Rematr\u00edcula&#8221; (21 Chump Street, 2019), &#8220;Matilda&#8221; (acad\u00eamico, 2019), &#8220;Cruella &#8211; Um Novo Musical&#8221; (2018) e &#8220;Dom Casmurro&#8221; (leitura, 2021), sendo que nos dois \u00faltimos tamb\u00e9m atuou como compositor das can\u00e7\u00f5es originais. Trabalhou como Assistente de Dire\u00e7\u00e3o Musical dos musicais do N\u00facleo Experimental: &#8220;Cabaret dos Bichos&#8221; (2022, dire\u00e7\u00e3o de Z\u00e9 Henrique de Paula e dire\u00e7\u00e3o musical de Fernanda Maia), e &#8220;Brenda Lee e o Pal\u00e1cio das Princesas&#8221; (dire\u00e7\u00e3o musical de Rafael Miranda). Comp\u00f4s as trilhas sonoras dos curtas &#8220;Mam\u00e3e Tem um Dem\u00f4nio&#8221; (2020), &#8220;Alma na Floresta&#8221; (2020), &#8220;Nunca Mais Me Vi&#8221; (2020) e &#8220;Marias &#8211; uma paisagem brasileira&#8221; (2021). Por &#8220;Dom Casmurro&#8221;, foi selecionado para o primeiro Festival Paulista de Teatro Musical, organizado pelo Pr\u00eamio Bibi Ferreira. Como versionista, trabalhou nas montagens acad\u00eamicas de Aladim (acad\u00eamico, 2015), Cinderela (acad\u00eamico, 2017) e Matilda (acad\u00eamico, 2019), al\u00e9m do projeto &#8220;Solte a Voz&#8221; do portal Broadway Meme.<\/p>\n","protected":false},"excerpt":{"rendered":"<p>Baseado no conto de Machado de Assis &#8220;A Igreja do Diabo \u2013 Um Musical Imoral&#8230;<\/p>\n","protected":false},"author":1,"featured_media":8403,"comment_status":"closed","ping_status":"open","sticky":false,"template":"","format":"standard","meta":{"om_disable_all_campaigns":false,"_monsterinsights_skip_tracking":false,"_monsterinsights_sitenote_active":false,"_monsterinsights_sitenote_note":"","_monsterinsights_sitenote_category":0,"spay_email":""},"categories":[27],"tags":[],"jetpack_featured_media_url":"https:\/\/vimagazine.com.br\/wp-content\/uploads\/2023\/02\/325976710_155788313896029_63367248112665429_n.jpg","_links":{"self":[{"href":"https:\/\/vimagazine.com.br\/index.php?rest_route=\/wp\/v2\/posts\/8402"}],"collection":[{"href":"https:\/\/vimagazine.com.br\/index.php?rest_route=\/wp\/v2\/posts"}],"about":[{"href":"https:\/\/vimagazine.com.br\/index.php?rest_route=\/wp\/v2\/types\/post"}],"author":[{"embeddable":true,"href":"https:\/\/vimagazine.com.br\/index.php?rest_route=\/wp\/v2\/users\/1"}],"replies":[{"embeddable":true,"href":"https:\/\/vimagazine.com.br\/index.php?rest_route=%2Fwp%2Fv2%2Fcomments&post=8402"}],"version-history":[{"count":1,"href":"https:\/\/vimagazine.com.br\/index.php?rest_route=\/wp\/v2\/posts\/8402\/revisions"}],"predecessor-version":[{"id":8404,"href":"https:\/\/vimagazine.com.br\/index.php?rest_route=\/wp\/v2\/posts\/8402\/revisions\/8404"}],"wp:featuredmedia":[{"embeddable":true,"href":"https:\/\/vimagazine.com.br\/index.php?rest_route=\/wp\/v2\/media\/8403"}],"wp:attachment":[{"href":"https:\/\/vimagazine.com.br\/index.php?rest_route=%2Fwp%2Fv2%2Fmedia&parent=8402"}],"wp:term":[{"taxonomy":"category","embeddable":true,"href":"https:\/\/vimagazine.com.br\/index.php?rest_route=%2Fwp%2Fv2%2Fcategories&post=8402"},{"taxonomy":"post_tag","embeddable":true,"href":"https:\/\/vimagazine.com.br\/index.php?rest_route=%2Fwp%2Fv2%2Ftags&post=8402"}],"curies":[{"name":"wp","href":"https:\/\/api.w.org\/{rel}","templated":true}]}}