{"id":8410,"date":"2023-02-03T19:57:42","date_gmt":"2023-02-03T22:57:42","guid":{"rendered":"https:\/\/vimagazine.com.br\/?p=8410"},"modified":"2023-02-03T19:57:46","modified_gmt":"2023-02-03T22:57:46","slug":"fevereiro-roxo-vamos-falar-sobre-alzheimer","status":"publish","type":"post","link":"https:\/\/vimagazine.com.br\/?p=8410","title":{"rendered":"FEVEREIRO ROXO &#8211; VAMOS FALAR SOBRE ALZHEIMER?"},"content":{"rendered":"\n<p><em>Segundo dados oficiais, o Brasil possui cerca de 1 milh\u00e3o e duzentas mil pessoas portadores deste mal e no mundo este n\u00famero deve chegar a 35,6 milh\u00f5es de pessoas. Com o envelhecimento da popula\u00e7\u00e3o mundial, esses n\u00fameros sofrer\u00e3o aumentos expressivos chegando aos 65,7 milh\u00f5es de portadores em 2030 e em 2050 atingir\u00e1 115,4 milh\u00f5es de pacientes, dois ter\u00e7os deste total se concentrando em pa\u00edses em desenvolvimento.<\/em><\/p>\n\n\n\n<p>\u00c9 importante destacar que, segundo o GBD (Global Burden of Disease), que \u00e9 um estudo que utiliza um m\u00e9todo sistem\u00e1tico para analisar perdas de sa\u00fade n\u00e3o fatais e para facilitar compara\u00e7\u00f5es entre pa\u00edses e doen\u00e7as mostrou que no mundo entre 1990 e 2016 os casos de dem\u00eancia aumentaram cerca de 117%, colocando o Brasil em segundo lugar, atr\u00e1s da Turquia. Este estudo mostrou tamb\u00e9m que os casos de mortes tamb\u00e9m tiveram um aumento expressivo (148%), representando cerca 2,4 milh\u00f5es de mortes, sendo a quinta causa de morte.<\/p>\n\n\n\n<p>A doen\u00e7a de Alzheimer (DA) \u00e9 uma forma de <strong><em>dem\u00eancia<\/em><\/strong>, a mais comum na verdade, por\u00e9m h\u00e1 outros tipos de dem\u00eancia, como as em decorr\u00eancias do sofrimento de pequenos infartos em \u00e1reas espec\u00edficas do c\u00e9rebro que podem provocar alguns dos dist\u00farbios, como: perda de mem\u00f3ria, dificuldade de orienta\u00e7\u00e3o no tempo e no espa\u00e7o, dificuldade de desenvolver pensamentos abstratos, dificuldade de aprendizado e realiza\u00e7\u00e3o de c\u00e1lculos simples, dificuldades na linguagem, comunica\u00e7\u00e3o, desta forma afetando o paciente na execu\u00e7\u00e3o de suas atividades de vida di\u00e1ria. Altera\u00e7\u00f5es de personalidade tamb\u00e9m est\u00e3o presentes, bem como de crit\u00e9rio de julgamento.<\/p>\n\n\n\n<p>As causas dessa doen\u00e7a ainda n\u00e3o foram delimitadas com exatid\u00e3o, por\u00e9m a idade \u00e9 o principal fator de risco. A partir dos 60 anos de idade \u00e9 como os surgimento dos primeiros sintomas, aumentando drasticamente com o passar dos anos. A cada cinco anos o n\u00famero de pacientes dobram, sendo que a menor parte dos pacientes se concentra na faixa entre os 65 e 74 anos de idade. A partir dos 85 anos, metade dos indiv\u00edduos desenvolver\u00e3o a doen\u00e7a. Outro fator de risco foi recentemente indicado, a obesidade. Os estudos mostraram que pessoas com sobrepeso tinham altera\u00e7\u00f5es no c\u00e9rebro semelhantes ao encontrado em pacientes com DA, acendendo um sinal de alerta para este tipo de paciente.<\/p>\n\n\n\n<figure class=\"wp-block-image alignleft size-large is-resized\"><img src=\"https:\/\/vimagazine.com.br\/wp-content\/uploads\/2023\/02\/alzheimer-fevereiro-roxo-2-1024x1024.jpg\" alt=\"\" class=\"wp-image-8411\" width=\"357\" height=\"357\" srcset=\"https:\/\/vimagazine.com.br\/wp-content\/uploads\/2023\/02\/alzheimer-fevereiro-roxo-2-1024x1024.jpg 1024w, https:\/\/vimagazine.com.br\/wp-content\/uploads\/2023\/02\/alzheimer-fevereiro-roxo-2-300x300.jpg 300w, https:\/\/vimagazine.com.br\/wp-content\/uploads\/2023\/02\/alzheimer-fevereiro-roxo-2-150x150.jpg 150w, https:\/\/vimagazine.com.br\/wp-content\/uploads\/2023\/02\/alzheimer-fevereiro-roxo-2-768x768.jpg 768w, https:\/\/vimagazine.com.br\/wp-content\/uploads\/2023\/02\/alzheimer-fevereiro-roxo-2.jpg 1080w\" sizes=\"(max-width: 357px) 100vw, 357px\" \/><figcaption>Arquivo pessoal &#8211; Alzheimer<\/figcaption><\/figure>\n\n\n\n<p><strong><em>Quais s\u00e3o os sinais e sintomas encontrados?<\/em><\/strong><\/p>\n\n\n\n<p>Esta doen\u00e7a tem uma evolu\u00e7\u00e3o silenciosa, por\u00e9m constante. Num primeiro momento surgem a perda de mem\u00f3ria, confus\u00e3o e desorienta\u00e7\u00e3o, ansiedade, agita\u00e7\u00e3o, ilus\u00e3o, desconfian\u00e7a, altera\u00e7\u00e3o de personalidade e do senso cr\u00edtico. Come\u00e7am a apresentar dificuldades de realizar as atividades de vida di\u00e1ria (banho, cozinhar, telefonar, etc.).<\/p>\n\n\n\n<p>Em um segundo momento desponta que a principal caracter\u00edstica e a que geralmente leva os familiares a procurar aux\u00edlio m\u00e9dico que \u00e9 a dificuldade de reconhecer familiares e amigos. Outros sintomas se intensificam mais, levando este paciente a uma depend\u00eancia ainda maior.<\/p>\n\n\n\n<p>Em uma pr\u00f3xima fase e mais cr\u00edtica \u00e9 a depend\u00eancia total do paciente. Nesta fase a aten\u00e7\u00e3o tem que ser redobrada, pois a restri\u00e7\u00e3o ao leito traz diversas complica\u00e7\u00f5es que podem acelerar o surgimento da fase terminal ou levar ao \u00f3bito diretamente.<\/p>\n\n\n\n<p>No est\u00e1gio mais avan\u00e7ado da doen\u00e7a os sintomas da fase anterior s\u00e3o agravados e surgem tamb\u00e9m as infec\u00e7\u00f5es de repeti\u00e7\u00e3o e a disfagia (incapacidade de engolir alimentos), necessitando de alimenta\u00e7\u00e3o enteral.<\/p>\n\n\n\n<p><strong><em>Fisioterapia ajuda??<\/em><\/strong><\/p>\n\n\n\n<p>A fisioterapia age no controle dos sinais e sintomas, buscando promover qualidade de vida, al\u00e9m de trazer o bem-estar psicol\u00f3gico, pois ao promover ao paciente a sensa\u00e7\u00e3o de independ\u00eancia dar\u00e1 mais significado \u00e0 vida e a sensa\u00e7\u00e3o de pertencimento ao meio em que vive.<\/p>\n\n\n\n<p>Infelizmente a progress\u00e3o da doen\u00e7a \u00e9 inevit\u00e1vel e certamente levar\u00e1 o paciente \u00e0 restri\u00e7\u00e3o ao leito. A intensifica\u00e7\u00e3o dos cuidados fisioter\u00e1picos, ainda que paliativos, s\u00e3o de suma import\u00e2ncia, pois s\u00e3o respons\u00e1veis pela preven\u00e7\u00e3o de infec\u00e7\u00f5es recorrentes causadas pela imobilidade. Outro problema detectado est\u00e1 relacionado ao sistema respirat\u00f3rio. \u00c9 alto o \u00edndice de problemas, tais como: pneumonia, pneumonia aspirativa, etc. As t\u00e9cnicas para higiene br\u00f4nquica, aumento da capacidade ventilat\u00f3ria, dentre outras s\u00e3o indicadas para preven\u00e7\u00e3o.<\/p>\n\n\n\n<p><strong><em>Mas Doutor, quantas sess\u00f5es tem que ser feita?<\/em><\/strong><\/p>\n\n\n\n<p>N\u00e3o h\u00e1 como prever quantas sess\u00f5es ser\u00e3o necess\u00e1rias para que o paciente tenha um acompanhamento ideal, por\u00e9m aconselha-se que tenham de 2 a 3 sess\u00f5es por semana, mas as atividades f\u00edsicas devem ser di\u00e1rias. Caso n\u00e3o seja poss\u00edvel o acompanhamento pelo profissional em fisioterapia, pode-se contratar para uma avalia\u00e7\u00e3o e evolu\u00e7\u00e3o a cada 3 meses, onde ele poder\u00e1 orientar aos familiares e cuidadores sobre quais exerc\u00edcios fazer e sobre quais cuidados devem ser adotados.<\/p>\n\n\n\n<p><strong><em>\u00c9 importante entender que cada paciente \u00e9 \u00fanico! Por se tratar em sua grande maioria de pacientes idosos, conhecer limita\u00e7\u00f5es fisiol\u00f3gicas da idade \u00e9 primordial para que se atinja um resultado adequado.<\/em><\/strong><\/p>\n\n\n\n<p><strong><em>Como podemos prevenir?<\/em><\/strong><\/p>\n\n\n\n<p>A ado\u00e7\u00e3o de h\u00e1bitos saud\u00e1veis ajuda muito na preven\u00e7\u00e3o do Mal de Alzheimer. Fazer uma dieta equilibrada, com baixas quantidades de gorduras, fazer uso moderado de \u00e1lcool (duas doses di\u00e1rias para homens e uma para mulheres), n\u00e3o fumar, praticar atividades f\u00edsicas moderadas ou intensas, manter est\u00edmulos cognitivos (leitura, escrita, aprendizagem, etc.) proporciona uma redu\u00e7\u00e3o de quase 60% nas chances de desenvolver a doen\u00e7a.<\/p>\n\n\n\n<p><strong><em>Esque\u00e7o as coisas. Pode ser Alzheimer?<\/em><\/strong><\/p>\n\n\n\n<p>Esquecer fatos di\u00e1rios, como onde est\u00e3o as chaves ou a carteira, n\u00e3o quer dizer que a pessoa esteja com Alzheimer. Essa perda de mem\u00f3ria pode ser causada por uma infinidade de fatores (medicamentos, depress\u00e3o, distra\u00e7\u00e3o, uso de \u00e1lcool, estresse, etc.)<\/p>\n\n\n\n<p>A perda de mem\u00f3ria que podemos relacionar ao Alzheimer s\u00e3o: esquecimento de eventos recentes, atividades, pessoas da fam\u00edlia de forma que acabam por atrapalhar o desenvolvimento de suas atividades di\u00e1rias. Esses s\u00e3o fatores importantes em se observar, principalmente em idosos. Portanto, os familiares e pessoas respons\u00e1veis pelo cuidado com idosos devem estar atentos a esses acontecimentos.<\/p>\n\n\n\n<p><strong><em>N\u00e3o esque\u00e7a, ao sentir ou perceber que algo n\u00e3o est\u00e1 bem, procure orienta\u00e7\u00e3o de um profissional habilitado!!!<\/em><\/strong><\/p>\n\n\n\n<p><\/p>\n","protected":false},"excerpt":{"rendered":"<p>Segundo dados oficiais, o Brasil possui cerca de 1 milh\u00e3o e duzentas mil pessoas portadores&#8230;<\/p>\n","protected":false},"author":4,"featured_media":8412,"comment_status":"closed","ping_status":"open","sticky":false,"template":"","format":"standard","meta":{"om_disable_all_campaigns":false,"_monsterinsights_skip_tracking":false,"_monsterinsights_sitenote_active":false,"_monsterinsights_sitenote_note":"","_monsterinsights_sitenote_category":0,"spay_email":""},"categories":[126],"tags":[564,565,45,364],"jetpack_featured_media_url":"https:\/\/vimagazine.com.br\/wp-content\/uploads\/2023\/02\/fevereiro-roxo-1.jpg","_links":{"self":[{"href":"https:\/\/vimagazine.com.br\/index.php?rest_route=\/wp\/v2\/posts\/8410"}],"collection":[{"href":"https:\/\/vimagazine.com.br\/index.php?rest_route=\/wp\/v2\/posts"}],"about":[{"href":"https:\/\/vimagazine.com.br\/index.php?rest_route=\/wp\/v2\/types\/post"}],"author":[{"embeddable":true,"href":"https:\/\/vimagazine.com.br\/index.php?rest_route=\/wp\/v2\/users\/4"}],"replies":[{"embeddable":true,"href":"https:\/\/vimagazine.com.br\/index.php?rest_route=%2Fwp%2Fv2%2Fcomments&post=8410"}],"version-history":[{"count":1,"href":"https:\/\/vimagazine.com.br\/index.php?rest_route=\/wp\/v2\/posts\/8410\/revisions"}],"predecessor-version":[{"id":8413,"href":"https:\/\/vimagazine.com.br\/index.php?rest_route=\/wp\/v2\/posts\/8410\/revisions\/8413"}],"wp:featuredmedia":[{"embeddable":true,"href":"https:\/\/vimagazine.com.br\/index.php?rest_route=\/wp\/v2\/media\/8412"}],"wp:attachment":[{"href":"https:\/\/vimagazine.com.br\/index.php?rest_route=%2Fwp%2Fv2%2Fmedia&parent=8410"}],"wp:term":[{"taxonomy":"category","embeddable":true,"href":"https:\/\/vimagazine.com.br\/index.php?rest_route=%2Fwp%2Fv2%2Fcategories&post=8410"},{"taxonomy":"post_tag","embeddable":true,"href":"https:\/\/vimagazine.com.br\/index.php?rest_route=%2Fwp%2Fv2%2Ftags&post=8410"}],"curies":[{"name":"wp","href":"https:\/\/api.w.org\/{rel}","templated":true}]}}