{"id":8452,"date":"2023-02-06T09:15:21","date_gmt":"2023-02-06T12:15:21","guid":{"rendered":"https:\/\/vimagazine.com.br\/?p=8452"},"modified":"2023-02-06T13:29:13","modified_gmt":"2023-02-06T16:29:13","slug":"lifting-facial-com-endolaser-chega-ao-brasil-e-na-clinica-vittorio-veneto","status":"publish","type":"post","link":"https:\/\/vimagazine.com.br\/?p=8452","title":{"rendered":"Lifting facial com Endolaser chega ao Brasil e na Cl\u00ednica Vittorio Veneto"},"content":{"rendered":"\n<p>Atualmente o p\u00fablico feminino tem procurado cada vez mais procedimentos est\u00e9ticos que possam substituir a cirurgia pl\u00e1stica. Acompanhando esta forte tend\u00eancia no mercado da Est\u00e9tica, a Cl\u00ednica Vittorio Veneto, situada em Sorocaba-SP tem largado na frente, quando o assunto \u00e9 tecnologia de ponta.<\/p>\n\n\n\n<p>Trazendo o que h\u00e1 de mais moderno e mais sofisticado na Est\u00e9tica para suas clientes a empres\u00e1ria Michele Da Ros, fundadora da Cl\u00ednica acaba de se Habilitar com a precursora Dra. Layla Dias com a t\u00e9cnica revolucion\u00e1ria de lifting facial Endolifting. Caminhando em busca desta tend\u00eancia de procedimentos minimamente invasivos de sucesso, ao chegar nos USA em 2019, Dra. Layla Dias participou de um workshop de Endolaser utilizado com fibra \u00f3ptica para lifting facial, que acabara de ser lan\u00e7ado. Esse procedimento j\u00e1 existe a mais de 15 anos, com comprova\u00e7\u00e3o cient\u00edfica, porem, o laser especifico para tal procedimento, acabara de ser lan\u00e7ado, nos USA e Europa, e representa uma t\u00e9cnica inovadora que vem crescendo em popularidade no mercado dos USA e Europa devido ao fato de ser um procedimento relativamente simples e seguro que produz resultados imediatamente vis\u00edveis, al\u00e9m de ser reprodut\u00edvel e repet\u00edvel.<br>Encantada com os resultados Dra. Layla Dias come\u00e7ou a pesquisar pelo laser e por procedimentos semelhantes no Brasil, nada foi encontrado!<\/p>\n\n\n\n<figure class=\"wp-block-image aligncenter size-large is-resized\"><img src=\"https:\/\/vimagazine.com.br\/wp-content\/uploads\/2023\/02\/WhatsApp-Image-2023-02-01-at-20.31.15-1024x848.jpeg\" alt=\"\" class=\"wp-image-8454\" width=\"612\" height=\"506\" srcset=\"https:\/\/vimagazine.com.br\/wp-content\/uploads\/2023\/02\/WhatsApp-Image-2023-02-01-at-20.31.15-1024x848.jpeg 1024w, https:\/\/vimagazine.com.br\/wp-content\/uploads\/2023\/02\/WhatsApp-Image-2023-02-01-at-20.31.15-300x248.jpeg 300w, https:\/\/vimagazine.com.br\/wp-content\/uploads\/2023\/02\/WhatsApp-Image-2023-02-01-at-20.31.15-768x636.jpeg 768w, https:\/\/vimagazine.com.br\/wp-content\/uploads\/2023\/02\/WhatsApp-Image-2023-02-01-at-20.31.15-1536x1272.jpeg 1536w, https:\/\/vimagazine.com.br\/wp-content\/uploads\/2023\/02\/WhatsApp-Image-2023-02-01-at-20.31.15.jpeg 1600w\" sizes=\"(max-width: 612px) 100vw, 612px\" \/><figcaption>Antes e Depois<\/figcaption><\/figure>\n\n\n\n<p><em>\u201c N\u00e3o havia no Brasil nenhum profissional que realizasse o Endolaser Facial com fibra \u00f3ptica. Existia apenas a jun\u00e7\u00e3o deste procedimento a cirurgias pl\u00e1sticas corporal. Pensamos em trazer o aparelho dos USA para o Brasil, mas o mesmo n\u00e3o tinha o selo da Anvisa, somente FDA, impossibilitando essa a\u00e7\u00e3o. Foi quando comecei a busca por aparelhos a laser que tivessem a mesma configura\u00e7\u00e3o do aparelho rec\u00e9m lan\u00e7ado nos USA, e encontrei um aparelho de cirurgia vascular, entramos em contato com a empresa Vydence, que tamb\u00e9m nunca havia visto a utiliza\u00e7\u00e3o daquele laser para lifting facial, e a mesma nos deu total apoio, preparando um dia de atendimentos para que pud\u00e9ssemos testar a semelhan\u00e7a do laser. Hoje, eu Dra. Layla Dias, nascida e criada no interior de Minas Gerais, de uma fam\u00edlia simples de comerciantes, cirurgia dentista a quase 15 anos, especialista em Implantes, Pr\u00f3tese, Harmoniza\u00e7\u00e3o Facial, e graduada Enfermeira nos USA, onde resido atualmente, posso seguramente dizer que sou a Pioneira, ou a primeira profissional cirurgia dentista, no Brasil a utilizar um Endolaser para Lifting Facial com Fibra Optica\u201d.<\/em> Explicou a cirurgi\u00e3 dentista especialista em Harmoniza\u00e7\u00e3o Facial e bacharel em Enfermagem nos USA.<\/p>\n","protected":false},"excerpt":{"rendered":"<p>Dra Layla Dias fala do seu pioneirismo com t\u00e9cnica revolucion\u00e1ria <\/p>\n","protected":false},"author":18,"featured_media":8457,"comment_status":"closed","ping_status":"open","sticky":false,"template":"","format":"standard","meta":{"om_disable_all_campaigns":false,"_monsterinsights_skip_tracking":false,"_monsterinsights_sitenote_active":false,"_monsterinsights_sitenote_note":"","_monsterinsights_sitenote_category":0,"spay_email":""},"categories":[1],"tags":[567,566,460,43],"jetpack_featured_media_url":"https:\/\/vimagazine.com.br\/wp-content\/uploads\/2023\/02\/WhatsApp-Image-2023-02-01-at-20.32.48-768x1153-1.jpeg","_links":{"self":[{"href":"https:\/\/vimagazine.com.br\/index.php?rest_route=\/wp\/v2\/posts\/8452"}],"collection":[{"href":"https:\/\/vimagazine.com.br\/index.php?rest_route=\/wp\/v2\/posts"}],"about":[{"href":"https:\/\/vimagazine.com.br\/index.php?rest_route=\/wp\/v2\/types\/post"}],"author":[{"embeddable":true,"href":"https:\/\/vimagazine.com.br\/index.php?rest_route=\/wp\/v2\/users\/18"}],"replies":[{"embeddable":true,"href":"https:\/\/vimagazine.com.br\/index.php?rest_route=%2Fwp%2Fv2%2Fcomments&post=8452"}],"version-history":[{"count":3,"href":"https:\/\/vimagazine.com.br\/index.php?rest_route=\/wp\/v2\/posts\/8452\/revisions"}],"predecessor-version":[{"id":8458,"href":"https:\/\/vimagazine.com.br\/index.php?rest_route=\/wp\/v2\/posts\/8452\/revisions\/8458"}],"wp:featuredmedia":[{"embeddable":true,"href":"https:\/\/vimagazine.com.br\/index.php?rest_route=\/wp\/v2\/media\/8457"}],"wp:attachment":[{"href":"https:\/\/vimagazine.com.br\/index.php?rest_route=%2Fwp%2Fv2%2Fmedia&parent=8452"}],"wp:term":[{"taxonomy":"category","embeddable":true,"href":"https:\/\/vimagazine.com.br\/index.php?rest_route=%2Fwp%2Fv2%2Fcategories&post=8452"},{"taxonomy":"post_tag","embeddable":true,"href":"https:\/\/vimagazine.com.br\/index.php?rest_route=%2Fwp%2Fv2%2Ftags&post=8452"}],"curies":[{"name":"wp","href":"https:\/\/api.w.org\/{rel}","templated":true}]}}