{"id":8466,"date":"2023-02-08T05:40:45","date_gmt":"2023-02-08T08:40:45","guid":{"rendered":"https:\/\/vimagazine.com.br\/?p=8466"},"modified":"2023-02-08T05:40:49","modified_gmt":"2023-02-08T08:40:49","slug":"amizades-e-amores-qual-a-verdade-e-a-essencia-dessas-palavras%ef%bf%bc%ef%bf%bc","status":"publish","type":"post","link":"https:\/\/vimagazine.com.br\/?p=8466","title":{"rendered":"Amizades e amores: qual a verdade e a ess\u00eancia dessas palavras?\ufffc\ufffc"},"content":{"rendered":"\n<p>A vida em alguns momentos nos reserva segundos, minutos, horas e dias t\u00e3o dif\u00edceis que se por um lado nos trazem sofrimentos, por outro nos revelam quem \u00e9 quem em nossas vidas.<\/p>\n\n\n\n<p>Na atual conjuntura, amor e amizade s\u00e3o palavras que ca\u00edram de maneira lastim\u00e1vel e nojenta na vala comum da hipocrisia. N\u00e3o sabemos quem s\u00e3o nossos amigos e muito menos amores verdadeiros. Salvo rar\u00edssimas exce\u00e7\u00f5es. Sequer sabemos se temos amores ou oportunistas que aparecem em um estalar de dedos como verdadeiros sanguessugas. Bom que a m\u00e1scara cai.<\/p>\n\n\n\n<p>Ao longo da minha trajet\u00f3ria de vida atrav\u00e9s de experi\u00eancias amargas aprendi que quem nos ama de verdade e tem por n\u00f3s amizade genu\u00edna, n\u00e3o verbaliza tais sentimentos, ou seja, n\u00e3o fala. Mas sim os transmite com atitudes.<\/p>\n\n\n\n<p>Portanto, a frieza da racionalidade nos projeta a viver com os p\u00e9s fincados no ch\u00e3o sem, contudo, ao mesmo tempo perder a f\u00e9 e o otimismo, mas sim de sermos realistas conosco e com o nosso pr\u00f3ximo. Por n\u00e3o defender lados, buscar ser \u00e9tico e viver sinceramente vejo que os caminhos se fecham bastante para mim. No entanto, percebo tamb\u00e9m, que a despeito de tudo um universo imenso de oportunidades que valem a pena se descortina a frente dos meus olhos. Acreditem e sigam em frente. Tudo passa, inclusive, n\u00f3s. N\u00e3o se esque\u00e7a, as m\u00e1scaras caem. N\u00e3o \u00e9 indireta e sim um fato. Nem tem como ser indireta porque quem me conhece sabe que n\u00e3o tenho papas na l\u00edngua.<\/p>\n\n\n\n<p>Texto: Jo\u00e3o Costa<\/p>\n","protected":false},"excerpt":{"rendered":"<p>A vida em alguns momentos nos reserva segundos, minutos, horas e dias t\u00e3o dif\u00edceis que&#8230;<\/p>\n","protected":false},"author":2,"featured_media":8467,"comment_status":"closed","ping_status":"open","sticky":false,"template":"","format":"standard","meta":{"om_disable_all_campaigns":false,"_monsterinsights_skip_tracking":false,"_monsterinsights_sitenote_active":false,"_monsterinsights_sitenote_note":"","_monsterinsights_sitenote_category":0,"spay_email":""},"categories":[27],"tags":[569,570,144,568],"jetpack_featured_media_url":"https:\/\/vimagazine.com.br\/wp-content\/uploads\/2023\/02\/c3e1d3f1-60e7-4da2-83b0-3211bd0c736b.jpg","_links":{"self":[{"href":"https:\/\/vimagazine.com.br\/index.php?rest_route=\/wp\/v2\/posts\/8466"}],"collection":[{"href":"https:\/\/vimagazine.com.br\/index.php?rest_route=\/wp\/v2\/posts"}],"about":[{"href":"https:\/\/vimagazine.com.br\/index.php?rest_route=\/wp\/v2\/types\/post"}],"author":[{"embeddable":true,"href":"https:\/\/vimagazine.com.br\/index.php?rest_route=\/wp\/v2\/users\/2"}],"replies":[{"embeddable":true,"href":"https:\/\/vimagazine.com.br\/index.php?rest_route=%2Fwp%2Fv2%2Fcomments&post=8466"}],"version-history":[{"count":1,"href":"https:\/\/vimagazine.com.br\/index.php?rest_route=\/wp\/v2\/posts\/8466\/revisions"}],"predecessor-version":[{"id":8468,"href":"https:\/\/vimagazine.com.br\/index.php?rest_route=\/wp\/v2\/posts\/8466\/revisions\/8468"}],"wp:featuredmedia":[{"embeddable":true,"href":"https:\/\/vimagazine.com.br\/index.php?rest_route=\/wp\/v2\/media\/8467"}],"wp:attachment":[{"href":"https:\/\/vimagazine.com.br\/index.php?rest_route=%2Fwp%2Fv2%2Fmedia&parent=8466"}],"wp:term":[{"taxonomy":"category","embeddable":true,"href":"https:\/\/vimagazine.com.br\/index.php?rest_route=%2Fwp%2Fv2%2Fcategories&post=8466"},{"taxonomy":"post_tag","embeddable":true,"href":"https:\/\/vimagazine.com.br\/index.php?rest_route=%2Fwp%2Fv2%2Ftags&post=8466"}],"curies":[{"name":"wp","href":"https:\/\/api.w.org\/{rel}","templated":true}]}}