{"id":8506,"date":"2023-02-08T19:15:34","date_gmt":"2023-02-08T22:15:34","guid":{"rendered":"https:\/\/vimagazine.com.br\/?p=8506"},"modified":"2023-02-08T19:15:38","modified_gmt":"2023-02-08T22:15:38","slug":"take-a-trap-traz-orochi-e-cabelinho-no-carnaval-de-balneario-camboriu","status":"publish","type":"post","link":"https:\/\/vimagazine.com.br\/?p=8506","title":{"rendered":"Take a Trap traz Orochi e Cabelinho no Carnaval de Balne\u00e1rio Cambori\u00fa"},"content":{"rendered":"\n<p>A label Take a Trap desembarca no Expocentro Balne\u00e1rio Cambori\u00fa J\u00falio Tedesco, no dia 19 de fevereiro, para um carnaval com muita m\u00fasica. Com um line up de peso, que promete n\u00e3o deixar ningu\u00e9m parado, a festa ter\u00e1 Cabelinho, Orochi, Lumi, Dj Neto, Walkker, MC Laysson e Dj Ninja.<\/p>\n\n\n\n<p>O show ter\u00e1 tr\u00eas setores, open bar, com gin, vodka, energ\u00e9tico, \u00e1gua e refrigerante, setor open chopp, com chopp, \u00e1gua e refrigerante e setor pista, sem consuma\u00e7\u00e3o.<\/p>\n\n\n\n<p>Os port\u00f5es abrem \u00e0s 21h e os ingressos est\u00e3o \u00e0 venda no site Ingresso Nacional.\u00a0Reserva de camarotes (47) 99644-4256.\u00a0Realiza\u00e7\u00e3o: TAKE PRODUTORA E HABITAR PRODU\u00c7\u00d5ES.<\/p>\n\n\n\n<figure class=\"wp-block-image size-large\"><img width=\"819\" height=\"1024\" src=\"https:\/\/vimagazine.com.br\/wp-content\/uploads\/2023\/02\/Cabelinho-819x1024.jpeg\" alt=\"\" class=\"wp-image-8508\" srcset=\"https:\/\/vimagazine.com.br\/wp-content\/uploads\/2023\/02\/Cabelinho-819x1024.jpeg 819w, https:\/\/vimagazine.com.br\/wp-content\/uploads\/2023\/02\/Cabelinho-240x300.jpeg 240w, https:\/\/vimagazine.com.br\/wp-content\/uploads\/2023\/02\/Cabelinho-768x960.jpeg 768w, https:\/\/vimagazine.com.br\/wp-content\/uploads\/2023\/02\/Cabelinho-1229x1536.jpeg 1229w, https:\/\/vimagazine.com.br\/wp-content\/uploads\/2023\/02\/Cabelinho-1024x1280.jpeg 1024w, https:\/\/vimagazine.com.br\/wp-content\/uploads\/2023\/02\/Cabelinho.jpeg 1536w\" sizes=\"(max-width: 819px) 100vw, 819px\" \/><\/figure>\n\n\n\n<p><strong><u>Servi\u00e7o:<\/u><\/strong><br><strong>Data:&nbsp;<\/strong>19 de fevereiro<br><strong>Abertura dos port\u00f5es:<\/strong>&nbsp;21 horas<br><strong>Venda de ingressos:<\/strong>&nbsp;Ingresso Nacional<br><strong>Expocentro Balne\u00e1rio Cambori\u00fa J\u00falio Tedesco<\/strong><br><strong>Contato:<\/strong><br>47 &#8211; 3228-1700<br>47 &#8211; 3228-1701<br>Av. Marginal Oeste- Balne\u00e1rio Cambori\u00fa-SC<br>@expocentrobc<br><a>www.expocentrobc.com.br<\/a><\/p>\n","protected":false},"excerpt":{"rendered":"<p>A label Take a Trap desembarca no Expocentro Balne\u00e1rio Cambori\u00fa J\u00falio Tedesco, no dia 19&#8230;<\/p>\n","protected":false},"author":3,"featured_media":8507,"comment_status":"closed","ping_status":"open","sticky":false,"template":"","format":"standard","meta":{"om_disable_all_campaigns":false,"_monsterinsights_skip_tracking":false,"_monsterinsights_sitenote_active":false,"_monsterinsights_sitenote_note":"","_monsterinsights_sitenote_category":0,"spay_email":""},"categories":[1],"tags":[],"jetpack_featured_media_url":"https:\/\/vimagazine.com.br\/wp-content\/uploads\/2023\/02\/Orochi-e1675894419491.jpeg","_links":{"self":[{"href":"https:\/\/vimagazine.com.br\/index.php?rest_route=\/wp\/v2\/posts\/8506"}],"collection":[{"href":"https:\/\/vimagazine.com.br\/index.php?rest_route=\/wp\/v2\/posts"}],"about":[{"href":"https:\/\/vimagazine.com.br\/index.php?rest_route=\/wp\/v2\/types\/post"}],"author":[{"embeddable":true,"href":"https:\/\/vimagazine.com.br\/index.php?rest_route=\/wp\/v2\/users\/3"}],"replies":[{"embeddable":true,"href":"https:\/\/vimagazine.com.br\/index.php?rest_route=%2Fwp%2Fv2%2Fcomments&post=8506"}],"version-history":[{"count":1,"href":"https:\/\/vimagazine.com.br\/index.php?rest_route=\/wp\/v2\/posts\/8506\/revisions"}],"predecessor-version":[{"id":8509,"href":"https:\/\/vimagazine.com.br\/index.php?rest_route=\/wp\/v2\/posts\/8506\/revisions\/8509"}],"wp:featuredmedia":[{"embeddable":true,"href":"https:\/\/vimagazine.com.br\/index.php?rest_route=\/wp\/v2\/media\/8507"}],"wp:attachment":[{"href":"https:\/\/vimagazine.com.br\/index.php?rest_route=%2Fwp%2Fv2%2Fmedia&parent=8506"}],"wp:term":[{"taxonomy":"category","embeddable":true,"href":"https:\/\/vimagazine.com.br\/index.php?rest_route=%2Fwp%2Fv2%2Fcategories&post=8506"},{"taxonomy":"post_tag","embeddable":true,"href":"https:\/\/vimagazine.com.br\/index.php?rest_route=%2Fwp%2Fv2%2Ftags&post=8506"}],"curies":[{"name":"wp","href":"https:\/\/api.w.org\/{rel}","templated":true}]}}