{"id":8510,"date":"2023-02-08T19:20:50","date_gmt":"2023-02-08T22:20:50","guid":{"rendered":"https:\/\/vimagazine.com.br\/?p=8510"},"modified":"2023-02-08T19:20:54","modified_gmt":"2023-02-08T22:20:54","slug":"rede-de-supermercados-oferece-ginastica-gratuita-nas-lojas-da-grande-florianopolis","status":"publish","type":"post","link":"https:\/\/vimagazine.com.br\/?p=8510","title":{"rendered":"Rede de supermercados oferece gin\u00e1stica gratuita nas lojas da Grande Florian\u00f3polis"},"content":{"rendered":"\n<p><em>As aulas s\u00e3o acompanhadas por um professor e realizadas no Bistek de Florian\u00f3polis, Palho\u00e7a e S\u00e3o Jos\u00e9.<\/em><\/p>\n\n\n\n<p>O Bistek Supermercados vai retomar, a partir do dia 7, o Projeto Bem Estar &#8211; Gin\u00e1stica Para Todos, com atividades f\u00edsicas para clientes de todas as idades. As aulas ser\u00e3o realizadas nas lojas de Florian\u00f3polis, S\u00e3o Jos\u00e9 e Palho\u00e7a, com exerc\u00edcios de coordena\u00e7\u00e3o motora, aer\u00f3bicos, for\u00e7a, flexibilidade, equil\u00edbrio, relaxamento e resist\u00eancia muscular.<\/p>\n\n\n\n<p>As aulas ser\u00e3o realizadas em dias e hor\u00e1rios pr\u00e9-definidos semanalmente e ser\u00e3o acompanhadas por um treinador. O cronograma completo estar\u00e1 dispon\u00edvel no site institucional do Bistek Supermercados (<a href=\"http:\/\/www.institucional.bistek.com.br\/\" target=\"_blank\" rel=\"noreferrer noopener\">www.institucional.bistek.com.br<\/a>) e as inscri\u00e7\u00f5es podem ser feitas atrav\u00e9s do link: <a href=\"https:\/\/forms.gle\/xwNEieHMtsP6UGLN6\" target=\"_blank\" rel=\"noreferrer noopener\">https:\/\/forms.gle\/xwNEieHMtsP6UGLN6<\/a><\/p>\n\n\n\n<p>Ao se inscrever, cada cliente recebe a camiseta do projeto e alguns brindes. A cada tr\u00eas meses os grupos fazem atividades ao ar livre, como treinos em praias e espa\u00e7os p\u00fablicos da regi\u00e3o. At\u00e9 o fim do ano, o projeto deve ser expandido para as 22 lojas da rede.<\/p>\n\n\n\n<p><strong>Celina Keppeler<\/strong><\/p>\n","protected":false},"excerpt":{"rendered":"<p>As aulas s\u00e3o acompanhadas por um professor e realizadas no Bistek de Florian\u00f3polis, Palho\u00e7a e&#8230;<\/p>\n","protected":false},"author":3,"featured_media":8511,"comment_status":"closed","ping_status":"open","sticky":false,"template":"","format":"standard","meta":{"om_disable_all_campaigns":false,"_monsterinsights_skip_tracking":false,"_monsterinsights_sitenote_active":false,"_monsterinsights_sitenote_note":"","_monsterinsights_sitenote_category":0,"spay_email":""},"categories":[1],"tags":[],"jetpack_featured_media_url":"https:\/\/vimagazine.com.br\/wp-content\/uploads\/2023\/02\/Projeto-Bem-Estar-e1675894737175.jpeg","_links":{"self":[{"href":"https:\/\/vimagazine.com.br\/index.php?rest_route=\/wp\/v2\/posts\/8510"}],"collection":[{"href":"https:\/\/vimagazine.com.br\/index.php?rest_route=\/wp\/v2\/posts"}],"about":[{"href":"https:\/\/vimagazine.com.br\/index.php?rest_route=\/wp\/v2\/types\/post"}],"author":[{"embeddable":true,"href":"https:\/\/vimagazine.com.br\/index.php?rest_route=\/wp\/v2\/users\/3"}],"replies":[{"embeddable":true,"href":"https:\/\/vimagazine.com.br\/index.php?rest_route=%2Fwp%2Fv2%2Fcomments&post=8510"}],"version-history":[{"count":1,"href":"https:\/\/vimagazine.com.br\/index.php?rest_route=\/wp\/v2\/posts\/8510\/revisions"}],"predecessor-version":[{"id":8512,"href":"https:\/\/vimagazine.com.br\/index.php?rest_route=\/wp\/v2\/posts\/8510\/revisions\/8512"}],"wp:featuredmedia":[{"embeddable":true,"href":"https:\/\/vimagazine.com.br\/index.php?rest_route=\/wp\/v2\/media\/8511"}],"wp:attachment":[{"href":"https:\/\/vimagazine.com.br\/index.php?rest_route=%2Fwp%2Fv2%2Fmedia&parent=8510"}],"wp:term":[{"taxonomy":"category","embeddable":true,"href":"https:\/\/vimagazine.com.br\/index.php?rest_route=%2Fwp%2Fv2%2Fcategories&post=8510"},{"taxonomy":"post_tag","embeddable":true,"href":"https:\/\/vimagazine.com.br\/index.php?rest_route=%2Fwp%2Fv2%2Ftags&post=8510"}],"curies":[{"name":"wp","href":"https:\/\/api.w.org\/{rel}","templated":true}]}}