{"id":8523,"date":"2023-02-10T14:08:23","date_gmt":"2023-02-10T17:08:23","guid":{"rendered":"https:\/\/vimagazine.com.br\/?p=8523"},"modified":"2023-02-10T14:08:26","modified_gmt":"2023-02-10T17:08:26","slug":"thiago-de-moraes-recebe-homenagem-destaque-in-foco-como-ativista-dos-direitos-humanos","status":"publish","type":"post","link":"https:\/\/vimagazine.com.br\/?p=8523","title":{"rendered":"Thiago de Moraes recebe homenagem Destaque In Foco como ativista dos Direitos Humanos"},"content":{"rendered":"\n<p><\/p>\n\n\n\n<p class=\"has-medium-font-size\">O famoso jurista, procurador, cientista pol\u00edtico e especialista em Direitos Humanos, Professor Dr. Thiago de Moraes\u00a0recebeu do colunista Raimundo Nonato a homenagem Destaque In Foco da Coluna Destaque 43 anos por sua brilhante carreira profissional.\u00a0<\/p>\n\n\n\n<p class=\"has-medium-font-size\">Thiago de Moraes que \u00e9 um grande defensor dos Direitos Humanos, com v\u00e1rias condecora\u00e7\u00f5es, medalhas e m\u00e9ritos recebidas em sua carreira, recebeu o comunicado dessa homenagem com surpresa e gratid\u00e3o.<\/p>\n\n\n\n<p class=\"has-medium-font-size\">Thiago&nbsp;pensa um mundo igualit\u00e1rio apesar&nbsp;de&nbsp;ut\u00f3pico, ele sonha com uma realidade&nbsp;de&nbsp;uma sociedade justa e solid\u00e1ria. N\u00e3o nega sua ideologia como cientista pol\u00edtico, mas acredita na criatividade do ser humano na sua evolu\u00e7\u00e3o.&nbsp; &nbsp;&nbsp;<\/p>\n\n\n\n<p class=\"has-medium-font-size\">Defensor da liberdade,&nbsp;da&nbsp;democracia e da justi\u00e7a solid\u00e1ria. E os seus projetos s\u00e3o voltados a esses prop\u00f3sitos objetivos pensando no coletivo.&nbsp;<\/p>\n\n\n\n<p class=\"has-medium-font-size\">Criador do Justi\u00e7a Solid\u00e1ria e do Memorial e Museu 17\u00a0de\u00a0Mar\u00e7o,\u00a0Thiago\u00a0ministra cursos e palestras\u00a0de\u00a0v\u00e1rios assuntos e prepara uma agenda\u00a0de\u00a0entrevistas que realizar\u00e1 em\u00a0seu canal\u00a0de\u00a0Podcast e TV.\u00a0<br>Thiago\u00a0de\u00a0Moraes\u00a0um homem a frente dos\u00a0diversos\u00a0questionamentos humanit\u00e1rios e intelectuais onde\u00a0ele aprofunda e compartilha seu conhecimento em suas diversas obras liter\u00e1rias.\u00a0<\/p>\n\n\n\n<p> www.thiagodemoraes.com.br<\/p>\n\n\n\n<p>@thiagodmoraesoficial&nbsp;<\/p>\n","protected":false},"excerpt":{"rendered":"<p>O famoso jurista, procurador, cientista pol\u00edtico e especialista em Direitos Humanos, Professor Dr. Thiago de&#8230;<\/p>\n","protected":false},"author":1,"featured_media":8524,"comment_status":"closed","ping_status":"open","sticky":false,"template":"","format":"standard","meta":{"om_disable_all_campaigns":false,"_monsterinsights_skip_tracking":false,"_monsterinsights_sitenote_active":false,"_monsterinsights_sitenote_note":"","_monsterinsights_sitenote_category":0,"spay_email":""},"categories":[26],"tags":[],"jetpack_featured_media_url":"https:\/\/vimagazine.com.br\/wp-content\/uploads\/2023\/02\/WhatsApp-Image-2023-01-31-at-16.31.57.jpeg","_links":{"self":[{"href":"https:\/\/vimagazine.com.br\/index.php?rest_route=\/wp\/v2\/posts\/8523"}],"collection":[{"href":"https:\/\/vimagazine.com.br\/index.php?rest_route=\/wp\/v2\/posts"}],"about":[{"href":"https:\/\/vimagazine.com.br\/index.php?rest_route=\/wp\/v2\/types\/post"}],"author":[{"embeddable":true,"href":"https:\/\/vimagazine.com.br\/index.php?rest_route=\/wp\/v2\/users\/1"}],"replies":[{"embeddable":true,"href":"https:\/\/vimagazine.com.br\/index.php?rest_route=%2Fwp%2Fv2%2Fcomments&post=8523"}],"version-history":[{"count":1,"href":"https:\/\/vimagazine.com.br\/index.php?rest_route=\/wp\/v2\/posts\/8523\/revisions"}],"predecessor-version":[{"id":8525,"href":"https:\/\/vimagazine.com.br\/index.php?rest_route=\/wp\/v2\/posts\/8523\/revisions\/8525"}],"wp:featuredmedia":[{"embeddable":true,"href":"https:\/\/vimagazine.com.br\/index.php?rest_route=\/wp\/v2\/media\/8524"}],"wp:attachment":[{"href":"https:\/\/vimagazine.com.br\/index.php?rest_route=%2Fwp%2Fv2%2Fmedia&parent=8523"}],"wp:term":[{"taxonomy":"category","embeddable":true,"href":"https:\/\/vimagazine.com.br\/index.php?rest_route=%2Fwp%2Fv2%2Fcategories&post=8523"},{"taxonomy":"post_tag","embeddable":true,"href":"https:\/\/vimagazine.com.br\/index.php?rest_route=%2Fwp%2Fv2%2Ftags&post=8523"}],"curies":[{"name":"wp","href":"https:\/\/api.w.org\/{rel}","templated":true}]}}