{"id":8644,"date":"2023-02-12T23:54:36","date_gmt":"2023-02-13T02:54:36","guid":{"rendered":"https:\/\/vimagazine.com.br\/?p=8644"},"modified":"2023-02-12T23:54:37","modified_gmt":"2023-02-13T02:54:37","slug":"rp-alan-victor-prestigia-o-baile-da-vogue-2023","status":"publish","type":"post","link":"https:\/\/vimagazine.com.br\/?p=8644","title":{"rendered":"RP Alan Victor prestigia o Baile da Vogue 2023"},"content":{"rendered":"\n<p><\/p>\n\n\n\n<p class=\"has-medium-font-size\">Na \u00faltima sexta-feira, 10\/02, o rela\u00e7\u00f5es-p\u00fablicas do Camarote Rio Praia, Alan Victor marcou presen\u00e7a no badalado Baile da Vogue 2023, no Copacabana Palace. Neste ano, o evento fashion teve o tema &#8216;Sonho de Uma Noite de Ver\u00e3o&#8217;, e reuniu grandes famosos e personalidades como Deborah Secco, Juliette, Carlinhos Maia, Lucas Guimar\u00e3es, Narcisa Tamborindeguy, Carol Sampaio, Diogenes Queiroz, Bruno Chateaubriand, Vanessa Giacomo, Erika Januza, entre outros.<\/p>\n\n\n\n<p class=\"has-medium-font-size\">&#8220;Foi incr\u00edvel participar de um evento t\u00e3o luxuoso e grandioso do universo da moda com o carnaval. Muito feliz em estar no baile mais famoso do Brasil, e sentir essa energia, uma pr\u00e9via do carnaval na Sapuca\u00ed&#8221;, ressalta Alan Victor.<\/p>\n\n\n\n<figure class=\"wp-container-2 wp-block-gallery-1 wp-block-gallery has-nested-images columns-default is-cropped\">\n<figure class=\"wp-block-image size-large\"><img width=\"1200\" height=\"1600\" data-id=\"8645\"  src=\"https:\/\/vimagazine.com.br\/wp-content\/uploads\/2023\/02\/Alan-Victor.jpg\" alt=\"\" class=\"wp-image-8645\" srcset=\"https:\/\/vimagazine.com.br\/wp-content\/uploads\/2023\/02\/Alan-Victor.jpg 1200w, https:\/\/vimagazine.com.br\/wp-content\/uploads\/2023\/02\/Alan-Victor-225x300.jpg 225w, https:\/\/vimagazine.com.br\/wp-content\/uploads\/2023\/02\/Alan-Victor-768x1024.jpg 768w, https:\/\/vimagazine.com.br\/wp-content\/uploads\/2023\/02\/Alan-Victor-1152x1536.jpg 1152w, https:\/\/vimagazine.com.br\/wp-content\/uploads\/2023\/02\/Alan-Victor-1024x1365.jpg 1024w\" sizes=\"(max-width: 1200px) 100vw, 1200px\" \/><figcaption>Alan Victor<\/figcaption><\/figure>\n\n\n\n<figure class=\"wp-block-image size-large\"><img width=\"1200\" height=\"1600\" data-id=\"8646\"  src=\"https:\/\/vimagazine.com.br\/wp-content\/uploads\/2023\/02\/Alan-Victor-Vanessa-Giacomo-Erika-Januza.jpg\" alt=\"\" class=\"wp-image-8646\" srcset=\"https:\/\/vimagazine.com.br\/wp-content\/uploads\/2023\/02\/Alan-Victor-Vanessa-Giacomo-Erika-Januza.jpg 1200w, https:\/\/vimagazine.com.br\/wp-content\/uploads\/2023\/02\/Alan-Victor-Vanessa-Giacomo-Erika-Januza-225x300.jpg 225w, https:\/\/vimagazine.com.br\/wp-content\/uploads\/2023\/02\/Alan-Victor-Vanessa-Giacomo-Erika-Januza-768x1024.jpg 768w, https:\/\/vimagazine.com.br\/wp-content\/uploads\/2023\/02\/Alan-Victor-Vanessa-Giacomo-Erika-Januza-1152x1536.jpg 1152w, https:\/\/vimagazine.com.br\/wp-content\/uploads\/2023\/02\/Alan-Victor-Vanessa-Giacomo-Erika-Januza-1024x1365.jpg 1024w\" sizes=\"(max-width: 1200px) 100vw, 1200px\" \/><figcaption>Vanessa Giacomo, Erika Januza e Alan Victor,<\/figcaption><\/figure>\n\n\n\n<figure class=\"wp-block-image size-large\"><img width=\"1200\" height=\"1795\" data-id=\"8647\"  src=\"https:\/\/vimagazine.com.br\/wp-content\/uploads\/2023\/02\/Alan-Victor-Carlinhos-Maia-e-Lucas-Guimaraes.jpg\" alt=\"\" class=\"wp-image-8647\" srcset=\"https:\/\/vimagazine.com.br\/wp-content\/uploads\/2023\/02\/Alan-Victor-Carlinhos-Maia-e-Lucas-Guimaraes.jpg 1200w, https:\/\/vimagazine.com.br\/wp-content\/uploads\/2023\/02\/Alan-Victor-Carlinhos-Maia-e-Lucas-Guimaraes-201x300.jpg 201w, https:\/\/vimagazine.com.br\/wp-content\/uploads\/2023\/02\/Alan-Victor-Carlinhos-Maia-e-Lucas-Guimaraes-685x1024.jpg 685w, https:\/\/vimagazine.com.br\/wp-content\/uploads\/2023\/02\/Alan-Victor-Carlinhos-Maia-e-Lucas-Guimaraes-768x1149.jpg 768w, https:\/\/vimagazine.com.br\/wp-content\/uploads\/2023\/02\/Alan-Victor-Carlinhos-Maia-e-Lucas-Guimaraes-1027x1536.jpg 1027w, https:\/\/vimagazine.com.br\/wp-content\/uploads\/2023\/02\/Alan-Victor-Carlinhos-Maia-e-Lucas-Guimaraes-1024x1532.jpg 1024w\" sizes=\"(max-width: 1200px) 100vw, 1200px\" \/><figcaption> Carlinhos Maia , Alan Victor e Lucas Guimaraes<\/figcaption><\/figure>\n\n\n\n<figure class=\"wp-block-image size-large\"><img width=\"1200\" height=\"1599\" data-id=\"8648\"  src=\"https:\/\/vimagazine.com.br\/wp-content\/uploads\/2023\/02\/photo-116.jpg\" alt=\"\" class=\"wp-image-8648\" srcset=\"https:\/\/vimagazine.com.br\/wp-content\/uploads\/2023\/02\/photo-116.jpg 1200w, https:\/\/vimagazine.com.br\/wp-content\/uploads\/2023\/02\/photo-116-225x300.jpg 225w, https:\/\/vimagazine.com.br\/wp-content\/uploads\/2023\/02\/photo-116-768x1023.jpg 768w, https:\/\/vimagazine.com.br\/wp-content\/uploads\/2023\/02\/photo-116-1153x1536.jpg 1153w, https:\/\/vimagazine.com.br\/wp-content\/uploads\/2023\/02\/photo-116-1024x1364.jpg 1024w\" sizes=\"(max-width: 1200px) 100vw, 1200px\" \/><\/figure>\n<\/figure>\n","protected":false},"excerpt":{"rendered":"<p>Na \u00faltima sexta-feira, 10\/02, o rela\u00e7\u00f5es-p\u00fablicas do Camarote Rio Praia, Alan Victor marcou presen\u00e7a no&#8230;<\/p>\n","protected":false},"author":1,"featured_media":8649,"comment_status":"closed","ping_status":"open","sticky":false,"template":"","format":"standard","meta":{"om_disable_all_campaigns":false,"_monsterinsights_skip_tracking":false,"_monsterinsights_sitenote_active":false,"_monsterinsights_sitenote_note":"","_monsterinsights_sitenote_category":0,"spay_email":""},"categories":[1],"tags":[],"jetpack_featured_media_url":"https:\/\/vimagazine.com.br\/wp-content\/uploads\/2023\/02\/RP-Alan-Victor.jpg","_links":{"self":[{"href":"https:\/\/vimagazine.com.br\/index.php?rest_route=\/wp\/v2\/posts\/8644"}],"collection":[{"href":"https:\/\/vimagazine.com.br\/index.php?rest_route=\/wp\/v2\/posts"}],"about":[{"href":"https:\/\/vimagazine.com.br\/index.php?rest_route=\/wp\/v2\/types\/post"}],"author":[{"embeddable":true,"href":"https:\/\/vimagazine.com.br\/index.php?rest_route=\/wp\/v2\/users\/1"}],"replies":[{"embeddable":true,"href":"https:\/\/vimagazine.com.br\/index.php?rest_route=%2Fwp%2Fv2%2Fcomments&post=8644"}],"version-history":[{"count":1,"href":"https:\/\/vimagazine.com.br\/index.php?rest_route=\/wp\/v2\/posts\/8644\/revisions"}],"predecessor-version":[{"id":8650,"href":"https:\/\/vimagazine.com.br\/index.php?rest_route=\/wp\/v2\/posts\/8644\/revisions\/8650"}],"wp:featuredmedia":[{"embeddable":true,"href":"https:\/\/vimagazine.com.br\/index.php?rest_route=\/wp\/v2\/media\/8649"}],"wp:attachment":[{"href":"https:\/\/vimagazine.com.br\/index.php?rest_route=%2Fwp%2Fv2%2Fmedia&parent=8644"}],"wp:term":[{"taxonomy":"category","embeddable":true,"href":"https:\/\/vimagazine.com.br\/index.php?rest_route=%2Fwp%2Fv2%2Fcategories&post=8644"},{"taxonomy":"post_tag","embeddable":true,"href":"https:\/\/vimagazine.com.br\/index.php?rest_route=%2Fwp%2Fv2%2Ftags&post=8644"}],"curies":[{"name":"wp","href":"https:\/\/api.w.org\/{rel}","templated":true}]}}