{"id":8655,"date":"2023-02-13T11:53:10","date_gmt":"2023-02-13T14:53:10","guid":{"rendered":"https:\/\/vimagazine.com.br\/?p=8655"},"modified":"2023-02-13T23:57:40","modified_gmt":"2023-02-14T02:57:40","slug":"estilistas-goianas-maisa-gouveia-e-natalia-gouveia-vestem-nevilla-palmieri-no-baile-da-vogue","status":"publish","type":"post","link":"https:\/\/vimagazine.com.br\/?p=8655","title":{"rendered":"Estilistas goianas, Ma\u00edsa Gouveia e Nat\u00e1lia Gouveia vestem Nevilla Palmieri no Baile da Vogue"},"content":{"rendered":"\n<p>A bel\u00edssima jornalista, comunic\u00f3loga e criadora de conte\u00fado digital Nevilla Palmieri, escolheu um look all pink desenvolvido pelas estilistas goianas Ma\u00edsa Gouveia e Nat\u00e1lia Gouveia para marcar presen\u00e7a no Baile da Vogue.<\/p>\n\n\n\n<p>O look pink glo, monocrom\u00e1tico foi inspirado no surrealismo, a qual o tema do baile foi: Sonho de Uma Noite de Ver\u00e3o. A comunicadora p\u00f4de expressar modernidade e eleg\u00e2ncia atrav\u00e9s do traje luxo Maisa Gouveia &amp; Nat\u00e1lia Gouveia.<\/p>\n\n\n\n<figure class=\"wp-block-image aligncenter size-full is-resized\"><img src=\"https:\/\/vimagazine.com.br\/wp-content\/uploads\/2023\/02\/WhatsApp-Image-2023-02-13-at-08.39.20.jpeg\" alt=\"\" class=\"wp-image-8657\" width=\"597\" height=\"882\" srcset=\"https:\/\/vimagazine.com.br\/wp-content\/uploads\/2023\/02\/WhatsApp-Image-2023-02-13-at-08.39.20.jpeg 693w, https:\/\/vimagazine.com.br\/wp-content\/uploads\/2023\/02\/WhatsApp-Image-2023-02-13-at-08.39.20-203x300.jpeg 203w\" sizes=\"(max-width: 597px) 100vw, 597px\" \/><figcaption>Nevilla Palmieri vestindo Ma\u00edsa Gouveia e Nat\u00e1lia Gouveia no Baile da Vogue &#8211; Foto: Divulga\u00e7\u00e3o<\/figcaption><\/figure>\n\n\n\n<p>As estilistas se tornaram queridinhas das celebridades, logo ap\u00f3s uma impactante apresenta\u00e7\u00e3o de sua cole\u00e7\u00e3o no Copacabana Palace, Rio de Janeiro, no ano passado. Em seguida apresentaram tamb\u00e9m sua \u00faltima cole\u00e7\u00e3o\u201c Luksuz Couture\u201d na passarela portuguesa, onde as estilistas surpreenderam o p\u00fablico europeu, exibindo bel\u00edssimos vestidos de alta costura, apresentados por modelos brasileiras.<\/p>\n\n\n\n<p>Nevilla Palmieri tamb\u00e9m impactou o p\u00fablico nos sal\u00f5es do Copa, ao surgir glamourosa em um look criado especialmente para ela!<\/p>\n\n\n\n<p>Fotos: Divulga\u00e7\u00e3o<\/p>\n","protected":false},"excerpt":{"rendered":"<p>A bel\u00edssima jornalista, comunic\u00f3loga e criadora de conte\u00fado digital Nevilla Palmieri, escolheu um look all&#8230;<\/p>\n","protected":false},"author":18,"featured_media":8664,"comment_status":"closed","ping_status":"open","sticky":false,"template":"","format":"standard","meta":{"om_disable_all_campaigns":false,"_monsterinsights_skip_tracking":false,"_monsterinsights_sitenote_active":false,"_monsterinsights_sitenote_note":"","_monsterinsights_sitenote_category":0,"spay_email":""},"categories":[1],"tags":[582,581,415,106,108,583,79],"jetpack_featured_media_url":"https:\/\/vimagazine.com.br\/wp-content\/uploads\/2023\/02\/WhatsApp-Image-2023-02-13-at-08.39.21-1.jpeg","_links":{"self":[{"href":"https:\/\/vimagazine.com.br\/index.php?rest_route=\/wp\/v2\/posts\/8655"}],"collection":[{"href":"https:\/\/vimagazine.com.br\/index.php?rest_route=\/wp\/v2\/posts"}],"about":[{"href":"https:\/\/vimagazine.com.br\/index.php?rest_route=\/wp\/v2\/types\/post"}],"author":[{"embeddable":true,"href":"https:\/\/vimagazine.com.br\/index.php?rest_route=\/wp\/v2\/users\/18"}],"replies":[{"embeddable":true,"href":"https:\/\/vimagazine.com.br\/index.php?rest_route=%2Fwp%2Fv2%2Fcomments&post=8655"}],"version-history":[{"count":2,"href":"https:\/\/vimagazine.com.br\/index.php?rest_route=\/wp\/v2\/posts\/8655\/revisions"}],"predecessor-version":[{"id":8665,"href":"https:\/\/vimagazine.com.br\/index.php?rest_route=\/wp\/v2\/posts\/8655\/revisions\/8665"}],"wp:featuredmedia":[{"embeddable":true,"href":"https:\/\/vimagazine.com.br\/index.php?rest_route=\/wp\/v2\/media\/8664"}],"wp:attachment":[{"href":"https:\/\/vimagazine.com.br\/index.php?rest_route=%2Fwp%2Fv2%2Fmedia&parent=8655"}],"wp:term":[{"taxonomy":"category","embeddable":true,"href":"https:\/\/vimagazine.com.br\/index.php?rest_route=%2Fwp%2Fv2%2Fcategories&post=8655"},{"taxonomy":"post_tag","embeddable":true,"href":"https:\/\/vimagazine.com.br\/index.php?rest_route=%2Fwp%2Fv2%2Ftags&post=8655"}],"curies":[{"name":"wp","href":"https:\/\/api.w.org\/{rel}","templated":true}]}}