{"id":8679,"date":"2023-02-14T18:15:11","date_gmt":"2023-02-14T21:15:11","guid":{"rendered":"https:\/\/vimagazine.com.br\/?p=8679"},"modified":"2023-02-14T18:15:13","modified_gmt":"2023-02-14T21:15:13","slug":"catuai-realiza-caocurso-de-pets-fantasiados-no-carnaval-inscricoes-estao-abertas","status":"publish","type":"post","link":"https:\/\/vimagazine.com.br\/?p=8679","title":{"rendered":"Catua\u00ed realiza C\u00e3ocurso de pets fantasiados no Carnaval; inscri\u00e7\u00f5es est\u00e3o abertas"},"content":{"rendered":"\n<p><em><strong>Desfile acontece na ter\u00e7a-feira de Carnaval, dia 21, no parque externo do shopping; vencedores podem ganhar vales-compras no total de R$ 3 mil<\/strong><\/em><\/p>\n\n\n\n<p>Todas as fam\u00edlias, inclusive os animais de estima\u00e7\u00e3o, s\u00e3o bem-vindas na folia do Catua\u00ed Maring\u00e1. Dentro da programa\u00e7\u00e3o do Carnaval, o shopping promove na ter\u00e7a-feira (21) o C\u00e3ocurso, um desfile de pets fantasiados com direito \u00e0 premia\u00e7\u00e3o da melhor fantasia. O evento ser\u00e1 realizado \u00e0s 17h na parte externa do shopping, no Parque Trilha da Mata, aos fundos da pra\u00e7a de alimenta\u00e7\u00e3o.<\/p>\n\n\n\n<p>Os vencedores, que ser\u00e3o avaliados pelo j\u00fari e revelados na sequ\u00eancia do desfile, v\u00e3o receber como premia\u00e7\u00e3o vales-compras que totalizam R$ 3 mil para serem utilizados na loja Puket, que oferece uma linha completa e exclusiva de produtos pet. O 1\u00ba lugar recebe um vale-compra de R$ 1,5 mil, o 2\u00ba lugar de R$ 1 mil e o 3\u00ba lugar de R$ 500. Ser\u00e3o contemplados os tr\u00eas pets com a fantasia mais criativa e original.<\/p>\n\n\n\n<figure class=\"wp-block-image size-large\"><img width=\"1024\" height=\"683\" src=\"https:\/\/vimagazine.com.br\/wp-content\/uploads\/2023\/02\/carnaval_pet-1-1024x683.jpg\" alt=\"\" class=\"wp-image-8681\" srcset=\"https:\/\/vimagazine.com.br\/wp-content\/uploads\/2023\/02\/carnaval_pet-1-1024x683.jpg 1024w, https:\/\/vimagazine.com.br\/wp-content\/uploads\/2023\/02\/carnaval_pet-1-300x200.jpg 300w, https:\/\/vimagazine.com.br\/wp-content\/uploads\/2023\/02\/carnaval_pet-1-768x512.jpg 768w, https:\/\/vimagazine.com.br\/wp-content\/uploads\/2023\/02\/carnaval_pet-1.jpg 1500w\" sizes=\"(max-width: 1024px) 100vw, 1024px\" \/><\/figure>\n\n\n\n<p>A inscri\u00e7\u00e3o para participar do desfile \u00e9 gratuita e pode ser realizada no site&nbsp;<a href=\"https:\/\/is.gd\/catuaimaringacaocurso\" target=\"_blank\" rel=\"noreferrer noopener\">https:\/\/is.gd\/catuaimaringacaocurso<\/a>. As inscri\u00e7\u00f5es s\u00e3o limitadas. Para confirmar a participa\u00e7\u00e3o, a organiza\u00e7\u00e3o do C\u00e3ocurso solicita aos inscritos que, no dia do evento, fa\u00e7am a doa\u00e7\u00e3o de um pacote de 2kg de ra\u00e7\u00e3o. Toda a ra\u00e7\u00e3o acumulada com as doa\u00e7\u00f5es ser\u00e1 encaminhada para o Projeto Vira Pet, ONG maringaense que recolhe animais de rua, e que estar\u00e1 presente no Carnaval do Catua\u00ed com uma feirinha de ado\u00e7\u00e3o.<\/p>\n\n\n\n<p>Todos os c\u00e3es competidores devem utilizar guia e estarem acompanhados de seus tutores. Podem participar do C\u00e3ocurso animais de pequeno, m\u00e9dio e grande porte. \u00c9 obrigat\u00f3rio o uso de focinheira para c\u00e3es de grande porte, como os pertencentes \u00e0s ra\u00e7as Pitbull, Pastor Alem\u00e3o, American Staffordshire Terrier, Dobermann, Rottweiler, Bull Terrier, ra\u00e7as mesti\u00e7as e varia\u00e7\u00f5es destas ra\u00e7as, ou ainda os animais que a organiza\u00e7\u00e3o do evento julgar necess\u00e1ria a utiliza\u00e7\u00e3o de focinheira.<\/p>\n\n\n\n<p>O regulamento completo de participa\u00e7\u00e3o e premia\u00e7\u00e3o do C\u00e3ocurso pode ser consultado no site\u00a0<a href=\"http:\/\/catuaimaringa.com.br\/\" target=\"_blank\" rel=\"noreferrer noopener\">catuaimaringa.com.br<\/a>.<\/p>\n\n\n\n<figure class=\"wp-block-image size-large\"><img width=\"683\" height=\"1024\" src=\"https:\/\/vimagazine.com.br\/wp-content\/uploads\/2023\/02\/carnaval_pet-5-683x1024.jpg\" alt=\"\" class=\"wp-image-8682\" srcset=\"https:\/\/vimagazine.com.br\/wp-content\/uploads\/2023\/02\/carnaval_pet-5-683x1024.jpg 683w, https:\/\/vimagazine.com.br\/wp-content\/uploads\/2023\/02\/carnaval_pet-5-200x300.jpg 200w, https:\/\/vimagazine.com.br\/wp-content\/uploads\/2023\/02\/carnaval_pet-5-768x1152.jpg 768w, https:\/\/vimagazine.com.br\/wp-content\/uploads\/2023\/02\/carnaval_pet-5-1024x1536.jpg 1024w, https:\/\/vimagazine.com.br\/wp-content\/uploads\/2023\/02\/carnaval_pet-5-1365x2048.jpg 1365w, https:\/\/vimagazine.com.br\/wp-content\/uploads\/2023\/02\/carnaval_pet-5.jpg 1500w\" sizes=\"(max-width: 683px) 100vw, 683px\" \/><\/figure>\n\n\n\n<p><br><strong>SERVI\u00c7O &#8211; C\u00e3ocurso de Carnaval<\/strong><br><strong>Data:&nbsp;<\/strong>21 de fevereiro (ter\u00e7a-feira)<br><strong>Hor\u00e1rio:<\/strong>&nbsp;17h<br><strong>Local:&nbsp;<\/strong>Parque Trilha da Mata, no Catua\u00ed Shopping Maring\u00e1<br><strong>Inscri\u00e7\u00f5es:<\/strong>&nbsp;<a href=\"https:\/\/is.gd\/catuaimaringacaocurso\" target=\"_blank\" rel=\"noreferrer noopener\">https:\/\/is.gd\/catuaimaringacaocurso<\/a><br><strong>Regulamento:<\/strong>&nbsp;<a href=\"http:\/\/catuaimaringa.com.br\/\" target=\"_blank\" rel=\"noreferrer noopener\">catuaimaringa.com.br<\/a><\/p>\n\n\n\n<p><strong>Hor\u00e1rios de funcionamento do Catua\u00ed Shopping Maring\u00e1<br>Segunda a s\u00e1bado<\/strong><br>Lojas: 10h \u00e0s 22h<br>Pra\u00e7a de alimenta\u00e7\u00e3o: 11h \u00e0s 22h<br>&nbsp;<br><strong>Domingo e feriados<\/strong><br>Lojas: 14h \u00e0s 20h<br>Pra\u00e7a de alimenta\u00e7\u00e3o: 11h \u00e0s 22h<br>&nbsp;<\/p>\n\n\n\n<p><strong>Catua\u00ed Shopping Maring\u00e1<\/strong><br>Av. Colombo, 9161.<br>Tel. (44) 3123-5000<br><a href=\"http:\/\/www.catuaimaringa.com.br\/\" target=\"_blank\" rel=\"noreferrer noopener\">www.catuaimaringa.com.br<\/a><br><a href=\"http:\/\/www.facebook.com\/catuaimaringa\" target=\"_blank\" rel=\"noreferrer noopener\">www.facebook.com\/catuaimaringa<\/a><\/p>\n\n\n\n<p><strong>Fonte:<\/strong> <strong>Elton Telles<\/strong><\/p>\n","protected":false},"excerpt":{"rendered":"<p>Desfile acontece na ter\u00e7a-feira de Carnaval, dia 21, no parque externo do shopping; vencedores podem&#8230;<\/p>\n","protected":false},"author":3,"featured_media":8680,"comment_status":"closed","ping_status":"open","sticky":false,"template":"","format":"standard","meta":{"om_disable_all_campaigns":false,"_monsterinsights_skip_tracking":false,"_monsterinsights_sitenote_active":false,"_monsterinsights_sitenote_note":"","_monsterinsights_sitenote_category":0,"spay_email":""},"categories":[1],"tags":[],"jetpack_featured_media_url":"https:\/\/vimagazine.com.br\/wp-content\/uploads\/2023\/02\/carnaval_pet-3-e1676409073619.jpg","_links":{"self":[{"href":"https:\/\/vimagazine.com.br\/index.php?rest_route=\/wp\/v2\/posts\/8679"}],"collection":[{"href":"https:\/\/vimagazine.com.br\/index.php?rest_route=\/wp\/v2\/posts"}],"about":[{"href":"https:\/\/vimagazine.com.br\/index.php?rest_route=\/wp\/v2\/types\/post"}],"author":[{"embeddable":true,"href":"https:\/\/vimagazine.com.br\/index.php?rest_route=\/wp\/v2\/users\/3"}],"replies":[{"embeddable":true,"href":"https:\/\/vimagazine.com.br\/index.php?rest_route=%2Fwp%2Fv2%2Fcomments&post=8679"}],"version-history":[{"count":1,"href":"https:\/\/vimagazine.com.br\/index.php?rest_route=\/wp\/v2\/posts\/8679\/revisions"}],"predecessor-version":[{"id":8683,"href":"https:\/\/vimagazine.com.br\/index.php?rest_route=\/wp\/v2\/posts\/8679\/revisions\/8683"}],"wp:featuredmedia":[{"embeddable":true,"href":"https:\/\/vimagazine.com.br\/index.php?rest_route=\/wp\/v2\/media\/8680"}],"wp:attachment":[{"href":"https:\/\/vimagazine.com.br\/index.php?rest_route=%2Fwp%2Fv2%2Fmedia&parent=8679"}],"wp:term":[{"taxonomy":"category","embeddable":true,"href":"https:\/\/vimagazine.com.br\/index.php?rest_route=%2Fwp%2Fv2%2Fcategories&post=8679"},{"taxonomy":"post_tag","embeddable":true,"href":"https:\/\/vimagazine.com.br\/index.php?rest_route=%2Fwp%2Fv2%2Ftags&post=8679"}],"curies":[{"name":"wp","href":"https:\/\/api.w.org\/{rel}","templated":true}]}}