{"id":8725,"date":"2023-02-17T16:39:46","date_gmt":"2023-02-17T19:39:46","guid":{"rendered":"https:\/\/vimagazine.com.br\/?p=8725"},"modified":"2023-02-17T16:39:47","modified_gmt":"2023-02-17T19:39:47","slug":"teresa-kodama-participa-da-exposicao-cooperados-na-galeria-cia-arte-cultura","status":"publish","type":"post","link":"https:\/\/vimagazine.com.br\/?p=8725","title":{"rendered":"Teresa Kodama participa da Exposi\u00e7\u00e3o Cooperados na Galeria Cia Arte Cultura"},"content":{"rendered":"\n<figure class=\"wp-block-image aligncenter size-large is-resized\"><img src=\"https:\/\/vimagazine.com.br\/wp-content\/uploads\/2023\/02\/IMG-20230209-WA00721-819x1024.jpg\" alt=\"\" class=\"wp-image-8726\" width=\"478\" height=\"598\" srcset=\"https:\/\/vimagazine.com.br\/wp-content\/uploads\/2023\/02\/IMG-20230209-WA00721-819x1024.jpg 819w, https:\/\/vimagazine.com.br\/wp-content\/uploads\/2023\/02\/IMG-20230209-WA00721-240x300.jpg 240w, https:\/\/vimagazine.com.br\/wp-content\/uploads\/2023\/02\/IMG-20230209-WA00721-768x960.jpg 768w, https:\/\/vimagazine.com.br\/wp-content\/uploads\/2023\/02\/IMG-20230209-WA00721-1229x1536.jpg 1229w, https:\/\/vimagazine.com.br\/wp-content\/uploads\/2023\/02\/IMG-20230209-WA00721-1024x1280.jpg 1024w, https:\/\/vimagazine.com.br\/wp-content\/uploads\/2023\/02\/IMG-20230209-WA00721.jpg 1280w\" sizes=\"(max-width: 478px) 100vw, 478px\" \/><\/figure>\n\n\n\n<figure class=\"wp-block-image aligncenter size-large is-resized\"><img src=\"https:\/\/vimagazine.com.br\/wp-content\/uploads\/2023\/02\/20230214_194340-461x1024.jpg\" alt=\"\" class=\"wp-image-8727\" width=\"271\" height=\"602\" srcset=\"https:\/\/vimagazine.com.br\/wp-content\/uploads\/2023\/02\/20230214_194340-461x1024.jpg 461w, https:\/\/vimagazine.com.br\/wp-content\/uploads\/2023\/02\/20230214_194340-135x300.jpg 135w, https:\/\/vimagazine.com.br\/wp-content\/uploads\/2023\/02\/20230214_194340-768x1707.jpg 768w, https:\/\/vimagazine.com.br\/wp-content\/uploads\/2023\/02\/20230214_194340-691x1536.jpg 691w, https:\/\/vimagazine.com.br\/wp-content\/uploads\/2023\/02\/20230214_194340.jpg 864w\" sizes=\"(max-width: 271px) 100vw, 271px\" \/><\/figure>\n\n\n\n<p>A Artista Teresa Kodama participa da primeira Exposi\u00e7\u00e3o Coletiva de 2023 da Cia Arte e Cultura, que teve in\u00edcio na Galeria Cia Arte Cultura&nbsp; no dia 14 de fevereiro \u00e0s 18 horas e se encerrar\u00e1 no dia 17 de mar\u00e7o de 2023, no Shopping West Plaza, Avenida Francisco Matarazzo, s\/n, Piso 2, Bloco B.<\/p>\n\n\n\n<p>Teresa Kodama participa, junto a renomados Artistas, com duas obras intituladas &#8220;Entre o Brilho e as Cores&#8221; e &#8220;Vida e Esperan\u00e7a&#8221;.<\/p>\n\n\n\n<p>A Exposi\u00e7\u00e3o est\u00e1 se realizando em agradecimento aos Artistas cooperados da Galeria Cia Arte Cultura, que esbanjam talento.<\/p>\n\n\n\n<p>Em agradecimento aos Artistas que participam ativamente dos projetos Cia Arte Cultura, participam da Exposi\u00e7\u00e3o alguns Artistas convidados, escolhidos exclusivamente pela pr\u00f3pria equipe Cia Arte Cultura para compor est\u00e1 deslumbrante Exposi\u00e7\u00e3o.<\/p>\n\n\n\n<p>&#8220;Agradecimentos a Cia Arte Cultura &#8211; Paco de Assis e Eliana Tsuru &#8211; pelo convite e pelo evento, e deseja sucesso a todos&#8221;, disse Teresa Kodama.<\/p>\n\n\n\n<p>Visitem a Exposi\u00e7\u00e3o e se sintam envolvidos com as obras dos Artistas.<\/p>\n","protected":false},"excerpt":{"rendered":"<p>A Artista Teresa Kodama participa da primeira Exposi\u00e7\u00e3o Coletiva de 2023 da Cia Arte e&#8230;<\/p>\n","protected":false},"author":19,"featured_media":8728,"comment_status":"closed","ping_status":"open","sticky":false,"template":"","format":"standard","meta":{"om_disable_all_campaigns":false,"_monsterinsights_skip_tracking":false,"_monsterinsights_sitenote_active":false,"_monsterinsights_sitenote_note":"","_monsterinsights_sitenote_category":0,"spay_email":""},"categories":[26],"tags":[],"jetpack_featured_media_url":"https:\/\/vimagazine.com.br\/wp-content\/uploads\/2023\/02\/20230214_190447.jpg","_links":{"self":[{"href":"https:\/\/vimagazine.com.br\/index.php?rest_route=\/wp\/v2\/posts\/8725"}],"collection":[{"href":"https:\/\/vimagazine.com.br\/index.php?rest_route=\/wp\/v2\/posts"}],"about":[{"href":"https:\/\/vimagazine.com.br\/index.php?rest_route=\/wp\/v2\/types\/post"}],"author":[{"embeddable":true,"href":"https:\/\/vimagazine.com.br\/index.php?rest_route=\/wp\/v2\/users\/19"}],"replies":[{"embeddable":true,"href":"https:\/\/vimagazine.com.br\/index.php?rest_route=%2Fwp%2Fv2%2Fcomments&post=8725"}],"version-history":[{"count":1,"href":"https:\/\/vimagazine.com.br\/index.php?rest_route=\/wp\/v2\/posts\/8725\/revisions"}],"predecessor-version":[{"id":8729,"href":"https:\/\/vimagazine.com.br\/index.php?rest_route=\/wp\/v2\/posts\/8725\/revisions\/8729"}],"wp:featuredmedia":[{"embeddable":true,"href":"https:\/\/vimagazine.com.br\/index.php?rest_route=\/wp\/v2\/media\/8728"}],"wp:attachment":[{"href":"https:\/\/vimagazine.com.br\/index.php?rest_route=%2Fwp%2Fv2%2Fmedia&parent=8725"}],"wp:term":[{"taxonomy":"category","embeddable":true,"href":"https:\/\/vimagazine.com.br\/index.php?rest_route=%2Fwp%2Fv2%2Fcategories&post=8725"},{"taxonomy":"post_tag","embeddable":true,"href":"https:\/\/vimagazine.com.br\/index.php?rest_route=%2Fwp%2Fv2%2Ftags&post=8725"}],"curies":[{"name":"wp","href":"https:\/\/api.w.org\/{rel}","templated":true}]}}