{"id":8734,"date":"2023-02-18T12:48:17","date_gmt":"2023-02-18T15:48:17","guid":{"rendered":"https:\/\/vimagazine.com.br\/?p=8734"},"modified":"2023-02-18T12:48:18","modified_gmt":"2023-02-18T15:48:18","slug":"carnaval-em-atins-confira-dicas-para-nao-errar-no-planejamento-da-viagem","status":"publish","type":"post","link":"https:\/\/vimagazine.com.br\/?p=8734","title":{"rendered":"Carnaval em Atins: confira dicas para n\u00e3o errar no planejamento da viagem"},"content":{"rendered":"\n<p>Atentar-se a aspectos importantes pode fazer toda a diferen\u00e7a na experi\u00eancia de viagem na regi\u00e3o dos<br>Len\u00e7\u00f3is Maranhenses<\/p>\n\n\n\n<p>O per\u00edodo carnavalesco pode ser o momento ideal para fugir da rotina e viajar. E o Maranh\u00e3o \u00e9 uma<br>\u00f3tima escolha para isso, principalmente se a decis\u00e3o for pelos Len\u00e7\u00f3is Maranhenses, destino tur\u00edstico<br>muito procurado por brasileiros e estrangeiros. Com mais dias dispon\u00edveis gra\u00e7as aos pontos facultativos<br>do carnaval, d\u00e1 para visitar um dos lugares mais remotos e isolados da regi\u00e3o: o vilarejo Atins, no<br>munic\u00edpio de Barreirinhas.<\/p>\n\n\n\n<figure class=\"wp-block-image size-large\"><img width=\"683\" height=\"1024\" src=\"https:\/\/vimagazine.com.br\/wp-content\/uploads\/2023\/02\/O-vilarejo-Atins-e-um-bom-lugar-para-descansar-ou-se-aventurar-durante-o-periodo-carnavalesco-Foto-Divulgacao-Vila-Aty-683x1024.jpg\" alt=\"\" class=\"wp-image-8736\" srcset=\"https:\/\/vimagazine.com.br\/wp-content\/uploads\/2023\/02\/O-vilarejo-Atins-e-um-bom-lugar-para-descansar-ou-se-aventurar-durante-o-periodo-carnavalesco-Foto-Divulgacao-Vila-Aty-683x1024.jpg 683w, https:\/\/vimagazine.com.br\/wp-content\/uploads\/2023\/02\/O-vilarejo-Atins-e-um-bom-lugar-para-descansar-ou-se-aventurar-durante-o-periodo-carnavalesco-Foto-Divulgacao-Vila-Aty-200x300.jpg 200w, https:\/\/vimagazine.com.br\/wp-content\/uploads\/2023\/02\/O-vilarejo-Atins-e-um-bom-lugar-para-descansar-ou-se-aventurar-durante-o-periodo-carnavalesco-Foto-Divulgacao-Vila-Aty-768x1152.jpg 768w, https:\/\/vimagazine.com.br\/wp-content\/uploads\/2023\/02\/O-vilarejo-Atins-e-um-bom-lugar-para-descansar-ou-se-aventurar-durante-o-periodo-carnavalesco-Foto-Divulgacao-Vila-Aty-1024x1536.jpg 1024w, https:\/\/vimagazine.com.br\/wp-content\/uploads\/2023\/02\/O-vilarejo-Atins-e-um-bom-lugar-para-descansar-ou-se-aventurar-durante-o-periodo-carnavalesco-Foto-Divulgacao-Vila-Aty.jpg 1280w\" sizes=\"(max-width: 683px) 100vw, 683px\" \/><\/figure>\n\n\n\n<p>Com dunas, lagoas, praia e o clima tranquilo de suas ruas de areia, \u00e9 poss\u00edvel compreender porque tanta<br>gente deseja conhecer ou retornar ao povoado. Mas \u00e9 bom se atentar a alguns pontos importantes na<br>hora de se planejar para que a viagem seja o mais proveitosa poss\u00edvel.<\/p>\n\n\n\n<p><strong>Hospedagem<\/strong><br>Esse \u00e9 um dos primeiros itens com o qual todo viajante se preocupa. Alguns destinos podem ser<br>escolhidos at\u00e9 mesmo em fun\u00e7\u00e3o dele, pois escolher mal o meio de hospedagem pode sacrificar toda a<br>experi\u00eancia. Por isso, o recomendado \u00e9 n\u00e3o deixar a reserva da hospedagem para a \u00faltima hora, pois<br>haver\u00e1 menos op\u00e7\u00f5es dispon\u00edveis \u00e0 medida que as acomoda\u00e7\u00f5es forem sendo reservadas por outras<br>pessoas.<br>De acordo com dados do Observat\u00f3rio do Turismo do Maranh\u00e3o, no ano passado a m\u00e9dia de ocupa\u00e7\u00e3o<br>em Barreirinhas durante o carnaval foi de 85,9%. \u201cA demanda costuma ser maior no carnaval, assim<br>como em feriados, por isso o ideal \u00e9 n\u00e3o perder tempo e reservar o quanto antes a hospedagem\u201d, avalia<br>Saulo Prazeres, um dos respons\u00e1veis pelo hotel Vila Aty Eco Lodge, localizado em Atins.<\/p>\n\n\n\n<figure class=\"wp-block-image size-large\"><img width=\"1024\" height=\"683\" src=\"https:\/\/vimagazine.com.br\/wp-content\/uploads\/2023\/02\/Quadriciclo-e-um-meio-de-transporte-muito-utilizado-em-deslocamentos-internos-pelo-povoado-Foto-Brian-Baldrati-1024x683.jpg\" alt=\"\" class=\"wp-image-8737\" srcset=\"https:\/\/vimagazine.com.br\/wp-content\/uploads\/2023\/02\/Quadriciclo-e-um-meio-de-transporte-muito-utilizado-em-deslocamentos-internos-pelo-povoado-Foto-Brian-Baldrati-1024x683.jpg 1024w, https:\/\/vimagazine.com.br\/wp-content\/uploads\/2023\/02\/Quadriciclo-e-um-meio-de-transporte-muito-utilizado-em-deslocamentos-internos-pelo-povoado-Foto-Brian-Baldrati-300x200.jpg 300w, https:\/\/vimagazine.com.br\/wp-content\/uploads\/2023\/02\/Quadriciclo-e-um-meio-de-transporte-muito-utilizado-em-deslocamentos-internos-pelo-povoado-Foto-Brian-Baldrati-768x512.jpg 768w, https:\/\/vimagazine.com.br\/wp-content\/uploads\/2023\/02\/Quadriciclo-e-um-meio-de-transporte-muito-utilizado-em-deslocamentos-internos-pelo-povoado-Foto-Brian-Baldrati-1536x1024.jpg 1536w, https:\/\/vimagazine.com.br\/wp-content\/uploads\/2023\/02\/Quadriciclo-e-um-meio-de-transporte-muito-utilizado-em-deslocamentos-internos-pelo-povoado-Foto-Brian-Baldrati.jpg 1920w\" sizes=\"(max-width: 1024px) 100vw, 1024px\" \/><\/figure>\n\n\n\n<p><br><strong>Transporte<\/strong><br>O vilarejo fica a pouco mais de 280 km de S\u00e3o Lu\u00eds. A maior parte dos turistas dirige-se primeiro \u00e0 regi\u00e3o<br>mais central de Barreirinhas (distante cerca de 250 km da capital), onde \u00e9 poss\u00edvel chegar em voo<br>comercial ou privativo, \u00f4nibus, van, t\u00e1xi compartilhado ou privativo e carro pr\u00f3prio ou alugado. Quem<br>decide ir dirigindo precisa deixar o autom\u00f3vel em Barreirinhas (preferencialmente em estacionamento)<br>para seguir viagem at\u00e9 Atins em outro meio de transporte. Caso esteja em ve\u00edculo 4&#215;4, \u00e9 poss\u00edvel seguir<br>com o carro at\u00e9 a hospedagem em Atins com ajuda de um GPS, dirigindo por trilha que n\u00e3o passa pelo<br>Parque Nacional dos Len\u00e7\u00f3is.<br>Partindo da regi\u00e3o central de Barreirinhas, o restante do percurso at\u00e9 o povoado pode ser feito feito por<br>terra \u2014 em ve\u00edculo 4\u00d74 conduzido por pessoa credenciada \u2014 ou pelo rio Pregui\u00e7as \u2014 em lancha<br>compartilhada ou privativa que vai at\u00e9 o porto de Atins, de onde partem ve\u00edculos 4\u00d74 que levam os<br>turistas at\u00e9 os respectivos locais onde ficar\u00e3o hospedados. Por terra, a viagem dura de uma hora e meia<br>a duas horas; pelo rio, cerca de uma hora. Al\u00e9m disso, tamb\u00e9m d\u00e1 para chegar ao povoado de <strong>helic\u00f3ptero.<\/strong><\/p>\n\n\n\n<p>\u201cEm geral, a maioria dos nossos clientes prefere ir para Atins de lancha por causa da experi\u00eancia em si,<br>principalmente a compartilhada. Alguns querem mais conforto, flexibilidade de hor\u00e1rio e otimiza\u00e7\u00e3o do<br>percurso, e optam pelo nosso transfer em lancha privativa, que transforma o trajeto em um passeio com<br>paradas em Vassouras e o\u00e1sis dos pescadores\u201d, conta Saulo.<br>Dentro do vilarejo, o transporte \u00e9 feito em jardineiras ou quadriciclos (inclusive na modalidade<br>quadrit\u00e1xi). Alguns hot\u00e9is, como o Vila Aty, disponibilizam gratuitamente aos seus h\u00f3spedes esse servi\u00e7o<br>de deslocamento interno no povoado, ent\u00e3o \u00e9 bom avaliar se essa comodidade pode ser um fator<br>decisivo na hora de selecionar a hospedagem.<\/p>\n\n\n\n<figure class=\"wp-block-image size-large\"><img width=\"768\" height=\"1024\" src=\"https:\/\/vimagazine.com.br\/wp-content\/uploads\/2023\/02\/Poco-Verde-e-uma-das-atividades-recomendadas-na-regiao-durante-o-mes-de-fevereiro-Foto-Divulgacao-Vila-Aty-768x1024.jpg\" alt=\"\" class=\"wp-image-8738\" srcset=\"https:\/\/vimagazine.com.br\/wp-content\/uploads\/2023\/02\/Poco-Verde-e-uma-das-atividades-recomendadas-na-regiao-durante-o-mes-de-fevereiro-Foto-Divulgacao-Vila-Aty-768x1024.jpg 768w, https:\/\/vimagazine.com.br\/wp-content\/uploads\/2023\/02\/Poco-Verde-e-uma-das-atividades-recomendadas-na-regiao-durante-o-mes-de-fevereiro-Foto-Divulgacao-Vila-Aty-225x300.jpg 225w, https:\/\/vimagazine.com.br\/wp-content\/uploads\/2023\/02\/Poco-Verde-e-uma-das-atividades-recomendadas-na-regiao-durante-o-mes-de-fevereiro-Foto-Divulgacao-Vila-Aty-1152x1536.jpg 1152w, https:\/\/vimagazine.com.br\/wp-content\/uploads\/2023\/02\/Poco-Verde-e-uma-das-atividades-recomendadas-na-regiao-durante-o-mes-de-fevereiro-Foto-Divulgacao-Vila-Aty-1024x1365.jpg 1024w, https:\/\/vimagazine.com.br\/wp-content\/uploads\/2023\/02\/Poco-Verde-e-uma-das-atividades-recomendadas-na-regiao-durante-o-mes-de-fevereiro-Foto-Divulgacao-Vila-Aty.jpg 1440w\" sizes=\"(max-width: 768px) 100vw, 768px\" \/><\/figure>\n\n\n\n<p><strong>Passeios<\/strong><br>Em fevereiro, \u00e9 poss\u00edvel aproveitar a praia de Atins, fazer passeio de quadriciclo, contemplar a revoada<br>dos guar\u00e1s em um barco durante o entardecer ou andar a cavalo nas dunas sob o nascer ou p\u00f4r do sol. \u00c9<br>nesse per\u00edodo tamb\u00e9m que podem ser visitados o Po\u00e7o Verde e a Cachoeira do Bonzinho, formados a<br>partir do rompimento das lagoas dos Len\u00e7\u00f3is por conta das chuvas.<br>\u201cDefinir de antem\u00e3o quais passeios voc\u00ea quer fazer pode ser uma boa pedida se o seu objetivo for<br>desbravar Atins ao m\u00e1ximo. \u00c0s vezes, d\u00e1 para encaixar mais de um passeio em um mesmo dia, ent\u00e3o \u00e9<br>uma boa ideia conversar com a equipe do hotel para tirar d\u00favidas antes mesmo de chegar ao povoado\u201d,<br>orienta o empres\u00e1rio.<\/p>\n\n\n\n<p>Fonte: Vieira Assessoria de Imprensa <\/p>\n","protected":false},"excerpt":{"rendered":"<p>Atentar-se a aspectos importantes pode fazer toda a diferen\u00e7a na experi\u00eancia de viagem na regi\u00e3o&#8230;<\/p>\n","protected":false},"author":3,"featured_media":8735,"comment_status":"closed","ping_status":"open","sticky":false,"template":"","format":"standard","meta":{"om_disable_all_campaigns":false,"_monsterinsights_skip_tracking":false,"_monsterinsights_sitenote_active":false,"_monsterinsights_sitenote_note":"","_monsterinsights_sitenote_category":0,"spay_email":""},"categories":[1],"tags":[],"jetpack_featured_media_url":"https:\/\/vimagazine.com.br\/wp-content\/uploads\/2023\/02\/Escolher-bem-a-hospedagem-contribui-para-uma-melhor-experiencia-de-viagem-Foto-Leo-Castro-e1676734756595.jpg","_links":{"self":[{"href":"https:\/\/vimagazine.com.br\/index.php?rest_route=\/wp\/v2\/posts\/8734"}],"collection":[{"href":"https:\/\/vimagazine.com.br\/index.php?rest_route=\/wp\/v2\/posts"}],"about":[{"href":"https:\/\/vimagazine.com.br\/index.php?rest_route=\/wp\/v2\/types\/post"}],"author":[{"embeddable":true,"href":"https:\/\/vimagazine.com.br\/index.php?rest_route=\/wp\/v2\/users\/3"}],"replies":[{"embeddable":true,"href":"https:\/\/vimagazine.com.br\/index.php?rest_route=%2Fwp%2Fv2%2Fcomments&post=8734"}],"version-history":[{"count":1,"href":"https:\/\/vimagazine.com.br\/index.php?rest_route=\/wp\/v2\/posts\/8734\/revisions"}],"predecessor-version":[{"id":8739,"href":"https:\/\/vimagazine.com.br\/index.php?rest_route=\/wp\/v2\/posts\/8734\/revisions\/8739"}],"wp:featuredmedia":[{"embeddable":true,"href":"https:\/\/vimagazine.com.br\/index.php?rest_route=\/wp\/v2\/media\/8735"}],"wp:attachment":[{"href":"https:\/\/vimagazine.com.br\/index.php?rest_route=%2Fwp%2Fv2%2Fmedia&parent=8734"}],"wp:term":[{"taxonomy":"category","embeddable":true,"href":"https:\/\/vimagazine.com.br\/index.php?rest_route=%2Fwp%2Fv2%2Fcategories&post=8734"},{"taxonomy":"post_tag","embeddable":true,"href":"https:\/\/vimagazine.com.br\/index.php?rest_route=%2Fwp%2Fv2%2Ftags&post=8734"}],"curies":[{"name":"wp","href":"https:\/\/api.w.org\/{rel}","templated":true}]}}