{"id":8748,"date":"2023-02-18T13:09:04","date_gmt":"2023-02-18T16:09:04","guid":{"rendered":"https:\/\/vimagazine.com.br\/?p=8748"},"modified":"2023-02-18T13:09:35","modified_gmt":"2023-02-18T16:09:35","slug":"por-que-empreendedores-nao-esperam-o-carnaval-passar-para-comecar-o-ano","status":"publish","type":"post","link":"https:\/\/vimagazine.com.br\/?p=8748","title":{"rendered":"Por que empreendedores n\u00e3o esperam o Carnaval passar para come\u00e7ar o ano?"},"content":{"rendered":"\n<p><em>Professor do UniCuritiba desfaz a velha m\u00e1xima de que o ano, no Brasil, s\u00f3 come\u00e7a em mar\u00e7o e explica que, para quem empreende, o tempo n\u00e3o para<\/em>.<\/p>\n\n\n\n<p>O Brasil tem cerca de 20 milh\u00f5es de empresas ativas, sendo 2,7 milh\u00f5es abertas em 2022, segundo dados do Painel Mapa de Empresas divulgado pelo Minist\u00e9rio da Economia. Os Microempreendedores Individuais (MEIs) correspondem a 69% dos CNPJs no pa\u00eds, seguidos pelas Sociedades Empresariais Limitadas (24,1%) e Empresas Individuais de Responsabilidade Limitada (Eireli), que equivalem a 4,8% dos neg\u00f3cios em opera\u00e7\u00e3o.<\/p>\n\n\n\n<p>Para todos esses, a velha m\u00e1xima de que o ano s\u00f3 come\u00e7a depois do Carnaval n\u00e3o \u00e9 uma verdade absoluta. Mestre em Direito e Mestre Administra\u00e7\u00e3o, o especialista em gest\u00e3o empresarial Sergio Itamar explica: \u201cQuem empreende faz acontecer, trabalha e pensa no futuro 24 horas por dia, sete dias por semana. O empreendedorismo e a inova\u00e7\u00e3o s\u00e3o marcados por muito dinamismo e uma das caracter\u00edsticas do empreendedor \u00e9 n\u00e3o ficar parado\u201d.<\/p>\n\n\n\n<p>Na avalia\u00e7\u00e3o do professor do UniCuritiba \u2013 institui\u00e7\u00e3o que faz parte da \u00c2nima Educa\u00e7\u00e3o \u2013 o ditado de que o Brasil s\u00f3 anda depois de mar\u00e7o n\u00e3o se aplica a quem empreende. \u201cNa \u00e1rea de empreendedorismo e inova\u00e7\u00e3o o tempo n\u00e3o espera. A todo momento h\u00e1 algo sendo constru\u00eddo, realizado, desenvolvido, projetado\u201d, diz Sergio, entusiasta da inova\u00e7\u00e3o e da cria\u00e7\u00e3o de solu\u00e7\u00f5es inteligentes para o futuro.<\/p>\n\n\n\n<figure class=\"wp-block-image size-large is-resized\"><img src=\"https:\/\/vimagazine.com.br\/wp-content\/uploads\/2023\/02\/unnamed-2-1024x554.jpg\" alt=\"\" class=\"wp-image-8750\" width=\"840\" height=\"454\" srcset=\"https:\/\/vimagazine.com.br\/wp-content\/uploads\/2023\/02\/unnamed-2-1024x554.jpg 1024w, https:\/\/vimagazine.com.br\/wp-content\/uploads\/2023\/02\/unnamed-2-300x162.jpg 300w, https:\/\/vimagazine.com.br\/wp-content\/uploads\/2023\/02\/unnamed-2-768x415.jpg 768w, https:\/\/vimagazine.com.br\/wp-content\/uploads\/2023\/02\/unnamed-2-1536x830.jpg 1536w, https:\/\/vimagazine.com.br\/wp-content\/uploads\/2023\/02\/unnamed-2.jpg 1600w\" sizes=\"(max-width: 840px) 100vw, 840px\" \/><\/figure>\n\n\n\n<p><strong>Crises e novos neg\u00f3cios<\/strong><\/p>\n\n\n\n<p>Se o Carnaval n\u00e3o engessa o in\u00edcio de ano dos empreendedores, as crises tamb\u00e9m n\u00e3o. Como ensina o professor Sergio Itamar, a incerteza \u00e9 um fator inerente ao empreendedorismo. Sem garantias de que exista o \u201cmomento ideal\u201d, os empreendedores enxergam nas crises e nas mudan\u00e7as uma excelente oportunidade para inovar.<\/p>\n\n\n\n<p>\u201c\u00c9 evidente que grandes instabilidades econ\u00f4micas ou pol\u00edticas, por exemplo, afetam a todos, mas a diferen\u00e7a est\u00e1 justamente em quem olha o caos e encontra uma solu\u00e7\u00e3o. Enquanto algumas pessoas travam esperando a hora certa, empreendedores e inovadores aceitam os riscos e realizam novos projetos\u201d, comenta.<\/p>\n\n\n\n<p>Neste aspecto, continua Sergio Itamar, as crises s\u00e3o sempre bons momentos para a inova\u00e7\u00e3o. \u201cCrises levam a grandes mudan\u00e7as e a altera\u00e7\u00f5es no estado daquilo que estamos acostumados. Rompem paradigmas. Para os empreendedores, essas mudan\u00e7as s\u00e3o um campo f\u00e9rtil para a inova\u00e7\u00e3o. Onde todo mundo enxerga o caos, quem inova encontra brechas para criar algo novo.\u201d<\/p>\n\n\n\n<p><strong>Dom ou aprendizado?<\/strong><\/p>\n\n\n\n<p>Algumas pessoas nascem com talento para empreender e com a criatividade necess\u00e1ria para inovar. S\u00e3o geralmente aquelas que gostam de solucionar problemas. Quando n\u00e3o \u00e9 o caso, \u00e9 poss\u00edvel desenvolver essas compet\u00eancias.<\/p>\n\n\n\n<p>Com expertise em educa\u00e7\u00e3o empreendedora, Sergio Itamar, docente do UniCuritiba, garante que n\u00e3o h\u00e1 talento que sobreviva \u00e0 falta de estudo. \u201cMesmo quem nasce talentoso para a inova\u00e7\u00e3o e o empreendedorismo precisa se aprimorar, estudar, se atualizar e construir caminhos para o sucesso. Por isso, a universidade \u00e9 fundamental, \u00e9 um campo aberto para desenvolver talentos e, quanto mais jovem a pessoa come\u00e7a, melhor. Isso, \u00e9 claro, sem esquecer que a busca por conhecimento \u00e9 algo para a vida toda.\u201d<\/p>\n\n\n\n<figure class=\"wp-block-image size-large\"><img width=\"1024\" height=\"561\" src=\"https:\/\/vimagazine.com.br\/wp-content\/uploads\/2023\/02\/unnamed-1024x561.jpg\" alt=\"\" class=\"wp-image-8751\" srcset=\"https:\/\/vimagazine.com.br\/wp-content\/uploads\/2023\/02\/unnamed-1024x561.jpg 1024w, https:\/\/vimagazine.com.br\/wp-content\/uploads\/2023\/02\/unnamed-300x164.jpg 300w, https:\/\/vimagazine.com.br\/wp-content\/uploads\/2023\/02\/unnamed-768x420.jpg 768w, https:\/\/vimagazine.com.br\/wp-content\/uploads\/2023\/02\/unnamed-1536x841.jpg 1536w, https:\/\/vimagazine.com.br\/wp-content\/uploads\/2023\/02\/unnamed.jpg 1600w\" sizes=\"(max-width: 1024px) 100vw, 1024px\" \/><\/figure>\n\n\n\n<p><strong>Inova\u00e7\u00e3o e tecnologia<\/strong><\/p>\n\n\n\n<p>Para quem deseja empreender, um aviso: a tecnologia \u00e9 um dos destaques. A Intelig\u00eancia Artificial, aponta o especialista, \u00e9 uma das grandes novidades e deve alterar a forma de atua\u00e7\u00e3o dos empreendedores e de quem lida com inova\u00e7\u00e3o. \u201cA Intelig\u00eancia Artificial ter\u00e1 impactos nas rela\u00e7\u00f5es de trabalho, na economia, no poder das empresas, no mercado internacional e, por isso, muita gente est\u00e1 apostando nisso. Certamente, \u00e9 uma das mais promissoras tecnologias de revolu\u00e7\u00e3o dos neg\u00f3cios \u00e0 disposi\u00e7\u00e3o dos empreendedores\u201d, finaliza Sergio.<\/p>\n\n\n\n<p><strong>Sobre o UniCuritiba<\/strong><\/p>\n\n\n\n<p><em>Com mais de 70 anos de tradi\u00e7\u00e3o e excel\u00eancia, o UniCuritiba \u00e9 uma institui\u00e7\u00e3o de refer\u00eancia para os paranaenses e reconhecido pelo MEC como uma das melhores institui\u00e7\u00f5es de ensino superior de Curitiba (PR). Destaca-se por ter um dos melhores cursos de Direito do pa\u00eds, com selo de qualidade OAB Recomenda em todas as suas edi\u00e7\u00f5es, al\u00e9m de ser refer\u00eancia na \u00e1rea de Rela\u00e7\u00f5es Internacionais.<\/em><\/p>\n\n\n\n<p><em>Integrante do maior e mais inovador ecossistema de qualidade do Brasil, o Ecossistema \u00c2nima, o UniCuritiba conta com mais de 40 op\u00e7\u00f5es de cursos de gradua\u00e7\u00e3o em todas as \u00e1reas do conhecimento, al\u00e9m de cursos de p\u00f3s-gradua\u00e7\u00e3o, mestrado e doutorado.<\/em><\/p>\n\n\n\n<p><em>Possui uma estrutura completa e diferenciada, com mais de 60 laborat\u00f3rios e professores mestres e doutores com viv\u00eancia pr\u00e1tica e longa experi\u00eancia profissional. O UniCuritiba tem seu ensino focado na conex\u00e3o com o mundo do trabalho e com as pr\u00e1ticas mais atuais das profiss\u00f5es, estimulando o networking e as viv\u00eancias multidisciplinares.<\/em><\/p>\n\n\n\n<figure class=\"wp-block-image size-large\"><img width=\"1024\" height=\"682\" src=\"https:\/\/vimagazine.com.br\/wp-content\/uploads\/2023\/02\/unnamed-3-1024x682.jpg\" alt=\"\" class=\"wp-image-8752\" srcset=\"https:\/\/vimagazine.com.br\/wp-content\/uploads\/2023\/02\/unnamed-3-1024x682.jpg 1024w, https:\/\/vimagazine.com.br\/wp-content\/uploads\/2023\/02\/unnamed-3-300x200.jpg 300w, https:\/\/vimagazine.com.br\/wp-content\/uploads\/2023\/02\/unnamed-3-768x512.jpg 768w, https:\/\/vimagazine.com.br\/wp-content\/uploads\/2023\/02\/unnamed-3-1536x1023.jpg 1536w, https:\/\/vimagazine.com.br\/wp-content\/uploads\/2023\/02\/unnamed-3.jpg 1600w\" sizes=\"(max-width: 1024px) 100vw, 1024px\" \/><\/figure>\n\n\n\n<p><strong>Relacionamento com a imprensa: UNICURITIBA<\/strong><\/p>\n\n\n\n<p><strong>Mem Comunica\u00e7\u00e3o<\/strong>&nbsp;&#8211;&nbsp;<a href=\"http:\/\/www.memcomunicacao.com.br\/\" target=\"_blank\" rel=\"noreferrer noopener\">www.memcomunicacao.com.br<\/a>&nbsp;&nbsp;<\/p>\n\n\n\n<p>Marlise Groth Mem &#8211; (41) 9 9908-0511 \u2013&nbsp;<a href=\"mailto:marliseassessoria@gmail.com\" target=\"_blank\" rel=\"noreferrer noopener\">marliseassessoria@gmail.com<\/a><\/p>\n\n\n\n<p>Jo\u00e3o Al\u00e9cio Mem \u2013 (41) 9 9124-9748 \u2013&nbsp;<a href=\"mailto:joaoalecioassessoria@gmail.com\" target=\"_blank\" rel=\"noreferrer noopener\">joaoalecioassessoria@gmail.com<\/a><\/p>\n\n\n\n<p>Graziela Lindner \u2013 (47) 9 9176-0080 &#8211;&nbsp;<a href=\"mailto:grazielalindner@gmail.com\" target=\"_blank\" rel=\"noreferrer noopener\">grazielalindner@gmail.com<\/a><\/p>\n\n\n\n<p>Jornalismo\/ Assessoria de Imprensa \/ Consultoria em Comunica\u00e7\u00e3o e Eventos<\/p>\n\n\n\n<p>@mem_e_mem_agencia_de_noticias<\/p>\n","protected":false},"excerpt":{"rendered":"<p>Professor do UniCuritiba desfaz a velha m\u00e1xima de que o ano, no Brasil, s\u00f3 come\u00e7a&#8230;<\/p>\n","protected":false},"author":3,"featured_media":8749,"comment_status":"closed","ping_status":"open","sticky":false,"template":"","format":"standard","meta":{"om_disable_all_campaigns":false,"_monsterinsights_skip_tracking":false,"_monsterinsights_sitenote_active":false,"_monsterinsights_sitenote_note":"","_monsterinsights_sitenote_category":0,"spay_email":""},"categories":[1],"tags":[],"jetpack_featured_media_url":"https:\/\/vimagazine.com.br\/wp-content\/uploads\/2023\/02\/unnamed-1.jpg","_links":{"self":[{"href":"https:\/\/vimagazine.com.br\/index.php?rest_route=\/wp\/v2\/posts\/8748"}],"collection":[{"href":"https:\/\/vimagazine.com.br\/index.php?rest_route=\/wp\/v2\/posts"}],"about":[{"href":"https:\/\/vimagazine.com.br\/index.php?rest_route=\/wp\/v2\/types\/post"}],"author":[{"embeddable":true,"href":"https:\/\/vimagazine.com.br\/index.php?rest_route=\/wp\/v2\/users\/3"}],"replies":[{"embeddable":true,"href":"https:\/\/vimagazine.com.br\/index.php?rest_route=%2Fwp%2Fv2%2Fcomments&post=8748"}],"version-history":[{"count":1,"href":"https:\/\/vimagazine.com.br\/index.php?rest_route=\/wp\/v2\/posts\/8748\/revisions"}],"predecessor-version":[{"id":8753,"href":"https:\/\/vimagazine.com.br\/index.php?rest_route=\/wp\/v2\/posts\/8748\/revisions\/8753"}],"wp:featuredmedia":[{"embeddable":true,"href":"https:\/\/vimagazine.com.br\/index.php?rest_route=\/wp\/v2\/media\/8749"}],"wp:attachment":[{"href":"https:\/\/vimagazine.com.br\/index.php?rest_route=%2Fwp%2Fv2%2Fmedia&parent=8748"}],"wp:term":[{"taxonomy":"category","embeddable":true,"href":"https:\/\/vimagazine.com.br\/index.php?rest_route=%2Fwp%2Fv2%2Fcategories&post=8748"},{"taxonomy":"post_tag","embeddable":true,"href":"https:\/\/vimagazine.com.br\/index.php?rest_route=%2Fwp%2Fv2%2Ftags&post=8748"}],"curies":[{"name":"wp","href":"https:\/\/api.w.org\/{rel}","templated":true}]}}