{"id":8755,"date":"2023-02-19T22:02:25","date_gmt":"2023-02-20T01:02:25","guid":{"rendered":"https:\/\/vimagazine.com.br\/?p=8755"},"modified":"2023-02-27T15:55:56","modified_gmt":"2023-02-27T18:55:56","slug":"evelyn-montesano-surge-deslumbrante-no-baile-do-copa-2023","status":"publish","type":"post","link":"https:\/\/vimagazine.com.br\/?p=8755","title":{"rendered":"Evelyn Montesano surge deslumbrante no Baile do Copa 2023"},"content":{"rendered":"\n<p>A atriz Evelyn Montesano marcou presen\u00e7a, com seu marido, o empres\u00e1rio do mercado financeiro, Rodrigo Hartz, no badalado baile de carnaval do Hotel Copacabana Palace.<\/p>\n\n\n\n<p>O famoso Baile do Copa, que faz parte do calend\u00e1rio social carioca desde 1924, considerado por muitos como o baile de Carnaval mais glamouroso do Brasil, aconteceu nesse final de semana. O tema do baile de 2023 foi &#8211; T\u00fanel do Tempo: de 1923 a 2123 &#8211; marcando os cem anos de funda\u00e7\u00e3o do hotel que aconteceu esse ano e nos fazendo pensar nos outros cem que estar\u00e3o por vir.&nbsp;&nbsp;&nbsp;&nbsp;<\/p>\n\n\n\n<figure class=\"wp-container-2 wp-block-gallery-1 wp-block-gallery has-nested-images columns-default is-cropped\">\n<figure class=\"wp-block-image size-large\"><img width=\"1432\" height=\"1920\" data-id=\"8764\"  src=\"https:\/\/vimagazine.com.br\/wp-content\/uploads\/2023\/02\/A-atriz-Evelyn-Montesano-e-o-marido-Rodrigo-Hartz-chegando-no-Hotel-Copacabana-Palace-para-o-Baile-do-Copa.jpg\" alt=\"\" class=\"wp-image-8764\" srcset=\"https:\/\/vimagazine.com.br\/wp-content\/uploads\/2023\/02\/A-atriz-Evelyn-Montesano-e-o-marido-Rodrigo-Hartz-chegando-no-Hotel-Copacabana-Palace-para-o-Baile-do-Copa.jpg 1432w, https:\/\/vimagazine.com.br\/wp-content\/uploads\/2023\/02\/A-atriz-Evelyn-Montesano-e-o-marido-Rodrigo-Hartz-chegando-no-Hotel-Copacabana-Palace-para-o-Baile-do-Copa-224x300.jpg 224w, https:\/\/vimagazine.com.br\/wp-content\/uploads\/2023\/02\/A-atriz-Evelyn-Montesano-e-o-marido-Rodrigo-Hartz-chegando-no-Hotel-Copacabana-Palace-para-o-Baile-do-Copa-764x1024.jpg 764w, https:\/\/vimagazine.com.br\/wp-content\/uploads\/2023\/02\/A-atriz-Evelyn-Montesano-e-o-marido-Rodrigo-Hartz-chegando-no-Hotel-Copacabana-Palace-para-o-Baile-do-Copa-768x1030.jpg 768w, https:\/\/vimagazine.com.br\/wp-content\/uploads\/2023\/02\/A-atriz-Evelyn-Montesano-e-o-marido-Rodrigo-Hartz-chegando-no-Hotel-Copacabana-Palace-para-o-Baile-do-Copa-1146x1536.jpg 1146w, https:\/\/vimagazine.com.br\/wp-content\/uploads\/2023\/02\/A-atriz-Evelyn-Montesano-e-o-marido-Rodrigo-Hartz-chegando-no-Hotel-Copacabana-Palace-para-o-Baile-do-Copa-1024x1373.jpg 1024w\" sizes=\"(max-width: 1432px) 100vw, 1432px\" \/><\/figure>\n\n\n\n<figure class=\"wp-block-image size-large\"><img width=\"1432\" height=\"1920\" data-id=\"8763\"  src=\"https:\/\/vimagazine.com.br\/wp-content\/uploads\/2023\/02\/A-modelo-Isabeli-Fontana-e-a-atriz-Evelyn-Montesano.jpg\" alt=\"\" class=\"wp-image-8763\" srcset=\"https:\/\/vimagazine.com.br\/wp-content\/uploads\/2023\/02\/A-modelo-Isabeli-Fontana-e-a-atriz-Evelyn-Montesano.jpg 1432w, https:\/\/vimagazine.com.br\/wp-content\/uploads\/2023\/02\/A-modelo-Isabeli-Fontana-e-a-atriz-Evelyn-Montesano-224x300.jpg 224w, https:\/\/vimagazine.com.br\/wp-content\/uploads\/2023\/02\/A-modelo-Isabeli-Fontana-e-a-atriz-Evelyn-Montesano-764x1024.jpg 764w, https:\/\/vimagazine.com.br\/wp-content\/uploads\/2023\/02\/A-modelo-Isabeli-Fontana-e-a-atriz-Evelyn-Montesano-768x1030.jpg 768w, https:\/\/vimagazine.com.br\/wp-content\/uploads\/2023\/02\/A-modelo-Isabeli-Fontana-e-a-atriz-Evelyn-Montesano-1146x1536.jpg 1146w, https:\/\/vimagazine.com.br\/wp-content\/uploads\/2023\/02\/A-modelo-Isabeli-Fontana-e-a-atriz-Evelyn-Montesano-1024x1373.jpg 1024w\" sizes=\"(max-width: 1432px) 100vw, 1432px\" \/><\/figure>\n\n\n\n<figure class=\"wp-block-image size-large\"><img width=\"1432\" height=\"1920\" data-id=\"8762\"  src=\"https:\/\/vimagazine.com.br\/wp-content\/uploads\/2023\/02\/A-atriz-Evelyn-Montesano-com-a-apresentadora-Daniela-Albuquerque-e-amigas.jpg\" alt=\"\" class=\"wp-image-8762\" srcset=\"https:\/\/vimagazine.com.br\/wp-content\/uploads\/2023\/02\/A-atriz-Evelyn-Montesano-com-a-apresentadora-Daniela-Albuquerque-e-amigas.jpg 1432w, https:\/\/vimagazine.com.br\/wp-content\/uploads\/2023\/02\/A-atriz-Evelyn-Montesano-com-a-apresentadora-Daniela-Albuquerque-e-amigas-224x300.jpg 224w, https:\/\/vimagazine.com.br\/wp-content\/uploads\/2023\/02\/A-atriz-Evelyn-Montesano-com-a-apresentadora-Daniela-Albuquerque-e-amigas-764x1024.jpg 764w, https:\/\/vimagazine.com.br\/wp-content\/uploads\/2023\/02\/A-atriz-Evelyn-Montesano-com-a-apresentadora-Daniela-Albuquerque-e-amigas-768x1030.jpg 768w, https:\/\/vimagazine.com.br\/wp-content\/uploads\/2023\/02\/A-atriz-Evelyn-Montesano-com-a-apresentadora-Daniela-Albuquerque-e-amigas-1146x1536.jpg 1146w, https:\/\/vimagazine.com.br\/wp-content\/uploads\/2023\/02\/A-atriz-Evelyn-Montesano-com-a-apresentadora-Daniela-Albuquerque-e-amigas-1024x1373.jpg 1024w\" sizes=\"(max-width: 1432px) 100vw, 1432px\" \/><\/figure>\n\n\n\n<figure class=\"wp-block-image size-large\"><img width=\"1432\" height=\"1920\" data-id=\"8760\"  src=\"https:\/\/vimagazine.com.br\/wp-content\/uploads\/2023\/02\/A-atriz-Evelyn-Montesano-posa-belissima-em-um-do-saloes-do-Baile-do-Copa.jpg\" alt=\"\" class=\"wp-image-8760\" srcset=\"https:\/\/vimagazine.com.br\/wp-content\/uploads\/2023\/02\/A-atriz-Evelyn-Montesano-posa-belissima-em-um-do-saloes-do-Baile-do-Copa.jpg 1432w, https:\/\/vimagazine.com.br\/wp-content\/uploads\/2023\/02\/A-atriz-Evelyn-Montesano-posa-belissima-em-um-do-saloes-do-Baile-do-Copa-224x300.jpg 224w, https:\/\/vimagazine.com.br\/wp-content\/uploads\/2023\/02\/A-atriz-Evelyn-Montesano-posa-belissima-em-um-do-saloes-do-Baile-do-Copa-764x1024.jpg 764w, https:\/\/vimagazine.com.br\/wp-content\/uploads\/2023\/02\/A-atriz-Evelyn-Montesano-posa-belissima-em-um-do-saloes-do-Baile-do-Copa-768x1030.jpg 768w, https:\/\/vimagazine.com.br\/wp-content\/uploads\/2023\/02\/A-atriz-Evelyn-Montesano-posa-belissima-em-um-do-saloes-do-Baile-do-Copa-1146x1536.jpg 1146w, https:\/\/vimagazine.com.br\/wp-content\/uploads\/2023\/02\/A-atriz-Evelyn-Montesano-posa-belissima-em-um-do-saloes-do-Baile-do-Copa-1024x1373.jpg 1024w\" sizes=\"(max-width: 1432px) 100vw, 1432px\" \/><\/figure>\n\n\n\n<figure class=\"wp-block-image size-large\"><img width=\"1432\" height=\"1920\" data-id=\"8759\"  src=\"https:\/\/vimagazine.com.br\/wp-content\/uploads\/2023\/02\/Evelyn-Montesano-posa-em-um-dos-saloes-do-Baile-do-Copa-foto-2.jpg\" alt=\"\" class=\"wp-image-8759\" srcset=\"https:\/\/vimagazine.com.br\/wp-content\/uploads\/2023\/02\/Evelyn-Montesano-posa-em-um-dos-saloes-do-Baile-do-Copa-foto-2.jpg 1432w, https:\/\/vimagazine.com.br\/wp-content\/uploads\/2023\/02\/Evelyn-Montesano-posa-em-um-dos-saloes-do-Baile-do-Copa-foto-2-224x300.jpg 224w, https:\/\/vimagazine.com.br\/wp-content\/uploads\/2023\/02\/Evelyn-Montesano-posa-em-um-dos-saloes-do-Baile-do-Copa-foto-2-764x1024.jpg 764w, https:\/\/vimagazine.com.br\/wp-content\/uploads\/2023\/02\/Evelyn-Montesano-posa-em-um-dos-saloes-do-Baile-do-Copa-foto-2-768x1030.jpg 768w, https:\/\/vimagazine.com.br\/wp-content\/uploads\/2023\/02\/Evelyn-Montesano-posa-em-um-dos-saloes-do-Baile-do-Copa-foto-2-1146x1536.jpg 1146w, https:\/\/vimagazine.com.br\/wp-content\/uploads\/2023\/02\/Evelyn-Montesano-posa-em-um-dos-saloes-do-Baile-do-Copa-foto-2-1024x1373.jpg 1024w\" sizes=\"(max-width: 1432px) 100vw, 1432px\" \/><\/figure>\n\n\n\n<figure class=\"wp-block-image size-large\"><img width=\"1432\" height=\"1920\" data-id=\"8758\"  src=\"https:\/\/vimagazine.com.br\/wp-content\/uploads\/2023\/02\/A-atriz-Evelyn-Montesano-e-a-apresentadora-Daniela-Albuquerque.jpg\" alt=\"\" class=\"wp-image-8758\" srcset=\"https:\/\/vimagazine.com.br\/wp-content\/uploads\/2023\/02\/A-atriz-Evelyn-Montesano-e-a-apresentadora-Daniela-Albuquerque.jpg 1432w, https:\/\/vimagazine.com.br\/wp-content\/uploads\/2023\/02\/A-atriz-Evelyn-Montesano-e-a-apresentadora-Daniela-Albuquerque-224x300.jpg 224w, https:\/\/vimagazine.com.br\/wp-content\/uploads\/2023\/02\/A-atriz-Evelyn-Montesano-e-a-apresentadora-Daniela-Albuquerque-764x1024.jpg 764w, https:\/\/vimagazine.com.br\/wp-content\/uploads\/2023\/02\/A-atriz-Evelyn-Montesano-e-a-apresentadora-Daniela-Albuquerque-768x1030.jpg 768w, https:\/\/vimagazine.com.br\/wp-content\/uploads\/2023\/02\/A-atriz-Evelyn-Montesano-e-a-apresentadora-Daniela-Albuquerque-1146x1536.jpg 1146w, https:\/\/vimagazine.com.br\/wp-content\/uploads\/2023\/02\/A-atriz-Evelyn-Montesano-e-a-apresentadora-Daniela-Albuquerque-1024x1373.jpg 1024w\" sizes=\"(max-width: 1432px) 100vw, 1432px\" \/><\/figure>\n\n\n\n<figure class=\"wp-block-image size-large\"><img width=\"1432\" height=\"1920\" data-id=\"8757\"  src=\"https:\/\/vimagazine.com.br\/wp-content\/uploads\/2023\/02\/A-atriz-Evelyn-Montesano-posa-em-um-dos-saloes-Baile-do-Copa-foto-3.jpg\" alt=\"\" class=\"wp-image-8757\" srcset=\"https:\/\/vimagazine.com.br\/wp-content\/uploads\/2023\/02\/A-atriz-Evelyn-Montesano-posa-em-um-dos-saloes-Baile-do-Copa-foto-3.jpg 1432w, https:\/\/vimagazine.com.br\/wp-content\/uploads\/2023\/02\/A-atriz-Evelyn-Montesano-posa-em-um-dos-saloes-Baile-do-Copa-foto-3-224x300.jpg 224w, https:\/\/vimagazine.com.br\/wp-content\/uploads\/2023\/02\/A-atriz-Evelyn-Montesano-posa-em-um-dos-saloes-Baile-do-Copa-foto-3-764x1024.jpg 764w, https:\/\/vimagazine.com.br\/wp-content\/uploads\/2023\/02\/A-atriz-Evelyn-Montesano-posa-em-um-dos-saloes-Baile-do-Copa-foto-3-768x1030.jpg 768w, https:\/\/vimagazine.com.br\/wp-content\/uploads\/2023\/02\/A-atriz-Evelyn-Montesano-posa-em-um-dos-saloes-Baile-do-Copa-foto-3-1146x1536.jpg 1146w, https:\/\/vimagazine.com.br\/wp-content\/uploads\/2023\/02\/A-atriz-Evelyn-Montesano-posa-em-um-dos-saloes-Baile-do-Copa-foto-3-1024x1373.jpg 1024w\" sizes=\"(max-width: 1432px) 100vw, 1432px\" \/><\/figure>\n\n\n\n<figure class=\"wp-block-image size-large\"><img width=\"1432\" height=\"1920\" data-id=\"8756\"  src=\"https:\/\/vimagazine.com.br\/wp-content\/uploads\/2023\/02\/A-atriz-Evelyn-Montesano-posa-em-um-ambiente-que-simulava-uma-piscina-submersa.jpg\" alt=\"\" class=\"wp-image-8756\" srcset=\"https:\/\/vimagazine.com.br\/wp-content\/uploads\/2023\/02\/A-atriz-Evelyn-Montesano-posa-em-um-ambiente-que-simulava-uma-piscina-submersa.jpg 1432w, https:\/\/vimagazine.com.br\/wp-content\/uploads\/2023\/02\/A-atriz-Evelyn-Montesano-posa-em-um-ambiente-que-simulava-uma-piscina-submersa-224x300.jpg 224w, https:\/\/vimagazine.com.br\/wp-content\/uploads\/2023\/02\/A-atriz-Evelyn-Montesano-posa-em-um-ambiente-que-simulava-uma-piscina-submersa-764x1024.jpg 764w, https:\/\/vimagazine.com.br\/wp-content\/uploads\/2023\/02\/A-atriz-Evelyn-Montesano-posa-em-um-ambiente-que-simulava-uma-piscina-submersa-768x1030.jpg 768w, https:\/\/vimagazine.com.br\/wp-content\/uploads\/2023\/02\/A-atriz-Evelyn-Montesano-posa-em-um-ambiente-que-simulava-uma-piscina-submersa-1146x1536.jpg 1146w, https:\/\/vimagazine.com.br\/wp-content\/uploads\/2023\/02\/A-atriz-Evelyn-Montesano-posa-em-um-ambiente-que-simulava-uma-piscina-submersa-1024x1373.jpg 1024w\" sizes=\"(max-width: 1432px) 100vw, 1432px\" \/><\/figure>\n<\/figure>\n\n\n\n<p>Evelyn Montesano chamou a aten\u00e7\u00e3o surgindo deslumbrante e totalmente dentro do tema. A atriz juntou na sua fantasia itens que remetiam ao passado, ao presente e ao futuro. Destaque para o adere\u00e7o de cabe\u00e7a e a maquiagem, bem anos 20, pulseiras e an\u00e9is contempor\u00e2neos e sand\u00e1lias com detalhes em spikes dando uma pegada futurista.<\/p>\n\n\n\n<p>O vestido e a bolsa, ambos com brilho, perfeitos para o carnaval, tamb\u00e9m chamavam a aten\u00e7\u00e3o. A estola preta dava ainda mais charme ao look da atriz e o colar com detalhe de cobra no pesco\u00e7o fechava com chave de ouro.<\/p>\n\n\n\n<p>Evelyn Montesano tirou nota 10 em glamour, estilo e adequa\u00e7\u00e3o ao tema. Estava perfeita!<\/p>\n","protected":false},"excerpt":{"rendered":"<p>A atriz Evelyn Montesano marcou presen\u00e7a, com seu marido, o empres\u00e1rio do mercado financeiro, Rodrigo&#8230;<\/p>\n","protected":false},"author":18,"featured_media":8796,"comment_status":"closed","ping_status":"open","sticky":false,"template":"","format":"standard","meta":{"om_disable_all_campaigns":false,"_monsterinsights_skip_tracking":false,"_monsterinsights_sitenote_active":false,"_monsterinsights_sitenote_note":"","_monsterinsights_sitenote_category":0,"spay_email":""},"categories":[1],"tags":[592,415,591,418,312,83,374],"jetpack_featured_media_url":"https:\/\/vimagazine.com.br\/wp-content\/uploads\/2023\/02\/A-atriz-Evelyn-Montesano-e-o-marido-Rodrigo-Hartz-em-um-dos-saloes-do-baile-764x1024-1.jpg","_links":{"self":[{"href":"https:\/\/vimagazine.com.br\/index.php?rest_route=\/wp\/v2\/posts\/8755"}],"collection":[{"href":"https:\/\/vimagazine.com.br\/index.php?rest_route=\/wp\/v2\/posts"}],"about":[{"href":"https:\/\/vimagazine.com.br\/index.php?rest_route=\/wp\/v2\/types\/post"}],"author":[{"embeddable":true,"href":"https:\/\/vimagazine.com.br\/index.php?rest_route=\/wp\/v2\/users\/18"}],"replies":[{"embeddable":true,"href":"https:\/\/vimagazine.com.br\/index.php?rest_route=%2Fwp%2Fv2%2Fcomments&post=8755"}],"version-history":[{"count":2,"href":"https:\/\/vimagazine.com.br\/index.php?rest_route=\/wp\/v2\/posts\/8755\/revisions"}],"predecessor-version":[{"id":8797,"href":"https:\/\/vimagazine.com.br\/index.php?rest_route=\/wp\/v2\/posts\/8755\/revisions\/8797"}],"wp:featuredmedia":[{"embeddable":true,"href":"https:\/\/vimagazine.com.br\/index.php?rest_route=\/wp\/v2\/media\/8796"}],"wp:attachment":[{"href":"https:\/\/vimagazine.com.br\/index.php?rest_route=%2Fwp%2Fv2%2Fmedia&parent=8755"}],"wp:term":[{"taxonomy":"category","embeddable":true,"href":"https:\/\/vimagazine.com.br\/index.php?rest_route=%2Fwp%2Fv2%2Fcategories&post=8755"},{"taxonomy":"post_tag","embeddable":true,"href":"https:\/\/vimagazine.com.br\/index.php?rest_route=%2Fwp%2Fv2%2Ftags&post=8755"}],"curies":[{"name":"wp","href":"https:\/\/api.w.org\/{rel}","templated":true}]}}