{"id":8798,"date":"2023-02-27T16:18:29","date_gmt":"2023-02-27T19:18:29","guid":{"rendered":"https:\/\/vimagazine.com.br\/?p=8798"},"modified":"2023-02-27T16:18:30","modified_gmt":"2023-02-27T19:18:30","slug":"empreendedora-social-promove-a-solidariedade-atraves-de-varias-acoes","status":"publish","type":"post","link":"https:\/\/vimagazine.com.br\/?p=8798","title":{"rendered":"Empreendedora social promove a solidariedade atrav\u00e9s de v\u00e1rias a\u00e7\u00f5es"},"content":{"rendered":"\n<p><\/p>\n\n\n\n<p><strong>&nbsp;&nbsp;&nbsp;&nbsp; Sylvia Pacheco<\/strong> \u00e9 Cirurgi\u00e3 Dentista graduada em1989 e desde ent\u00e3o atua no setor de Odontologia, &nbsp;possui experi\u00eancia de mais de 20 anos no terceiro setor, trabalhando na capta\u00e7\u00e3o de verbas para v\u00e1rias entidades assistenciais e h\u00e1 5 anos montou o \u2018Grupo Voluntariado da Unidade Pedi\u00e1trica de Hemodi\u00e1lise\u2019 da <strong>UNIFESP<\/strong>, cuja finalidade \u00e9 manter a unidade em adequadas condi\u00e7\u00f5es f\u00edsicas e em funcionamento atrav\u00e9s da compra de materiais hospitalares e cir\u00fargicos para que o servi\u00e7o de atendimento da institui\u00e7\u00e3o proporcione tratamento de qualidade aos pacientes renais cr\u00f4nicos enquanto aguardam o t\u00e3o sonhado transplante rins,&nbsp; e atua tamb\u00e9m auxiliando o \u2018<strong>Grupo Voluntariado das Amigas do Peito<\/strong>\u2019 a manter estoques de materiais e insumos para a confec\u00e7\u00e3o de pr\u00f3teses mam\u00e1rias para doa\u00e7\u00e3o a mulheres mastectomizadas carentes (com a confec\u00e7\u00e3o mensal de 500 pr\u00f3teses) e \u00e9 S\u00f3cia Administradora da \u2018<strong>Agenda Diamante Exclusiva<\/strong>\u2019, em conjunto com os integrantes do grupo, desde o in\u00edcio da pandemia da Covid 19 realizando at\u00e9 os dias atuais a doa\u00e7\u00e3o de 630 cestas b\u00e1sicas a comunidades carentes, dentre elas, as comunidades de Parais\u00f3polis, Heli\u00f3polis, Vila Uni\u00e3o e Vila Brasil\u00e2ndia, al\u00e9m de doar alimenta\u00e7\u00e3o a centenas de pessoas em situa\u00e7\u00e3o de vulnerabilidade.<\/p>\n\n\n\n<p>\u00a0 Para falar sobre a \u2018Unidade Pedi\u00e1trica de Hemodi\u00e1lise\u2019 da UNIFESP e de v\u00e1rias outras a\u00e7\u00f5es sociais que entrevistei <strong>Sylvia Pacheco<\/strong>.\u00a0<\/p>\n\n\n\n<p><\/p>\n\n\n\n<figure class=\"wp-block-image size-full\"><img width=\"896\" height=\"960\" src=\"https:\/\/vimagazine.com.br\/wp-content\/uploads\/2023\/02\/5d96cc75-c0e7-4864-8b1e-3b70195cdce7-1.jpg\" alt=\"\" class=\"wp-image-8799\" srcset=\"https:\/\/vimagazine.com.br\/wp-content\/uploads\/2023\/02\/5d96cc75-c0e7-4864-8b1e-3b70195cdce7-1.jpg 896w, https:\/\/vimagazine.com.br\/wp-content\/uploads\/2023\/02\/5d96cc75-c0e7-4864-8b1e-3b70195cdce7-1-280x300.jpg 280w, https:\/\/vimagazine.com.br\/wp-content\/uploads\/2023\/02\/5d96cc75-c0e7-4864-8b1e-3b70195cdce7-1-768x823.jpg 768w\" sizes=\"(max-width: 896px) 100vw, 896px\" \/><figcaption>Imagem: divulga\u00e7\u00e3o <\/figcaption><\/figure>\n\n\n\n<p><strong><em>&nbsp;Como e quando surgiu o projeto social de contribui\u00e7\u00e3o com a Unidade Pedi\u00e1trica de Hemodi\u00e1lise da Universidade de S\u00e3o Paulo?<\/em><\/strong><\/p>\n\n\n\n<p><strong>R:<\/strong>&nbsp;&nbsp;Meu trabalho com a unidade teve in\u00edcio em 2014 ap\u00f3s um pedido de socorro de duas amigas m\u00e9dicas nefrologistas que me disseram que a unidade seria fechada pela Vigil\u00e2ncia Sanit\u00e1ria, por fala de condi\u00e7\u00f5es adequadas para prosseguir funcionando.<\/p>\n\n\n\n<p>A partir da\u00ed atrav\u00e9s da ajuda dos meus amigos e dos integrantes do grupo \u2018Agenda Diamante Exclusiva\u2019, a unidade foi totalmente reformada ficando dentro das especifica\u00e7\u00f5es exigidas pela Vigil\u00e2ncia Sanit\u00e1ria e, portanto, adequada para atender e tratar os pacientes que necessitam de terapia de hemodi\u00e1lise.&nbsp;<\/p>\n\n\n\n<p><strong><em>Quais s\u00e3o os tratamentos que as crian\u00e7as recebem Unidade Pedi\u00e1trica?<\/em><\/strong><\/p>\n\n\n\n<p>&nbsp;&nbsp;&nbsp;<strong>R:<\/strong>&nbsp;&nbsp;&nbsp;Os pacientes, todos oriundos do Sistema \u00danico de Sa\u00fade \u2013 (<strong>SUS<\/strong>), recebem apoio psicol\u00f3gico, nutricional, atendimento ambulatorial e realizam as sess\u00f5es de hemodi\u00e1lise enquanto aguardam o chamado para o t\u00e3o sonhado transplante renal.<\/p>\n\n\n\n<p><strong><em>Qual a relev\u00e2ncia da Unidade Pedi\u00e1trica de Hemodi\u00e1lise na vida dos pacientes e fam\u00edlia atendidas?<\/em><\/strong>&nbsp;<\/p>\n\n\n\n<p>&nbsp;<strong>R:<\/strong>&nbsp;&nbsp;Sem as sess\u00f5es de hemodi\u00e1lise o paciente renal cr\u00f4nico n\u00e3o consegue sobreviver, uma vez que seus rins n\u00e3o tem a capacidade de filtrar o sangue.<\/p>\n\n\n\n<p>&nbsp;<strong><em>Quantas crian\u00e7as s\u00e3o atendidas atualmente pelo projeto?<\/em><\/strong><\/p>\n\n\n\n<p>&nbsp;&nbsp;<strong>R:<\/strong>&nbsp;&nbsp;&nbsp;S\u00e3o atendidas em torno de 15 pacientes portadores de doen\u00e7a renal cr\u00f4nica.<\/p>\n\n\n\n<p>&nbsp;<strong><em>O que mais a motivou a engajar pessoas e promover a\u00e7\u00f5es para a manuten\u00e7\u00e3o da ala pedi\u00e1trica da UNIFESP?<\/em><\/strong><\/p>\n\n\n\n<p>&nbsp;&nbsp;&nbsp;<strong>R:<\/strong>&nbsp;&nbsp;&nbsp;A necessidade de dar a esses pacientes tratamento digno e de qualidade com recursos e equipamentos e materiais de ponta, que n\u00e3o est\u00e3o dispon\u00edveis em nenhum servi\u00e7o p\u00fablico no pa\u00eds. Somos pioneiros no uso do conector&nbsp;<strong>TEGO<\/strong>, um material cir\u00fargico que possibilitou a redu\u00e7\u00e3o significativa do n\u00famero de interna\u00e7\u00f5es hospitalares dos pacientes por bacteremia que os debilitava demasiadamente.<\/p>\n\n\n\n<p>&nbsp;&nbsp;&nbsp;Fornecemos tamb\u00e9m alimenta\u00e7\u00e3o e suplementa\u00e7\u00e3o para os pacientes durante as sess\u00f5es de hemodi\u00e1lise e, tamb\u00e9m semanalmente eles recebem frutas, iogurte, bolachas e o suplemento \u2018Fortine\u2019 especifico para pacientes portadores de doen\u00e7as renais fabricado pela Danone, para levarem para as suas respectivas casas. Os pacientes ganharam massa magra e cresceram em estatura muito melhor do que antes do nosso trabalho.<\/p>\n\n\n\n<p>&nbsp;<strong><em>Na sua avali\u00e7\u00e3o, atualmente, como as quest\u00f5es sociais est\u00e3o sendo tratadas no Brasil?<\/em><\/strong><\/p>\n\n\n\n<p>&nbsp;&nbsp;<strong>R:<\/strong>&nbsp;As quest\u00f5es sociais n\u00e3o s\u00e3o democr\u00e1ticas para todas as necessidades. A \u00e1rea da sa\u00fade precisa de muito capital para que possam ser resolvidas tantas demandas. Logo, resta ao cidad\u00e3o arrega\u00e7ar as mangas e fazer a sua parte atrav\u00e9s do trabalho voluntariado.<\/p>\n\n\n\n<p>&nbsp;<strong><em>Qual a import\u00e2ncia da solidariedade?<\/em><\/strong>&nbsp;<\/p>\n\n\n\n<p>&nbsp;&nbsp;<strong>R:<\/strong>&nbsp;&nbsp;&nbsp;A solidariedade \u00e9 imprescind\u00edvel para a forma\u00e7\u00e3o de uma sociedade, pois precisamos dar ao outro a mesma aten\u00e7\u00e3o nas suas car\u00eancias que desejamos para n\u00f3s e nossos familiares. N\u00e3o d\u00e1 para ser realmente feliz sabendo que tantos passam por diversas dificuldades. A desigualdade \u00e9 muito grande no nosso pa\u00eds.<\/p>\n\n\n\n<p>\u00c9 preciso que a popula\u00e7\u00e3o cobre dos governantes investimentos para que tenhamos acesso a um sistema de sa\u00fade p\u00fablica de qualidade. Para tanto pagamos impostos e esse dinheiro precisa ser muito bem administrado para que gere bons frutos.&nbsp;<\/p>\n\n\n\n<p><strong><em>Como as pessoas podem fazer para ajudar a Unidade Pedi\u00e1trica de Hemodi\u00e1lise da Universidade de S\u00e3o Paulo? Qual o site, redes sociais ou telefone?<\/em><\/strong>&nbsp;<\/p>\n\n\n\n<p>&nbsp;&nbsp;<strong>R:<\/strong>&nbsp;&nbsp;As pessoas podem nos ajudar participando das a\u00e7\u00f5es beneficentes que propomos constantemente para suprir os gastos da \u2018<strong>Unidade Pedi\u00e1trica de Hemodi\u00e1lise<\/strong>\u2019 da&nbsp;<strong>UNIFESP<\/strong>&nbsp;bem como de todas as outras entidades apoiadas pelo nosso grupo de voluntariado.<\/p>\n\n\n\n<p>&nbsp;&nbsp;&nbsp;Todas as a\u00e7\u00f5es s\u00e3o divulgadas no grupo do Facebook \u2018Agenda Diamante Exclusiva\u2019, no meu Instagram&nbsp;<a href=\"https:\/\/www.instagram.com\/sylviarpacheco\/\">@sylviarpacheco&nbsp;<\/a>e tamb\u00e9m no grupo de WhatsApp que formei com todos os interessados em participar das nossas a\u00e7\u00f5es.<\/p>\n","protected":false},"excerpt":{"rendered":"<p>&nbsp;&nbsp;&nbsp;&nbsp; Sylvia Pacheco \u00e9 Cirurgi\u00e3 Dentista graduada em1989 e desde ent\u00e3o atua no setor de&#8230;<\/p>\n","protected":false},"author":2,"featured_media":8800,"comment_status":"closed","ping_status":"open","sticky":false,"template":"","format":"standard","meta":{"om_disable_all_campaigns":false,"_monsterinsights_skip_tracking":false,"_monsterinsights_sitenote_active":false,"_monsterinsights_sitenote_note":"","_monsterinsights_sitenote_category":0,"spay_email":""},"categories":[31],"tags":[118,45,593,578],"jetpack_featured_media_url":"https:\/\/vimagazine.com.br\/wp-content\/uploads\/2023\/02\/f4cbee47-009f-40d4-9eec-b2685c0e896e-1.jpg","_links":{"self":[{"href":"https:\/\/vimagazine.com.br\/index.php?rest_route=\/wp\/v2\/posts\/8798"}],"collection":[{"href":"https:\/\/vimagazine.com.br\/index.php?rest_route=\/wp\/v2\/posts"}],"about":[{"href":"https:\/\/vimagazine.com.br\/index.php?rest_route=\/wp\/v2\/types\/post"}],"author":[{"embeddable":true,"href":"https:\/\/vimagazine.com.br\/index.php?rest_route=\/wp\/v2\/users\/2"}],"replies":[{"embeddable":true,"href":"https:\/\/vimagazine.com.br\/index.php?rest_route=%2Fwp%2Fv2%2Fcomments&post=8798"}],"version-history":[{"count":1,"href":"https:\/\/vimagazine.com.br\/index.php?rest_route=\/wp\/v2\/posts\/8798\/revisions"}],"predecessor-version":[{"id":8801,"href":"https:\/\/vimagazine.com.br\/index.php?rest_route=\/wp\/v2\/posts\/8798\/revisions\/8801"}],"wp:featuredmedia":[{"embeddable":true,"href":"https:\/\/vimagazine.com.br\/index.php?rest_route=\/wp\/v2\/media\/8800"}],"wp:attachment":[{"href":"https:\/\/vimagazine.com.br\/index.php?rest_route=%2Fwp%2Fv2%2Fmedia&parent=8798"}],"wp:term":[{"taxonomy":"category","embeddable":true,"href":"https:\/\/vimagazine.com.br\/index.php?rest_route=%2Fwp%2Fv2%2Fcategories&post=8798"},{"taxonomy":"post_tag","embeddable":true,"href":"https:\/\/vimagazine.com.br\/index.php?rest_route=%2Fwp%2Fv2%2Ftags&post=8798"}],"curies":[{"name":"wp","href":"https:\/\/api.w.org\/{rel}","templated":true}]}}