{"id":8813,"date":"2023-03-01T18:04:26","date_gmt":"2023-03-01T21:04:26","guid":{"rendered":"https:\/\/vimagazine.com.br\/?p=8813"},"modified":"2023-03-01T18:05:03","modified_gmt":"2023-03-01T21:05:03","slug":"rank-brasil-para-dina-barile-primeira-e-unica-mulher-brasileira-a-ir-para-a-estratosfera","status":"publish","type":"post","link":"https:\/\/vimagazine.com.br\/?p=8813","title":{"rendered":"Rank Brasil para Dina Barile, Primeira e \u00fanica Mulher Brasileira a ir para a ESTRATOSFERA"},"content":{"rendered":"\n<p>Dina Barile, de 66 anos, \u00e9 a&nbsp;<strong>Primeira e \u00fanica Mulher Brasileira a ir para a ESTRATOSFERA,<\/strong>&nbsp;fala 4 idiomas e j\u00e1 conheceu&nbsp;<strong>1<\/strong><strong>40<\/strong><strong>&nbsp;pa\u00edses e todos os Continentes<\/strong><strong>.<\/strong><strong><br><\/strong><br><strong>Entrou<\/strong>&nbsp;para o&nbsp;<strong>RankBrasil&nbsp;<\/strong><strong>&nbsp;&#8211;&nbsp;<\/strong>entidade que homologa recordes brasileiros, com reconhecimento nacional e internacional, o que n\u00e3o deixa margem a d\u00favidas &#8211;&nbsp;&nbsp;em 2019 pelo recorde de Primeira brasileira a ir para a Estratosfera.&nbsp;O voo aconteceu em 10 de novembro de 2015, em um&nbsp;ca\u00e7a MIG 29<strong>.<\/strong><\/p>\n\n\n\n<p><strong>No mesmo ano de 2015 foi condutora da Tocha Ol\u00edmpica em S\u00e3o Paulo,&nbsp;<\/strong>ap\u00f3s ganhar um concurso.&nbsp;Al\u00e9m disso&nbsp;foi&nbsp;<strong>volunt\u00e1ria<\/strong>&nbsp;das&nbsp;<strong>Olimp\u00edadas<\/strong>, das&nbsp;<strong>Paralimp\u00edadas<\/strong>&nbsp;e&nbsp;da&nbsp;<strong>Copa do Mundo<\/strong><\/p>\n\n\n\n<p>A jornalista Dina Barile \u00e9 um exemplo de supera\u00e7\u00e3o e determina\u00e7\u00e3o. Filha de imigrantes italianos que fugiram do caos p\u00f3s-guerra, viveu uma inf\u00e2ncia bem humilde, quando dependia de boas notas escolares para conseguir bolsas de estudos para poder estudar. Hoje, fala ingl\u00eas, italiano e espanhol e cursou duas faculdades: Bacharelado em Estat\u00edstica, na USP; e Ci\u00eancias Atuariais, na PUC. Prestou concurso para bolsa de mestrado na USP e passou em primeiro lugar, por\u00e9m, como tinha que trabalhar para seu pr\u00f3prio sustento e o da fam\u00edlia, desistiu da bolsa que exigia dedica\u00e7\u00e3o exclusiva.<\/p>\n\n\n\n<figure class=\"wp-block-image size-full\"><img width=\"443\" height=\"260\" src=\"https:\/\/vimagazine.com.br\/wp-content\/uploads\/2023\/03\/EstratosferaLimite.jpg\" alt=\"\" class=\"wp-image-8815\" srcset=\"https:\/\/vimagazine.com.br\/wp-content\/uploads\/2023\/03\/EstratosferaLimite.jpg 443w, https:\/\/vimagazine.com.br\/wp-content\/uploads\/2023\/03\/EstratosferaLimite-300x176.jpg 300w\" sizes=\"(max-width: 443px) 100vw, 443px\" \/><\/figure>\n\n\n\n<p>Dina est\u00e1 sempre querendo quebrar paradigmas. \u201cQuero estar \u00e0 frente do meu tempo\u201d, diz constantemente. Fascinada por novas experi\u00eancias e por conhecer mais, embarcou em um ca\u00e7a MIG 29, na base de Sokol, na R\u00fassia e se tornou a primeira e \u00fanica Mulher Brasileira a chegar \u00e0 Estratosfera. No dia seguinte, realizou um voo em gravidade zero.<\/p>\n\n\n\n<p><em>\u201cSempre gostei de quebrar paradigmas. &#8220;Quero estar \u00e0 frente do meu tempo&#8221;, digo constantemente. Fascinada por novas experi\u00eancias e por conhecer mais, embarquei recentemente em um ca\u00e7a MIG 29, na base de Sokol, na R\u00fassia&nbsp;<strong>e me tornei a primeira e \u00fanica Mulher Brasileira a chegar \u00e0 Estratosfera. No dia seguinte, realizei um voo em gravidade zero.<\/strong>&nbsp;\u201c<\/em><\/p>\n\n\n\n<p>Veja o v\u00eddeo dessas experi\u00eancias:&nbsp;<a href=\"https:\/\/www.youtube.com\/watch?v=JjfFMMsvxXo\" target=\"_blank\" rel=\"noreferrer noopener\"><strong>https:\/\/www.youtube.com\/watch?v=JjfFMMsvxXo<\/strong><\/a>&nbsp;&nbsp;<\/p>\n\n\n\n<p>Dina Barile \u00e9 uma sonhadora. Mas n\u00e3o dessas pessoas que vivem em um mundo imagin\u00e1rio, que n\u00e3o passa de desejo e de pura fantasia. \u00c9 que Dina \u00e9 tamb\u00e9m uma realizadora, especializada justamente nisso: concretizar aquilo que sonha!<\/p>\n\n\n\n<figure class=\"wp-block-image size-large\"><img width=\"1024\" height=\"682\" src=\"https:\/\/vimagazine.com.br\/wp-content\/uploads\/2023\/03\/EstratosferaBandeira-1024x682.jpg\" alt=\"\" class=\"wp-image-8816\" srcset=\"https:\/\/vimagazine.com.br\/wp-content\/uploads\/2023\/03\/EstratosferaBandeira-1024x682.jpg 1024w, https:\/\/vimagazine.com.br\/wp-content\/uploads\/2023\/03\/EstratosferaBandeira-300x200.jpg 300w, https:\/\/vimagazine.com.br\/wp-content\/uploads\/2023\/03\/EstratosferaBandeira-768x512.jpg 768w, https:\/\/vimagazine.com.br\/wp-content\/uploads\/2023\/03\/EstratosferaBandeira.jpg 1280w\" sizes=\"(max-width: 1024px) 100vw, 1024px\" \/><\/figure>\n\n\n\n<p>Jornalista&nbsp;apaixonada por turismo, j\u00e1 conheceu 139&nbsp;pa\u00edses. Em novembro de 2015, tornou-se primeira brasileira a viajar para a Estratosfera.&nbsp;E at\u00e9 hoje, foi a \u00fanica Brasileira a realizar essa fa\u00e7anha.&nbsp;Para a viagem at\u00e9 a&nbsp;Estratosfera, Dina precisou ir at\u00e9 a R\u00fassia. Tudo foi organizado pela empresa do astronauta brasileiro Marcos Pontes. Dina foi a 16.700&nbsp;metros&nbsp;da Terra, em um ca\u00e7a MIG 29. Fez diversas manobras de combate e foi submetida a uma for\u00e7a 7G (sete vezes o peso do seu corpo).<\/p>\n\n\n\n<p>Para isso, se preparou durantes seis meses com uma m\u00e9dica especializada em esportes radicais, tomou vitaminas, passou por v\u00e1rios exames e fez academia (o que detesta). \u201cSou a primeira brasileira a fazer essa emocionante viagem. Levei a bandeira nacional comigo, conta\u201d.<br><br>Logo em seguida,&nbsp;&nbsp;conquistou&nbsp;outro sonho: ser uma das pessoas escolhidas para carregar a Tocha Ol\u00edmpica. O \u201cconcurso\u201d, realizado pelo Comit\u00ea Ol\u00edmpico Brasileiro, foi apenas entre os 50 mil volunt\u00e1rios escolhidos para os Jogos. Cada volunt\u00e1rio que quis participar enviou um v\u00eddeo falando de suas motiva\u00e7\u00f5es e pedindo o voto.<\/p>\n\n\n\n<p>Foi escolhido apenas um volunt\u00e1rio em cada estado. Conseguiu! Dina, que trabalhou com volunt\u00e1ria na Copa do Mundo de 2014,&nbsp;foi&nbsp;a&nbsp;<strong>volunt\u00e1ria escolhida para conduzir a Tocha Ol\u00edmpica, como a representante de S\u00e3o Paulo<\/strong>, entre todos os inscritos para trabalhar como volunt\u00e1rios nos Jogos Ol\u00edmpicos do Rio de 2016.<br><br>Foram&nbsp;apenas 200 metros de percurso.&nbsp;Na ocasi\u00e3o, disse:&nbsp;\u201c\u00c9 um sonho que ser\u00e1 realizado. Sou apaixonada por esportes e levar a tocha me tornar\u00e1, de certa forma, al\u00e9m de volunt\u00e1ria, uma atleta desses jogos t\u00e3o importantes\u201d. A tocha ol\u00edmpica passou&nbsp;por 250 cidades de todo os estados brasileiros.&nbsp;Foram&nbsp;percorridos 20 mil quil\u00f4metros. Ao total, 10 mil pessoas carregaram&nbsp;a tocha.<\/p>\n\n\n\n<p>O grande sonho, paix\u00e3o e realiza\u00e7\u00e3o de Dina s\u00e3o as suas viagens. Os n\u00fameros impressionam, mas n\u00e3o revelam tudo: 139\u00a0pa\u00edses j\u00e1 \u00e9 muita coisa, mas para v\u00e1rios ela viajou diversas vezes. Podemos dizer que esteve 400 vezes em pa\u00edses fora do Brasil.<br><br>Durante os 30 anos em que trabalhou no banco Banespa, viajava sempre nas f\u00e9rias: uma vez por ano dentro do Brasil e no ano seguinte para o Exterior. Depois de aposentada, segue viajando muito. Conhece lugares instigantes e ex\u00f3ticos como But\u00e3o, \u00cdndia, Madagascar, Isl\u00e2ndia, Nam\u00edbia, Eti\u00f3pia, Tail\u00e2ndia, Ant\u00e1rtica e Tun\u00edsia. \u201cAmo viajar e conhecer lugares bonitos e instigantes, mas principalmente conhecer pessoas e culturas. \u00c9 o que mais me motiva\u201d, conta a jornalista, que criou um Portal, chamado Spot Life.\u00a0O link \u00e9\u00a0<a href=\"http:\/\/www.spotlife.com.br\/\" target=\"_blank\" rel=\"noreferrer noopener\"><strong>www.spotlife.com.br<\/strong><\/a><strong>.<br><\/strong><br>\u201cAp\u00f3s aposentar-me, montei um site para divulgar e ajudar ONGs e entidades assistenciais que n\u00e3o tinham verba para se promover. O site cresceu e agora \u00e9 um portal de variedades, onde falo de Gastronomia, Turismo, Moda, Comportamento, Beleza, Celebridades, Entretenimento, Esportes e Lifestyle\u201d, afirma.<\/p>\n\n\n\n<figure class=\"wp-block-image size-full\"><img width=\"641\" height=\"359\" src=\"https:\/\/vimagazine.com.br\/wp-content\/uploads\/2023\/03\/DiVelociddMaxima.png\" alt=\"\" class=\"wp-image-8817\" srcset=\"https:\/\/vimagazine.com.br\/wp-content\/uploads\/2023\/03\/DiVelociddMaxima.png 641w, https:\/\/vimagazine.com.br\/wp-content\/uploads\/2023\/03\/DiVelociddMaxima-300x168.png 300w\" sizes=\"(max-width: 641px) 100vw, 641px\" \/><\/figure>\n\n\n\n<p>Apesar de aventureira, Dina \u00e9 uma mulher discreta. Desde sempre aprendeu que a discri\u00e7\u00e3o e a seguran\u00e7a estavam acima de tudo e que n\u00e3o deveria correr riscos. E tamb\u00e9m precisou lutar contra a&nbsp;<strong>falta de autoestima<\/strong>. \u201cMeus pais eram muito humildes. E, com medo que eu ficasse mimada, nunca me elogiaram e nunca tomaram meu partido. Se algu\u00e9m brigasse comigo ou me batesse na escola, ao inv\u00e9s de ir l\u00e1 tomar satisfa\u00e7\u00e3o, como as m\u00e3es das minhas amigas faziam, minha m\u00e3e dizia: \u2018se voc\u00ea apanhou \u00e9 porque aprontou algo e mereceu\u2019. Eu era sempre a primeira da classe e mesmo do col\u00e9gio. Sempre tirava 10 em tudo, me matando de estudar. Se tirasse um 9,5, j\u00e1 n\u00e3o me conformava. Da\u00ed as pessoas me elogiavam para minha m\u00e3e, dizendo que eu era inteligente e ela respondia: \u201cela n\u00e3o \u00e9 inteligente, ela \u00e9 esfor\u00e7ada\u201d. At\u00e9 mesmo nos esportes eu me destaquei. Cheguei at\u00e9 a ganhar medalha de arremesso de peso\u201d! N\u00e3o tenho m\u00e1goas, porque sei que sempre me amaram e era a forma que achavam que era a melhor para mim. Ainda assim, sei que at\u00e9 hoje muito do que fa\u00e7o \u00e9 para ouvir que eu sou inteligente e capacitada; \u00e9 esperando que algu\u00e9m me reconhe\u00e7a\u201d, diz.<\/p>\n\n\n\n<p>Segundo o site Viajologia, Dina \u00e9 classificada como&nbsp;&nbsp;\u201c<strong>P\u00f3s Doutorada em Viajologia<\/strong>\u201d,&nbsp;&nbsp;\u201cJ\u00e1 conheci 23 estados em nosso lindo Pa\u00eds e quase 140 pa\u00edses, em todos os continentes, acumulando conhecimento atrav\u00e9s do contato direto com outras culturas\u201d, afirma, acrescentando que at\u00e9 fica surpresa com as suas conquistas. Quer exemplos? Dina celebrou anivers\u00e1rio na Ant\u00e1rtida em um ano e no Polo \u00c1rtico no outro, onde foi presenteada por bel\u00edssimas Auroras Boreais.<\/p>\n\n\n\n<p>Aos 66&nbsp;anos e solteira, adora viajar e \u00e9 aventureira, mas no amor prefere rela\u00e7\u00f5es est\u00e1veis. \u201cNo Brasil n\u00e3o tenho dado muita sorte com namorados, mas nos extremos at\u00e9 que me dou bem. Encontrei um namorado alem\u00e3o no Alaska e ficamos juntos por quatro anos e outro namorado, ingl\u00eas, na Ant\u00e1rtida com o qual&nbsp;fiquei 7 anos\u201d, revela.<\/p>\n\n\n\n<p>\u201cAdoro viajar e tenho paix\u00e3o pelos pa\u00edses que conheci, mas digo que o Brasil \u00e9 o pa\u00eds mais belo do mundo e o melhor lugar para se viver. Temos todos os atributos para ser&nbsp;o&nbsp;pa\u00eds mais visitado do planeta e transformar o turismo na nossa maior fonte de renda\u201d, afirma, acrescendo que se sente uma embaixadora volunt\u00e1ria do Brasil. \u201cQuero ser um agente transformador para que o Brasil atraia turistas e possamos trocar conhecimento, cultura e informa\u00e7\u00f5es. Sou determinada em divulgar o Pa\u00eds, incentivando todas as pessoas que conhe\u00e7o ao redor do mundo a vir conhec\u00ea-lo. Pode n\u00e3o ser muita coisa, mas adoro saber que fa\u00e7o a minha parte\u201d, finaliza.<\/p>\n\n\n\n<p>Estas s\u00e3o todas as redes sociais de Dina Barile.<\/p>\n\n\n\n<p><strong>INSTAGRAM:\u00a0@portalspotlife<br>FACEBOOK:<\/strong>\u00a0<a href=\"http:\/\/www.facebook.com\/portalspotlife\" target=\"_blank\" rel=\"noreferrer noopener\"><strong>www.facebook.com\/portalspotlife<\/strong><\/a><strong><br>TWITTER:\u00a0@portalspotlife<br>INSTAGRAM:\u00a0@dinabarile<br>FACEBOOK:<\/strong>\u00a0<a href=\"http:\/\/www.facebook.com\/dinambarile\" target=\"_blank\" rel=\"noreferrer noopener\"><strong>www.facebook.com\/dinambarile<\/strong><\/a><\/p>\n\n\n\n<p><\/p>\n","protected":false},"excerpt":{"rendered":"<p>Dina Barile, de 66 anos, \u00e9 a&nbsp;Primeira e \u00fanica Mulher Brasileira a ir para a&#8230;<\/p>\n","protected":false},"author":3,"featured_media":8814,"comment_status":"closed","ping_status":"open","sticky":false,"template":"","format":"standard","meta":{"om_disable_all_campaigns":false,"_monsterinsights_skip_tracking":false,"_monsterinsights_sitenote_active":false,"_monsterinsights_sitenote_note":"","_monsterinsights_sitenote_category":0,"spay_email":""},"categories":[1],"tags":[],"jetpack_featured_media_url":"https:\/\/vimagazine.com.br\/wp-content\/uploads\/2023\/03\/RankBrasil-e1677704259182.jpg","_links":{"self":[{"href":"https:\/\/vimagazine.com.br\/index.php?rest_route=\/wp\/v2\/posts\/8813"}],"collection":[{"href":"https:\/\/vimagazine.com.br\/index.php?rest_route=\/wp\/v2\/posts"}],"about":[{"href":"https:\/\/vimagazine.com.br\/index.php?rest_route=\/wp\/v2\/types\/post"}],"author":[{"embeddable":true,"href":"https:\/\/vimagazine.com.br\/index.php?rest_route=\/wp\/v2\/users\/3"}],"replies":[{"embeddable":true,"href":"https:\/\/vimagazine.com.br\/index.php?rest_route=%2Fwp%2Fv2%2Fcomments&post=8813"}],"version-history":[{"count":1,"href":"https:\/\/vimagazine.com.br\/index.php?rest_route=\/wp\/v2\/posts\/8813\/revisions"}],"predecessor-version":[{"id":8818,"href":"https:\/\/vimagazine.com.br\/index.php?rest_route=\/wp\/v2\/posts\/8813\/revisions\/8818"}],"wp:featuredmedia":[{"embeddable":true,"href":"https:\/\/vimagazine.com.br\/index.php?rest_route=\/wp\/v2\/media\/8814"}],"wp:attachment":[{"href":"https:\/\/vimagazine.com.br\/index.php?rest_route=%2Fwp%2Fv2%2Fmedia&parent=8813"}],"wp:term":[{"taxonomy":"category","embeddable":true,"href":"https:\/\/vimagazine.com.br\/index.php?rest_route=%2Fwp%2Fv2%2Fcategories&post=8813"},{"taxonomy":"post_tag","embeddable":true,"href":"https:\/\/vimagazine.com.br\/index.php?rest_route=%2Fwp%2Fv2%2Ftags&post=8813"}],"curies":[{"name":"wp","href":"https:\/\/api.w.org\/{rel}","templated":true}]}}